{"id":277,"date":"2018-10-08T18:34:23","date_gmt":"2018-10-08T16:34:23","guid":{"rendered":"http:\/\/yamieux.fr\/?p=277"},"modified":"2018-10-08T18:34:23","modified_gmt":"2018-10-08T16:34:23","slug":"ne-les-oublions-pas","status":"publish","type":"post","link":"https:\/\/aifonline.net\/?p=277","title":{"rendered":"Ne les oublions pas"},"content":{"rendered":"<p>Nous y arrivons, cette p\u00e9riode de f\u00eates vient de s\u2019\u00e9couler.<br \/>\nRoch Hachana, Yom Kippour, Soukot, Chemini Atseret, Simhat Thora, nous \u00e9tions tous des juifs \u00e0 notre fa\u00e7on mais nous \u00e9tions tous l\u00e0, n\u2019en d\u00e9plaise \u00e0 ceux qui pourraient reprocher \u00e0 d\u2019autres d\u2019\u00eatre des \u00ab\u00a0juifs de Kippour\u00a0\u00bb ou leur rappeler qu\u2019ils n\u2019avaient pas leur place r\u00e9serv\u00e9e \u00e0 la synagogue.<br \/>\nMais nous \u00e9tions tous partie prenante pour cette p\u00e9riode si riche pour chacun d\u2019entre nous, ne serait-ce que par l\u2019odeur de\u00a0nos mets de circonstance, sauvegard\u00e9s jalousement et h\u00e9rit\u00e9s de nos anciens.<br \/>\nMais nos anciens, \u00e9taient-ils toujours pr\u00e9sents\u00a0? Pas si s\u00fbr.<br \/>\nJ\u2019ai crois\u00e9 cette ann\u00e9e encore certains de mes coreligionnaires qui avaient oubli\u00e9 une visite voire m\u00eame un coup de fil \u00e0 leurs anciens, leurs parents, leurs a\u00efeux, parfois \u00e9loign\u00e9s ou en maison de retraite. Et quand on n\u2019a plus ses a\u00efeux ou m\u00eame ses parents, n\u2019a-t-on pas\u00a0une vieille tante, une lointaine cousine bien seule, un c\u0153ur \u00e0 r\u00e9chauffer\u00a0?<br \/>\nJe croyais que cela n\u2019existait pas chez les juifs mais h\u00e9las cela existe bel et bien. On oublie les anciens, on les oublie \u00e0 certaines p\u00e9riodes o\u00f9 la blessure se fait encore plus profonde.<br \/>\nEux qui nous ont tant donn\u00e9 \u00e0 commencer par ce que nous avons de plus pr\u00e9cieux, notre \u00e9ducation, seul bien v\u00e9ritablement transmissible.<br \/>\nEux qui nous ont tant appris par leur propre vie \u00e0 fonder un foyer.<br \/>\nEux qui nous rappellent qu\u2019ils auront toujours un enseignement, un conseil \u00e0 nous prodiguer.<br \/>\nEn cette p\u00e9riode de f\u00eates, j\u2019ai pens\u00e9, plus que jamais, que visiter nos anciens restait un moment unique. Je le vis pourtant chaque semaine quand je rends visite \u00e0 ma vieille maman, toujours chez elle et presque centenaire. Elle n\u2019y voit presque plus rien mais elle parle, se souvient, raconte, je d\u00e9c\u00e8le chez elle une hauteur de vue que je n\u2019ai sans doute pas.<br \/>\nAvec mon fr\u00e8re, nos enfants et nos petits-enfants, nous nous relayons pour lui r\u00e9chauffer le c\u0153ur, mais c\u2019est elle qui se soucie de notre bonheur qui est finalement sa seule raison d\u2019\u00eatre. Elle nous explique par son regard, son \u00e9coute et sa simplicit\u00e9, que seul notre bonheur peut faire le sien.<br \/>\nJe m\u2019interroge souvent sur ces enfants qui oublient leurs parents ou grands-parents et j\u2019essaie de trouver des raisons qui engendrent de telles attitudes mais je n\u2019en trouve pas.<br \/>\nEt s\u2019il devait y en avoir, n\u2019est-il pas le moment, celui de nos f\u00eates, pour faire abstraction de tout, de pardonner ce qui est somme toute si facilement pardonnable.<br \/>\nEt que dire des fr\u00e8res et s\u0153urs qui ne se parlent plus depuis des d\u00e9cennies\u00a0? L\u00e0 encore, pourrait-on qualifier certaines situations de drames parfois invisibles mais bien vivants pour nos anciens.<br \/>\nEssayons bien s\u00fbr d\u2019\u00eatre tol\u00e9rants mais parfois la col\u00e8re s\u2019exprime et je n\u2019ai pas assez de mots pour qualifier ceux qui auraient d\u00e9laiss\u00e9 nos anciens si ce n\u2019est que de croire \u00e0 un homicide involontaire pouvant entra\u00eener la mort sans intention de la donner.<\/p>\n<p><strong>Alain Kaminski<\/strong><br \/>\nSecr\u00e9taire g\u00e9n\u00e9ral de la F\u00e9d\u00e9ration des Soci\u00e9t\u00e9s Juives de France<\/p>\n<p><em>Initialement publi\u00e9 le lundi 8 octobre 2018<\/em><\/p>\n","protected":false},"excerpt":{"rendered":"<p>Nous y arrivons, cette p\u00e9riode de f\u00eates vient de s\u2019\u00e9couler. Roch Hachana, Yom Kippour, Soukot, Chemini Atseret, Simhat Thora, nous<\/p>\n","protected":false},"author":2,"featured_media":0,"comment_status":"open","ping_status":"open","sticky":false,"template":"","format":"standard","meta":{"_mi_skip_tracking":false,"_exactmetrics_sitenote_active":false,"_exactmetrics_sitenote_note":"","_exactmetrics_sitenote_category":0,"footnotes":""},"categories":[4],"tags":[],"table_tags":[],"_links":{"self":[{"href":"https:\/\/aifonline.net\/index.php?rest_route=\/wp\/v2\/posts\/277"}],"collection":[{"href":"https:\/\/aifonline.net\/index.php?rest_route=\/wp\/v2\/posts"}],"about":[{"href":"https:\/\/aifonline.net\/index.php?rest_route=\/wp\/v2\/types\/post"}],"author":[{"embeddable":true,"href":"https:\/\/aifonline.net\/index.php?rest_route=\/wp\/v2\/users\/2"}],"replies":[{"embeddable":true,"href":"https:\/\/aifonline.net\/index.php?rest_route=%2Fwp%2Fv2%2Fcomments&post=277"}],"version-history":[{"count":0,"href":"https:\/\/aifonline.net\/index.php?rest_route=\/wp\/v2\/posts\/277\/revisions"}],"wp:attachment":[{"href":"https:\/\/aifonline.net\/index.php?rest_route=%2Fwp%2Fv2%2Fmedia&parent=277"}],"wp:term":[{"taxonomy":"category","embeddable":true,"href":"https:\/\/aifonline.net\/index.php?rest_route=%2Fwp%2Fv2%2Fcategories&post=277"},{"taxonomy":"post_tag","embeddable":true,"href":"https:\/\/aifonline.net\/index.php?rest_route=%2Fwp%2Fv2%2Ftags&post=277"},{"taxonomy":"table_tags","embeddable":true,"href":"https:\/\/aifonline.net\/index.php?rest_route=%2Fwp%2Fv2%2Ftable_tags&post=277"}],"curies":[{"name":"wp","href":"https:\/\/api.w.org\/{rel}","templated":true}]}}