{"id":2772,"date":"2022-02-16T14:26:06","date_gmt":"2022-02-16T13:26:06","guid":{"rendered":"http:\/\/aifonline.net\/?p=2772"},"modified":"2022-02-16T14:47:10","modified_gmt":"2022-02-16T13:47:10","slug":"portrait-aaron-jakob-jacques-balsam-1910-1985","status":"publish","type":"post","link":"https:\/\/aifonline.net\/?p=2772","title":{"rendered":"Portrait : Aaron Jakob Jacques Balsam (1910-1985)"},"content":{"rendered":"<p>Hommage \u00e0 mon p\u00e8re Aaron Jakob Jacques Balsam<\/p>\n<p><em><strong>Par son fils Shlomo Balsam<\/strong><\/em><\/p>\n<figure id=\"attachment_2779\" aria-describedby=\"caption-attachment-2779\" style=\"width: 534px\" class=\"wp-caption aligncenter\"><img decoding=\"async\" loading=\"lazy\" class=\"wp-image-2779\" src=\"https:\/\/aifonline.net\/wp-content\/uploads\/2022\/01\/jacques_balsam_galiciens-1024x768.jpg\" alt=\"\" width=\"534\" height=\"400\" srcset=\"https:\/\/aifonline.net\/wp-content\/uploads\/2022\/01\/jacques_balsam_galiciens-1024x768.jpg 1024w, https:\/\/aifonline.net\/wp-content\/uploads\/2022\/01\/jacques_balsam_galiciens-300x225.jpg 300w, https:\/\/aifonline.net\/wp-content\/uploads\/2022\/01\/jacques_balsam_galiciens-768x576.jpg 768w, https:\/\/aifonline.net\/wp-content\/uploads\/2022\/01\/jacques_balsam_galiciens-600x450.jpg 600w, https:\/\/aifonline.net\/wp-content\/uploads\/2022\/01\/jacques_balsam_galiciens.jpg 1842w\" sizes=\"(max-width: 534px) 100vw, 534px\" \/><figcaption id=\"caption-attachment-2779\" class=\"wp-caption-text\">Jacques Balsam au micro, lors d&#8217;une r\u00e9union de la Soci\u00e9t\u00e9 Les Galiciens<\/figcaption><\/figure>\n<p>Jacques Balsam est n\u00e9 en 1910 en Pologne, en Galicie, dans le &#8216;shtetl&#8217; de Gorlice pas loin de Cracovie. Apr\u00e8s les troubles antis\u00e9mites en Pologne apr\u00e8s la premi\u00e8re guerre mondiale il vient vivre \u00e0 Paris en 1929 o\u00f9 sa s\u0153ur ain\u00e9e Haya Zema habite d\u00e9j\u00e0 depuis cinq ans.<\/p>\n<p>Haya Zema est la seconde femme de Jakob Einhorn et \u00e9l\u00e8ve cinq enfants qu&#8217;il a eu de sa premi\u00e8re femme, d\u00e9c\u00e9d\u00e9e, et deux enfants \u00e0 elle. Jacques Balsam va habiter chez eux et travailler avec Jakob Einhorn en fabriquant des objets en cuir : ballons, vestes, gants\u2026<\/p>\n<p>Jakob Einhorn est tr\u00e8s actif. Juif religieux il fonde en 1929 avec le Rabbin Israel Frankforter une synagogue au 24 de la rue du Bourg-Tibourg, dans le 4\u00e8me arrondissement de Paris.<\/p>\n<p>Mais Jakob Einhorn est \u00e9galement un des fondateurs, avec le m\u00eame rabbin Frankforter de la Soci\u00e9t\u00e9 des Galiciens. Une brochure de 1959 r\u00e9dig\u00e9e pour le trenti\u00e8me anniversaire de la Soci\u00e9t\u00e9 pr\u00e9cise :<\/p>\n<p>&#8221; L&#8217;ann\u00e9e 1929 marque le d\u00e9but de l&#8217;immigration massive des Juifs Galiciens vers la France. La crise \u00e9conomique de ce temps avait encore renforc\u00e9 l&#8217;antis\u00e9mitisme en Pologne. La France, pays de tol\u00e9rance, attirait les Juifs comme un souffle de libert\u00e9. Les nouveaux immigr\u00e9s rencontraient pourtant des difficult\u00e9s de tous ordres (surtout d&#8217;ordre \u00e9conomique), facilement compr\u00e9hensibles pour ces personnes d\u00e9plac\u00e9es. C&#8217;est ainsi que, dans le petit restaurant dirig\u00e9 par Mr Kopf, 29 rue du Roi de Sicile, un petit groupe s&#8217;effor\u00e7ait d&#8217;organiser une association qui les rassemblerait et les aiderait. Le comit\u00e9 d&#8217;initiative \u00e9tait compos\u00e9 des personnes suivantes : MM. Jakob Einhorn, Isaac Velger, Grossman, Turk, Aaron Kopf, Yossef Kopf, Simon Rotfeld, Avraham Scheitzer. En aout 1929, le comit\u00e9 d&#8217;initiative f\u00eet paraitre un appel destin\u00e9 aux immigr\u00e9s de Galicie, afin de cr\u00e9er une Soci\u00e9t\u00e9 de Secours Mutuel. Cet appel parut dans le &#8220;Pariser Heint&#8221;, quotidien juif d&#8217;avant-guerre. Gr\u00e2ce \u00e0 cet appel la Soci\u00e9t\u00e9 put bient\u00f4t tenir une r\u00e9union constitutive au caf\u00e9 &#8220;Canon&#8221;. L&#8217;organisation commen\u00e7a son activit\u00e9 et lors d&#8217;une assembl\u00e9e g\u00e9n\u00e9rale o\u00f9 sont pr\u00e9sents des nouveaux venus le premier Comit\u00e9 officiel est \u00e9lu. Jacob Einhorn est \u00e9lu vice -pr\u00e9sident et devient pr\u00e9sident en 1931 et le restera jusqu&#8217;en 1942, ann\u00e9e de sa d\u00e9portation \u00e0 Auschwitz.<\/p>\n<h4>Voici les statuts de la Soci\u00e9t\u00e9 :<\/h4>\n<ol>\n<li>Assurer aux membres actifs des secours m\u00e9dicaux<\/li>\n<li>Venir en aide aux membres ne pouvant travailler<\/li>\n<li>Venir en aide aux veuves et aux orphelins mineurs laiss\u00e9s par des membres actifs<\/li>\n<li>Pourvoir aux fun\u00e9railles de ses membres<\/li>\n<\/ol>\n<p>En dehors de ces buts tr\u00e8s pragmatiques, la Soci\u00e9t\u00e9 s&#8217;occupait \u00e9galement d&#8217;organiser des soir\u00e9es culturelles, o\u00f9 des artistes chantaient en yiddish\u2026<\/p>\n<p>Jakob Einhorn est assassin\u00e9 \u00e0 Auschwitz en aout 1942.<\/p>\n<figure id=\"attachment_2774\" aria-describedby=\"caption-attachment-2774\" style=\"width: 559px\" class=\"wp-caption aligncenter\"><img decoding=\"async\" loading=\"lazy\" class=\"wp-image-2774\" src=\"https:\/\/aifonline.net\/wp-content\/uploads\/2022\/01\/jacques_balsam_galiciens3-1024x733.jpg\" alt=\"\" width=\"559\" height=\"400\" srcset=\"https:\/\/aifonline.net\/wp-content\/uploads\/2022\/01\/jacques_balsam_galiciens3-1024x733.jpg 1024w, https:\/\/aifonline.net\/wp-content\/uploads\/2022\/01\/jacques_balsam_galiciens3-300x215.jpg 300w, https:\/\/aifonline.net\/wp-content\/uploads\/2022\/01\/jacques_balsam_galiciens3-768x550.jpg 768w, https:\/\/aifonline.net\/wp-content\/uploads\/2022\/01\/jacques_balsam_galiciens3.jpg 1352w\" sizes=\"(max-width: 559px) 100vw, 559px\" \/><figcaption id=\"caption-attachment-2774\" class=\"wp-caption-text\">R\u00e9union de la Soci\u00e9t\u00e9 Les Galiciens en 1936. Jakob Einhorn pr\u00e8s du drapeau<\/figcaption><\/figure>\n<p>Jacques Balsam pendant la guerre aura un long parcours de souffrances. Il \u00e9pouse en 1939 Dora Licht, arriv\u00e9e en France de Lublin en Pologne.<\/p>\n<figure id=\"attachment_2782\" aria-describedby=\"caption-attachment-2782\" style=\"width: 542px\" class=\"wp-caption aligncenter\"><img decoding=\"async\" loading=\"lazy\" class=\"wp-image-2782\" src=\"https:\/\/aifonline.net\/wp-content\/uploads\/2022\/01\/jacques_dora_balsam-1024x755.jpg\" alt=\"\" width=\"542\" height=\"400\" srcset=\"https:\/\/aifonline.net\/wp-content\/uploads\/2022\/01\/jacques_dora_balsam-1024x755.jpg 1024w, https:\/\/aifonline.net\/wp-content\/uploads\/2022\/01\/jacques_dora_balsam-300x221.jpg 300w, https:\/\/aifonline.net\/wp-content\/uploads\/2022\/01\/jacques_dora_balsam-768x566.jpg 768w, https:\/\/aifonline.net\/wp-content\/uploads\/2022\/01\/jacques_dora_balsam.jpg 1074w\" sizes=\"(max-width: 542px) 100vw, 542px\" \/><figcaption id=\"caption-attachment-2782\" class=\"wp-caption-text\">Dora et Jacques Balsam apr\u00e8s leur mariage<\/figcaption><\/figure>\n<p>Le couple s&#8217;enfuit en zone &#8220;libre&#8221;. Ils seront arr\u00eat\u00e9s. Dora sera enferm\u00e9e au camp de Nexon et Jacques au camp d&#8217;Egletons.<\/p>\n<figure id=\"attachment_2777\" aria-describedby=\"caption-attachment-2777\" style=\"width: 504px\" class=\"wp-caption aligncenter\"><img decoding=\"async\" loading=\"lazy\" class=\"wp-image-2777\" src=\"https:\/\/aifonline.net\/wp-content\/uploads\/2022\/01\/jacques_balsam-egletons2.jpg\" alt=\"\" width=\"504\" height=\"400\" srcset=\"https:\/\/aifonline.net\/wp-content\/uploads\/2022\/01\/jacques_balsam-egletons2.jpg 739w, https:\/\/aifonline.net\/wp-content\/uploads\/2022\/01\/jacques_balsam-egletons2-300x238.jpg 300w\" sizes=\"(max-width: 504px) 100vw, 504px\" \/><figcaption id=\"caption-attachment-2777\" class=\"wp-caption-text\">Carte de d\u00e9tenu au camp d&#8217;Egletons<\/figcaption><\/figure>\n<p>Il r\u00e9ussit \u00e0 s&#8217;enfuir de ce camp et essaie de faire sortir Dora de Nexon en pr\u00e9parant des fausses cartes d&#8217;identit\u00e9. Malheureusement il ne r\u00e9ussit pas : Dora est d\u00e9port\u00e9e et meurt \u00e0 Auschwitz. Jacques Balsam s&#8217;enfuit \u00e0 Lyon, puis \u00e0 Nice o\u00f9 gr\u00e2ce \u00e0 de faux papiers fournis par la R\u00e9sistance il parvient \u00e0 survivre et \u00e0 rejoindre les FFI gaullistes. Il survivra mais sa m\u00e8re et deux s\u0153urs rest\u00e9es en Pologne seront assassin\u00e9es \u00e0 Belzec, une s\u0153ur Sarah et sa famille et un fr\u00e8re Leiser seront d\u00e9port\u00e9s de France vers Auschwitz.<\/p>\n<figure id=\"attachment_2784\" aria-describedby=\"caption-attachment-2784\" style=\"width: 571px\" class=\"wp-caption aligncenter\"><img decoding=\"async\" loading=\"lazy\" class=\"wp-image-2784\" src=\"https:\/\/aifonline.net\/wp-content\/uploads\/2022\/01\/jacques_balsam_ffi-1024x718.jpg\" alt=\"\" width=\"571\" height=\"400\" srcset=\"https:\/\/aifonline.net\/wp-content\/uploads\/2022\/01\/jacques_balsam_ffi-1024x718.jpg 1024w, https:\/\/aifonline.net\/wp-content\/uploads\/2022\/01\/jacques_balsam_ffi-300x210.jpg 300w, https:\/\/aifonline.net\/wp-content\/uploads\/2022\/01\/jacques_balsam_ffi-768x538.jpg 768w, https:\/\/aifonline.net\/wp-content\/uploads\/2022\/01\/jacques_balsam_ffi.jpg 1538w\" sizes=\"(max-width: 571px) 100vw, 571px\" \/><figcaption id=\"caption-attachment-2784\" class=\"wp-caption-text\">Sauf conduit de Jacques Balsam des FFI<\/figcaption><\/figure>\n<figure id=\"attachment_2783\" aria-describedby=\"caption-attachment-2783\" style=\"width: 584px\" class=\"wp-caption aligncenter\"><img decoding=\"async\" loading=\"lazy\" class=\"wp-image-2783\" src=\"https:\/\/aifonline.net\/wp-content\/uploads\/2022\/01\/jacques_balsam_ffi2-1024x702.jpg\" alt=\"\" width=\"584\" height=\"400\" srcset=\"https:\/\/aifonline.net\/wp-content\/uploads\/2022\/01\/jacques_balsam_ffi2-1024x702.jpg 1024w, https:\/\/aifonline.net\/wp-content\/uploads\/2022\/01\/jacques_balsam_ffi2-300x206.jpg 300w, https:\/\/aifonline.net\/wp-content\/uploads\/2022\/01\/jacques_balsam_ffi2-768x526.jpg 768w, https:\/\/aifonline.net\/wp-content\/uploads\/2022\/01\/jacques_balsam_ffi2.jpg 1039w\" sizes=\"(max-width: 584px) 100vw, 584px\" \/><figcaption id=\"caption-attachment-2783\" class=\"wp-caption-text\">Sauf conduit de Jacques Balsam des FFI<\/figcaption><\/figure>\n<figure id=\"attachment_2780\" aria-describedby=\"caption-attachment-2780\" style=\"width: 296px\" class=\"wp-caption aligncenter\"><img decoding=\"async\" loading=\"lazy\" class=\"wp-image-2780\" src=\"https:\/\/aifonline.net\/wp-content\/uploads\/2022\/01\/sarah_balsam_enfants.jpg\" alt=\"\" width=\"296\" height=\"400\" srcset=\"https:\/\/aifonline.net\/wp-content\/uploads\/2022\/01\/sarah_balsam_enfants.jpg 535w, https:\/\/aifonline.net\/wp-content\/uploads\/2022\/01\/sarah_balsam_enfants-222x300.jpg 222w\" sizes=\"(max-width: 296px) 100vw, 296px\" \/><figcaption id=\"caption-attachment-2780\" class=\"wp-caption-text\">Sarah Kornfeld, une s\u0153ur de Jacques Balsam et ses trois enfants Helene, Anna et Shlomo tous assassin\u00e9s \u00e0 Auschwitz<\/figcaption><\/figure>\n<p>Apr\u00e8s la guerre mon p\u00e8re \u00e9pousera en secondes noces Myriam Einhorn, une des filles du premier mariage de Jakob Einhorn, son beau-fr\u00e8re. Myriam, ma m\u00e8re, membre avant la guerre de mouvements de jeunesse sionistes, monte en Palestine britannique en 1936, sera parmi les fondateurs du kibboutz Glil Yam, pr\u00e8s de Herzliya. En 1942, Myriam s&#8217;engagera dans la Brigade Juive de l&#8217;arm\u00e9e britannique contre l&#8217;arm\u00e9e de Rommel en Afrique du Nord.<\/p>\n<figure id=\"attachment_2781\" aria-describedby=\"caption-attachment-2781\" style=\"width: 370px\" class=\"wp-caption aligncenter\"><img decoding=\"async\" loading=\"lazy\" class=\"wp-image-2781\" src=\"https:\/\/aifonline.net\/wp-content\/uploads\/2022\/01\/myriam_einhorn.jpg\" alt=\"\" width=\"370\" height=\"400\" srcset=\"https:\/\/aifonline.net\/wp-content\/uploads\/2022\/01\/myriam_einhorn.jpg 826w, https:\/\/aifonline.net\/wp-content\/uploads\/2022\/01\/myriam_einhorn-277x300.jpg 277w, https:\/\/aifonline.net\/wp-content\/uploads\/2022\/01\/myriam_einhorn-768x831.jpg 768w\" sizes=\"(max-width: 370px) 100vw, 370px\" \/><figcaption id=\"caption-attachment-2781\" class=\"wp-caption-text\">Myriam Einhorn en uniforme de soldate britannique.<\/figcaption><\/figure>\n<p>Jacques Balsam a \u00e9crit une lettre \u00e0 Myriam apr\u00e8s la guerre pour lui demander de fonder une deuxi\u00e8me famille. Elle accepta, vint en France et\u2026 je suis n\u00e9 en 1948.<\/p>\n<p>Nous habitions au 51 rue de Paradis et Jacques ouvrit un magasin de gants rue Michel le Comte que beaucoup ont bien connu.<\/p>\n<p>Mais un des centres de notre monde \u00e9tait la Soci\u00e9t\u00e9 des Galiciens. Chaque dimanche matin, le Comit\u00e9 reconstitu\u00e9 se r\u00e9unissait chez nous, rue de Paradis. Jacques devint le nouveau pr\u00e9sident. Chaque semaine, je les voyais pr\u00e9parer la prochaine r\u00e9union culturelle, la prochaine comm\u00e9moration au cimeti\u00e8re de Bagneux. Je me souviens du jour o\u00f9 le monument aux morts y fut profan\u00e9 par des n\u00e9o-nazis avec des graffitis de croix-gamm\u00e9es\u2026<\/p>\n<figure id=\"attachment_2775\" aria-describedby=\"caption-attachment-2775\" style=\"width: 714px\" class=\"wp-caption aligncenter\"><img decoding=\"async\" loading=\"lazy\" class=\"wp-image-2775\" src=\"https:\/\/aifonline.net\/wp-content\/uploads\/2022\/01\/jacques_balsam_bagneux2.jpg\" alt=\"\" width=\"714\" height=\"400\" srcset=\"https:\/\/aifonline.net\/wp-content\/uploads\/2022\/01\/jacques_balsam_bagneux2.jpg 844w, https:\/\/aifonline.net\/wp-content\/uploads\/2022\/01\/jacques_balsam_bagneux2-300x168.jpg 300w, https:\/\/aifonline.net\/wp-content\/uploads\/2022\/01\/jacques_balsam_bagneux2-768x430.jpg 768w\" sizes=\"(max-width: 714px) 100vw, 714px\" \/><figcaption id=\"caption-attachment-2775\" class=\"wp-caption-text\">Les Galiciens au cimeti\u00e8re de Bagneux<\/figcaption><\/figure>\n<figure id=\"attachment_2776\" aria-describedby=\"caption-attachment-2776\" style=\"width: 600px\" class=\"wp-caption aligncenter\"><img decoding=\"async\" loading=\"lazy\" class=\"wp-image-2776\" src=\"https:\/\/aifonline.net\/wp-content\/uploads\/2022\/01\/jacques_balsam_bagneux.jpg\" alt=\"\" width=\"600\" height=\"400\" srcset=\"https:\/\/aifonline.net\/wp-content\/uploads\/2022\/01\/jacques_balsam_bagneux.jpg 905w, https:\/\/aifonline.net\/wp-content\/uploads\/2022\/01\/jacques_balsam_bagneux-300x200.jpg 300w, https:\/\/aifonline.net\/wp-content\/uploads\/2022\/01\/jacques_balsam_bagneux-768x512.jpg 768w\" sizes=\"(max-width: 600px) 100vw, 600px\" \/><figcaption id=\"caption-attachment-2776\" class=\"wp-caption-text\">Cimeti\u00e8re de Bagneux<\/figcaption><\/figure>\n<p>Je me souviens de mon p\u00e8re, pr\u00e9parant longuement ses discours, en yiddish bien s\u00fbr. Car chez les Galiciens, on adorait le yiddish et moi j&#8217;adorais les soir\u00e9es organis\u00e9es par la Soci\u00e9t\u00e9. Dans les salles du restaurant Eden, Boulevard Bonne Nouvelle, on portait des toasts en yiddish, on chantait en yiddish, les artistes du th\u00e9\u00e2tre yiddish d\u00e9clamaient des po\u00e8mes et des tirades en yiddish. J&#8217;aimais \u00e9couter, souvent sans comprendre tout, les sketches de Djigan et Shumacher au th\u00e9\u00e2tre du Bataclan. Et puis je retrouvais les enfants des membres de la Soci\u00e9t\u00e9. Pendant les soir\u00e9es de &#8220;gala&#8221;, on faisait les fous, courant entre les tables.<\/p>\n<figure id=\"attachment_2778\" aria-describedby=\"caption-attachment-2778\" style=\"width: 528px\" class=\"wp-caption aligncenter\"><img decoding=\"async\" loading=\"lazy\" class=\"wp-image-2778\" src=\"https:\/\/aifonline.net\/wp-content\/uploads\/2022\/01\/jacques_balsam_galiciens2-1024x775.jpg\" alt=\"\" width=\"528\" height=\"400\" srcset=\"https:\/\/aifonline.net\/wp-content\/uploads\/2022\/01\/jacques_balsam_galiciens2-1024x775.jpg 1024w, https:\/\/aifonline.net\/wp-content\/uploads\/2022\/01\/jacques_balsam_galiciens2-300x227.jpg 300w, https:\/\/aifonline.net\/wp-content\/uploads\/2022\/01\/jacques_balsam_galiciens2-768x582.jpg 768w, https:\/\/aifonline.net\/wp-content\/uploads\/2022\/01\/jacques_balsam_galiciens2.jpg 1829w\" sizes=\"(max-width: 528px) 100vw, 528px\" \/><figcaption id=\"caption-attachment-2778\" class=\"wp-caption-text\">R\u00e9union de la Soci\u00e9t\u00e9 Les Galiciens<\/figcaption><\/figure>\n<p>Personne ne nous criait dessus, bien au contraire. Ces adultes qui avaient \u00e9t\u00e9 priv\u00e9s de leurs jeunesse \u00e9taient fiers et heureux de cette nouvelle g\u00e9n\u00e9ration.<\/p>\n<p>Jacques Balsam est d\u00e9c\u00e9d\u00e9 en 1985. Que sa m\u00e9moire soit b\u00e9nie.<\/p>\n","protected":false},"excerpt":{"rendered":"<p>Hommage \u00e0 mon p\u00e8re Aaron Jakob Jacques Balsam Par son fils Shlomo Balsam Jacques Balsam est n\u00e9 en 1910 en<\/p>\n","protected":false},"author":1,"featured_media":0,"comment_status":"open","ping_status":"open","sticky":false,"template":"","format":"standard","meta":{"_mi_skip_tracking":false,"_exactmetrics_sitenote_active":false,"_exactmetrics_sitenote_note":"","_exactmetrics_sitenote_category":0,"footnotes":""},"categories":[84],"tags":[],"table_tags":[],"_links":{"self":[{"href":"https:\/\/aifonline.net\/index.php?rest_route=\/wp\/v2\/posts\/2772"}],"collection":[{"href":"https:\/\/aifonline.net\/index.php?rest_route=\/wp\/v2\/posts"}],"about":[{"href":"https:\/\/aifonline.net\/index.php?rest_route=\/wp\/v2\/types\/post"}],"author":[{"embeddable":true,"href":"https:\/\/aifonline.net\/index.php?rest_route=\/wp\/v2\/users\/1"}],"replies":[{"embeddable":true,"href":"https:\/\/aifonline.net\/index.php?rest_route=%2Fwp%2Fv2%2Fcomments&post=2772"}],"version-history":[{"count":11,"href":"https:\/\/aifonline.net\/index.php?rest_route=\/wp\/v2\/posts\/2772\/revisions"}],"predecessor-version":[{"id":2888,"href":"https:\/\/aifonline.net\/index.php?rest_route=\/wp\/v2\/posts\/2772\/revisions\/2888"}],"wp:attachment":[{"href":"https:\/\/aifonline.net\/index.php?rest_route=%2Fwp%2Fv2%2Fmedia&parent=2772"}],"wp:term":[{"taxonomy":"category","embeddable":true,"href":"https:\/\/aifonline.net\/index.php?rest_route=%2Fwp%2Fv2%2Fcategories&post=2772"},{"taxonomy":"post_tag","embeddable":true,"href":"https:\/\/aifonline.net\/index.php?rest_route=%2Fwp%2Fv2%2Ftags&post=2772"},{"taxonomy":"table_tags","embeddable":true,"href":"https:\/\/aifonline.net\/index.php?rest_route=%2Fwp%2Fv2%2Ftable_tags&post=2772"}],"curies":[{"name":"wp","href":"https:\/\/api.w.org\/{rel}","templated":true}]}}