{"id":279,"date":"2018-09-20T18:35:11","date_gmt":"2018-09-20T16:35:11","guid":{"rendered":"http:\/\/yamieux.fr\/?p=279"},"modified":"2018-09-20T18:35:11","modified_gmt":"2018-09-20T16:35:11","slug":"au-revoir-chere-marceline","status":"publish","type":"post","link":"https:\/\/aifonline.net\/?p=279","title":{"rendered":"Au revoir ch\u00e8re Marceline"},"content":{"rendered":"<p>Marceline, elle \u00e9tait toute petite mais si grande.<br \/>\nPendant quelques d\u00e9cennies, j\u2019ai accompagn\u00e9 mon p\u00e8re chaque premier jeudi du mois pour ce d\u00eener de l\u2019UNDIVG, l\u2019Union Nationale des D\u00e9port\u00e9s, Intern\u00e9s et Victimes de Guerre.<br \/>\nMarceline en \u00e9tait membre et tr\u00e8s assidue.<br \/>\nC\u2019\u00e9tait \u00e0 la brasserie de l\u2019H\u00f4tel Lutetia, quel symbole.<br \/>\nNous partagions une table au fond de la brasserie, un espace nous \u00e9tait privatis\u00e9 et ce rendez-vous mensuel \u00e9tait immanquable. Il y avait Marceline, Nathan Rutta, Elie Buszyn, mon p\u00e8re et d\u2019autres anciens d\u00e9port\u00e9s. Chaque ann\u00e9e, un ancien d\u00e9port\u00e9 nous quittait et son d\u00e9part laissait un vide qu\u2019on ne pouvait combler, un vide d\u00e9chirant pour tous comme le fut le d\u00e9part de mon p\u00e8re il y a sept ans.<br \/>\nMarceline animait souvent les d\u00e9bats avant de s\u2019attabler, au moment de l\u2019ap\u00e9ritif.<br \/>\nElle aimait bien parler Marceline et elle aimait bien les ap\u00e9ritifs Marceline, et on l\u2019aimait bien Marceline. A la fin du repas, une coupe de champagne, ce n\u2019\u00e9tait pas de refus. Apr\u00e8s tout, elle en avait vu d\u2019autres Marceline, alors encore un petit verre de plus, une \u00e9ni\u00e8me cigarette en partant, sa vie lui appartenait mais, insistait-elle, le r\u00e9cit de sa vie elle le partagerait jusqu\u2019\u00e0 son dernier souffle. Et c\u2019est ce qu\u2019elle fit.<br \/>\nElle est partie Marceline, je croyais qu\u2019apr\u00e8s le d\u00e9part de son amie Simone Veil, elle ne partirait jamais. J&#8217;ai eu l\u2019impression que l\u2019immortalit\u00e9 pouvait exister et que telle serait sa r\u00e9compense de l\u2019Histoire. Je me suis dit qu\u2019elle avait peut-\u00eatre promis \u00e0 son amie Simone, \u00e0 Nathan, \u00e0 Elie, ou \u00e0 mon p\u00e8re qu\u2019elle ne partirait pas.<br \/>\nMais elle est partie au moment o\u00f9 l\u2019on ne s\u2019y attendait pas car on l\u2019avait vue si r\u00e9cemment sur tous les plateaux de t\u00e9l\u00e9vision. Elle nous quitte sans pr\u00e9avis, elle qui savait pourtant qu\u2019\u00e0 chaque d\u00e9part d\u2019un ancien d\u00e9port\u00e9, la g\u00e9n\u00e9ration suivante se trouverait investie d\u2019une mission paraissant un poids bien lourd \u00e0 porter.<br \/>\nUn soir, nous \u00e9tions \u00e0 table dans cette c\u00e9l\u00e8bre brasserie et je lui racontais ce moment si \u00e9mouvant que j\u2019avais v\u00e9cu lors d\u2019une c\u00e9r\u00e9monie comm\u00e9morative au M\u00e9morial de la Shoah.<br \/>\nJ\u2019\u00e9tais aux c\u00f4t\u00e9s de mon p\u00e8re qui me pr\u00e9senta \u00e0 Simone Veil, lui disant simplement \u00ab\u00a0 C\u2019est mon fils Madame Veil\u00a0\u00bb. Elle s\u2019approcha alors de moi et me dit\u00a0:\u00a0\u00ab\u00a0Vous ne pourrez jamais t\u00e9moigner de ce que vous n\u2019avez pas v\u00e9cu mais restez toujours le t\u00e9moin d\u2019un t\u00e9moin\u00a0\u00bb.<br \/>\nL\u2019\u00e9motion de l\u2019instant et le trouble du moment firent de mon silence une sorte d\u2019acquiescement.<br \/>\nD\u00e9sormais, les moments pass\u00e9s avec Marceline me rappellent \u00e0 l\u2019ordre et m\u2019impr\u00e8gnent fortement de cette mission, de ces mots de Simone Veil, \u00eatre le t\u00e9moin d\u2019un t\u00e9moin.<br \/>\nC\u2019est promis Marceline.<\/p>\n<p><strong>Alain Kaminski<\/strong><br \/>\nSecr\u00e9taire g\u00e9n\u00e9ral de la F\u00e9d\u00e9ration des Soci\u00e9t\u00e9s Juives de France<\/p>\n<p><em>Paru dans Actualit\u00e9 Juive le 20 septembre 2018<\/em><\/p>\n","protected":false},"excerpt":{"rendered":"<p>Marceline, elle \u00e9tait toute petite mais si grande. Pendant quelques d\u00e9cennies, j\u2019ai accompagn\u00e9 mon p\u00e8re chaque premier jeudi du mois<\/p>\n","protected":false},"author":2,"featured_media":0,"comment_status":"open","ping_status":"open","sticky":false,"template":"","format":"standard","meta":{"_mi_skip_tracking":false,"_exactmetrics_sitenote_active":false,"_exactmetrics_sitenote_note":"","_exactmetrics_sitenote_category":0,"footnotes":""},"categories":[4],"tags":[],"table_tags":[],"_links":{"self":[{"href":"https:\/\/aifonline.net\/index.php?rest_route=\/wp\/v2\/posts\/279"}],"collection":[{"href":"https:\/\/aifonline.net\/index.php?rest_route=\/wp\/v2\/posts"}],"about":[{"href":"https:\/\/aifonline.net\/index.php?rest_route=\/wp\/v2\/types\/post"}],"author":[{"embeddable":true,"href":"https:\/\/aifonline.net\/index.php?rest_route=\/wp\/v2\/users\/2"}],"replies":[{"embeddable":true,"href":"https:\/\/aifonline.net\/index.php?rest_route=%2Fwp%2Fv2%2Fcomments&post=279"}],"version-history":[{"count":0,"href":"https:\/\/aifonline.net\/index.php?rest_route=\/wp\/v2\/posts\/279\/revisions"}],"wp:attachment":[{"href":"https:\/\/aifonline.net\/index.php?rest_route=%2Fwp%2Fv2%2Fmedia&parent=279"}],"wp:term":[{"taxonomy":"category","embeddable":true,"href":"https:\/\/aifonline.net\/index.php?rest_route=%2Fwp%2Fv2%2Fcategories&post=279"},{"taxonomy":"post_tag","embeddable":true,"href":"https:\/\/aifonline.net\/index.php?rest_route=%2Fwp%2Fv2%2Ftags&post=279"},{"taxonomy":"table_tags","embeddable":true,"href":"https:\/\/aifonline.net\/index.php?rest_route=%2Fwp%2Fv2%2Ftable_tags&post=279"}],"curies":[{"name":"wp","href":"https:\/\/api.w.org\/{rel}","templated":true}]}}