{"id":281,"date":"2018-09-02T18:36:43","date_gmt":"2018-09-02T16:36:43","guid":{"rendered":"http:\/\/yamieux.fr\/?p=281"},"modified":"2018-09-02T18:36:43","modified_gmt":"2018-09-02T16:36:43","slug":"mais-ou-etiez-vous-monsieur-hulot","status":"publish","type":"post","link":"https:\/\/aifonline.net\/?p=281","title":{"rendered":"Mais o\u00f9 \u00e9tiez-vous Monsieur Hulot ?"},"content":{"rendered":"<p>La d\u00e9mission du gouvernement de Nicolas Hulot \u00e9tait in\u00e9vitable car il ne pouvait plus se d\u00e9rober, se mentir \u00e0 lui-m\u00eame comme il l\u2019a tr\u00e8s sinc\u00e8rement d\u00e9clar\u00e9, il lui fallut se mettre en ad\u00e9quation avec ses valeurs personnelles.<br \/>\nNicolas Hulot, comme le pense une large majorit\u00e9 de Fran\u00e7ais, est un homme respectable et respect\u00e9 et ce qu\u2019avancent tous ses adversaires politiques n\u2019est qu\u2019argumentum ad personam.<br \/>\nSi nous n\u2019avons pas de grands d\u00e9fenseurs de la plan\u00e8te, qu\u2019allons-nous laisser \u00e0 nos enfants, \u00e0 nos petits-enfants\u00a0? J\u2019en fr\u00e9mis d\u00e9j\u00e0.<br \/>\nMais comme beaucoup d\u2019\u00e9cologistes, Nicolas Hulot s\u2019est laiss\u00e9 attirer par le chant des sir\u00e8nes de la politique, faisant de lui un homme dont la parole fut rapidement musel\u00e9e.<br \/>\nL\u2019\u00e9cologie reste une doctrine visant \u00e0 un meilleur \u00e9quilibre entre l\u2019homme et son environnement et la protection d\u2019icelui, et \u00e0 ce sujet nous sommes d\u00e9j\u00e0 dans l\u2019urgence.<br \/>\nC\u2019est pour cela qu\u2019il eut \u00e9t\u00e9 plus ais\u00e9 qu\u2019il rest\u00e2t en dehors des arcanes politiques pour lancer ses alertes.<br \/>\nC\u2019est pour cela qu\u2019une juste remarque pourrait lui \u00eatre adress\u00e9e sans toutefois se livrer \u00e0 une st\u00e9rile attaque ad hominem.<br \/>\nIl fut ministre d\u2019Etat d\u2019un membre de l\u2019Union europ\u00e9enne et non des moindres avec le statut qui fut le sien et l\u2019influence du personnage tr\u00e8s m\u00e9diatique que l\u2019on lui reconna\u00eet et pourtant\u2026<br \/>\n\u00ab\u00a0En m\u00eame temps\u00a0\u00bb, 3000 hectares de terres vari\u00e9es dont la moiti\u00e9 sur des r\u00e9serves naturelles sont partis en fum\u00e9e en Isra\u00ebl ces derniers mois \u00e0 cause des mouvements de terreur du Hamas. Les cerfs-volants charg\u00e9s de bombes incendiaires ont an\u00e9anti le crat\u00e8re de Beeri recouvert d\u2019herbes vertes et parsem\u00e9 d\u2019an\u00e9mones rouges, l\u2019une des r\u00e9gions les plus pittoresques du Proche-Orient.<br \/>\nDe nombreuses esp\u00e8ces sauvages ont \u00e9t\u00e9 d\u00e9cim\u00e9es, mortes dans les flammes, et 500 hectares de terres agricoles ont \u00e9t\u00e9 d\u00e9truits, avec les cons\u00e9quences incalculables pour l\u2019\u00e9cologie de la r\u00e9gion.<br \/>\nVoil\u00e0 l\u2019exemple m\u00eame d\u2019actes de terreur sans pr\u00e9c\u00e9dent contre la nature et notre ministre d\u2019Etat qui a su \u00eatre sur bien d\u2019autres chantiers comme la d\u00e9forestation amazonienne n\u2019a pas sourcill\u00e9 contre ceux qui mettent le feu aux terres d\u2019Isra\u00ebl.<br \/>\nOn ne l\u2019a pas entendu, les arbres d\u2019Isra\u00ebl peuvent sans doute br\u00fbler dans l\u2018indiff\u00e9rence totale de notre vieille Europe.<br \/>\nPourquoi n\u2019a-t- il pas relanc\u00e9, \u00e0 ce moment \u00e0 tout le moins, ce formidable projet de faire reconna\u00eetre le crime international d\u2019\u00e9cocide \u00e0 l\u2019\u00e9gard duquel la Cour p\u00e9nale internationale pourrait \u00eatre comp\u00e9tente\u00a0?<br \/>\nO\u00f9 \u00e9tait notre ministre d\u2019Etat pendant que les terroristes du Hamas s\u2019attaquaient \u00e0 la nature\u00a0?<br \/>\nSans doute r\u00e9duit au silence au sein du gouvernement, ce qu\u2019il l\u2019excuse peu ou prou.<br \/>\nQuant aux autres pseudo-\u00e9cologistes qui ont d\u00e9laiss\u00e9 depuis bien longtemps l\u2019\u00e9cologie pour la politique, il y a quelques d\u00e9cennies que nous n\u2019attendons plus rien d\u2019eux, drap\u00e9s de leur antisionisme et pour certains d\u2019une bonne dose d\u2019antis\u00e9mitisme, c\u2019est dire que leurs d\u00e9cors de vitrine est bien connu de tous.<br \/>\nEsp\u00e9rons cependant qu\u2019avec sa libert\u00e9 de parole retrouv\u00e9e, Nicolas Hulot aura ce regard n\u00e9cessaire sur les \u00e9v\u00e9nements cit\u00e9s supra et n\u2019h\u00e9sitons pas avec force et vigueur \u00e0 interpeller son successeur si le terrorisme poursuit en Isra\u00ebl ses odieux crimes contre la plan\u00e8te.<\/p>\n<p><strong>Alain Kaminski<\/strong><br \/>\nSecr\u00e9taire g\u00e9n\u00e9ral de la F\u00e9d\u00e9ration des Soci\u00e9t\u00e9s Juives de France<\/p>\n<p><em>Paru dans Actualit\u00e9 Juive le 2 septembre 2018<\/em><\/p>\n","protected":false},"excerpt":{"rendered":"<p>La d\u00e9mission du gouvernement de Nicolas Hulot \u00e9tait in\u00e9vitable car il ne pouvait plus se d\u00e9rober, se mentir \u00e0 lui-m\u00eame<\/p>\n","protected":false},"author":2,"featured_media":0,"comment_status":"open","ping_status":"open","sticky":false,"template":"","format":"standard","meta":{"_mi_skip_tracking":false,"_exactmetrics_sitenote_active":false,"_exactmetrics_sitenote_note":"","_exactmetrics_sitenote_category":0,"footnotes":""},"categories":[4],"tags":[],"table_tags":[],"_links":{"self":[{"href":"https:\/\/aifonline.net\/index.php?rest_route=\/wp\/v2\/posts\/281"}],"collection":[{"href":"https:\/\/aifonline.net\/index.php?rest_route=\/wp\/v2\/posts"}],"about":[{"href":"https:\/\/aifonline.net\/index.php?rest_route=\/wp\/v2\/types\/post"}],"author":[{"embeddable":true,"href":"https:\/\/aifonline.net\/index.php?rest_route=\/wp\/v2\/users\/2"}],"replies":[{"embeddable":true,"href":"https:\/\/aifonline.net\/index.php?rest_route=%2Fwp%2Fv2%2Fcomments&post=281"}],"version-history":[{"count":0,"href":"https:\/\/aifonline.net\/index.php?rest_route=\/wp\/v2\/posts\/281\/revisions"}],"wp:attachment":[{"href":"https:\/\/aifonline.net\/index.php?rest_route=%2Fwp%2Fv2%2Fmedia&parent=281"}],"wp:term":[{"taxonomy":"category","embeddable":true,"href":"https:\/\/aifonline.net\/index.php?rest_route=%2Fwp%2Fv2%2Fcategories&post=281"},{"taxonomy":"post_tag","embeddable":true,"href":"https:\/\/aifonline.net\/index.php?rest_route=%2Fwp%2Fv2%2Ftags&post=281"},{"taxonomy":"table_tags","embeddable":true,"href":"https:\/\/aifonline.net\/index.php?rest_route=%2Fwp%2Fv2%2Ftable_tags&post=281"}],"curies":[{"name":"wp","href":"https:\/\/api.w.org\/{rel}","templated":true}]}}