{"id":2821,"date":"2022-02-16T14:35:22","date_gmt":"2022-02-16T13:35:22","guid":{"rendered":"http:\/\/aifonline.net\/?p=2821"},"modified":"2022-02-16T14:35:22","modified_gmt":"2022-02-16T13:35:22","slug":"les-patronymes-si-casa-metait-conte","status":"publish","type":"post","link":"https:\/\/aifonline.net\/?p=2821","title":{"rendered":"Les patronymes : Si Casa m&#8217;\u00e9tait cont\u00e9"},"content":{"rendered":"<p><em><strong>Par Alain Kaminski<\/strong><\/em><\/p>\n<p>Je m\u2019en souviens comme si c\u2019\u00e9tait hier. Mon regrett\u00e9 beau-p\u00e8re Meyer Banon me racontait son Maroc ador\u00e9 et en particulier cette Casablanca qui ne s\u2019\u00e9tait jamais \u00e9loign\u00e9e de son c\u0153ur.<br \/>\nLa ponctuation de ses histoires \u00e9taient les noms de tous ses amis, ses proches. Il y avait des familles pour lesquelles il se faisait l\u2019historien, d\u2019autres dont il \u00e9tait le v\u00e9ritable biographe. Il me mettait en garde pour bien retenir que les <strong>Essebag<\/strong> pouvaient \u00eatre des <strong>Sebag<\/strong>, des <strong>Sabagh<\/strong>, des <strong>Assabag<\/strong>, des <strong>Essebakh<\/strong> ou plus rarement des <strong>Assbakh<\/strong> et que tous signifiaient en arabe la teinture, un m\u00e9tier tr\u00e8s r\u00e9pandu chez les juifs. Donner de la couleur aux \u00e9toffes \u00e9tait un art, une sp\u00e9cialit\u00e9 juive depuis des si\u00e8cles en Afrique du Nord. Et d\u2019ajouter qu\u2019une grande famille de rabbins avait parmi eux des <strong>Sebag<\/strong> \u00e0 Mekn\u00e8s, \u00e0 Mogador et \u00e0 Safi et que l\u2019un d\u2019entre eux, Chlomo <strong>Sebag<\/strong>, s\u2019installa en Angleterre \u00e0 la fin du XIX\u00e8me si\u00e8cle pour parfaire l\u2019instruction religieuse des enfants de la Perfide d\u2019Albion.<br \/>\nIl n\u2019oubliait sa sympathie pour la famille <strong>Fhal<\/strong>, viril en arabe, bien connue pour les p\u00e2tisseries de Madame <strong>Fhal<\/strong>, non loin du lyc\u00e9e Lyautey, c\u2019est toujours d\u2019actualit\u00e9 et \u00e7a ouvre le matin \u00e0 9 heures.<br \/>\nIl y avait aussi rue du Commandant Cottenest les <strong>Chriqui<\/strong> dont les d\u00e9riv\u00e9s bien connus sont les <strong>Cherki<\/strong>, les <strong>Chriki<\/strong> et <strong>Chouraqui<\/strong>, en arabe l\u2019oriental ou venu de l\u2019Est.<br \/>\nOn n\u2019oubliera pas les <strong>Zagury<\/strong> ou <strong>Zagoury<\/strong> ou <strong>Azzagury<\/strong> et m\u00eame <strong>Zagron<\/strong> ou <strong>Zagroun<\/strong> dont le nom vient de Zagora, une ville du sud du Maroc.<br \/>\nMon clin d\u2019\u0153il marocain cette semaine ira \u00e0 la cousine germaine de mon \u00e9pouse, mon adorable All\u00e8gre <strong>Zagury<\/strong>, toujours rue Galil\u00e9e \u00e0 Casablanca, cette jolie ville que je connais bien.<\/p>\n<p><em>Publi\u00e9 dans Actualit\u00e9 juive n\u00b01626<\/em><\/p>\n","protected":false},"excerpt":{"rendered":"<p>Par Alain Kaminski Je m\u2019en souviens comme si c\u2019\u00e9tait hier. Mon regrett\u00e9 beau-p\u00e8re Meyer Banon me racontait son Maroc ador\u00e9<\/p>\n","protected":false},"author":1,"featured_media":0,"comment_status":"open","ping_status":"open","sticky":false,"template":"","format":"standard","meta":{"_mi_skip_tracking":false,"_exactmetrics_sitenote_active":false,"_exactmetrics_sitenote_note":"","_exactmetrics_sitenote_category":0,"footnotes":""},"categories":[79],"tags":[65,50,93],"table_tags":[],"_links":{"self":[{"href":"https:\/\/aifonline.net\/index.php?rest_route=\/wp\/v2\/posts\/2821"}],"collection":[{"href":"https:\/\/aifonline.net\/index.php?rest_route=\/wp\/v2\/posts"}],"about":[{"href":"https:\/\/aifonline.net\/index.php?rest_route=\/wp\/v2\/types\/post"}],"author":[{"embeddable":true,"href":"https:\/\/aifonline.net\/index.php?rest_route=\/wp\/v2\/users\/1"}],"replies":[{"embeddable":true,"href":"https:\/\/aifonline.net\/index.php?rest_route=%2Fwp%2Fv2%2Fcomments&post=2821"}],"version-history":[{"count":4,"href":"https:\/\/aifonline.net\/index.php?rest_route=\/wp\/v2\/posts\/2821\/revisions"}],"predecessor-version":[{"id":2825,"href":"https:\/\/aifonline.net\/index.php?rest_route=\/wp\/v2\/posts\/2821\/revisions\/2825"}],"wp:attachment":[{"href":"https:\/\/aifonline.net\/index.php?rest_route=%2Fwp%2Fv2%2Fmedia&parent=2821"}],"wp:term":[{"taxonomy":"category","embeddable":true,"href":"https:\/\/aifonline.net\/index.php?rest_route=%2Fwp%2Fv2%2Fcategories&post=2821"},{"taxonomy":"post_tag","embeddable":true,"href":"https:\/\/aifonline.net\/index.php?rest_route=%2Fwp%2Fv2%2Ftags&post=2821"},{"taxonomy":"table_tags","embeddable":true,"href":"https:\/\/aifonline.net\/index.php?rest_route=%2Fwp%2Fv2%2Ftable_tags&post=2821"}],"curies":[{"name":"wp","href":"https:\/\/api.w.org\/{rel}","templated":true}]}}