{"id":283,"date":"2018-08-30T18:38:06","date_gmt":"2018-08-30T16:38:06","guid":{"rendered":"http:\/\/yamieux.fr\/?p=283"},"modified":"2018-08-30T18:38:06","modified_gmt":"2018-08-30T16:38:06","slug":"que-nos-anciens-se-rassurent","status":"publish","type":"post","link":"https:\/\/aifonline.net\/?p=283","title":{"rendered":"Que nos anciens se rassurent"},"content":{"rendered":"<p>Depuis quelques jours, nombreux sont nos coreligionnaires tr\u00e8s inquiets apr\u00e8s avoir entendu parler d\u2019une r\u00e9forme touchant les pensions de r\u00e9version.<br \/>\nPlus nombreuses encore, les femmes puisque 89 % des b\u00e9n\u00e9ficiaires de ce droit d\u00e9riv\u00e9 sont des veuves percevant en moyenne 650 euros par mois. Les b\u00e9n\u00e9ficiaires de ce droit d\u00e9passent les 4,4 millions d\u2019assur\u00e9s dont 1 million ne disposant d\u2019aucun droit propre.<br \/>\nPar ailleurs, les principales charges support\u00e9es par un conjoint survivant restent exactement les m\u00eames, loyer, charges de copropri\u00e9t\u00e9, etc.<br \/>\nPourquoi cette inqui\u00e9tude chez les nonag\u00e9naires de la Communaut\u00e9 juive\u00a0? Explications.<br \/>\nLes lois antis\u00e9mites du R\u00e9gime de Vichy avaient exclu toute une g\u00e9n\u00e9ration de jeunes des \u00e9coles et des coll\u00e8ges lesquels devaient abandonner l\u2019id\u00e9e de faire des \u00e9tudes afin de sauver leur vie.<br \/>\nAu lendemain de la guerre, des milliers de jeunes adultes ont fond\u00e9 un foyer et se sont dirig\u00e9s vers des professions relevant du commerce ou de l\u2019artisanat. Ils ont travaill\u00e9 sans rel\u00e2che avec leur conjoint qui n\u2019avait aucun statut, ne b\u00e9n\u00e9ficiant que d\u2019un droit d\u00e9riv\u00e9 en mati\u00e8re de prestations sant\u00e9 en vertu du lien qu\u2019ils avaient avec un assur\u00e9 social, c\u2019est le droit d\u00e9riv\u00e9 aux soins.<br \/>\nLes conjoints survivants atteignant un grand \u00e2ge b\u00e9n\u00e9ficieront bien plus tard du deuxi\u00e8me droit d\u00e9riv\u00e9, celui \u00e0 pension, c\u2019est la fameuse pension de r\u00e9version. Mais lesdits conjoints n\u2019ayant jamais cotis\u00e9 ne disposeront d\u2019aucun droit propre, n\u2019ayant valid\u00e9 aucun trimestre.<br \/>\nCe n\u2019est qu\u2019en 1984 que le conjoint d\u2019un commer\u00e7ant pourra devenir conjoint collaborateur avec la facult\u00e9 de cotiser afin de se cr\u00e9er un droit propre mais cela restait facultatif et peu de conjoints, pour des raisons \u00e9conomiques ou mal conseill\u00e9s, ont adh\u00e9r\u00e9 \u00e0 ce nouveau r\u00e9gime des conjoints qui ne devint obligatoire que le 1er juillet 2007 \u00e0 la faveur de la cr\u00e9ation du R\u00e9gime social des Ind\u00e9pendants, le RSI.<br \/>\nAujourd\u2019hui la situation est difficile pour les veuves percevant une petite pension de r\u00e9version parfois rehauss\u00e9e au minimum vieillesse devenu l\u2019ASPA, cette allocation de solidarit\u00e9 aux personnes \u00e2g\u00e9es\u2026 r\u00e9cup\u00e9rable sur succession.<br \/>\nBien s\u00fbr, certaines entreprises commerciales ou artisanales furent florissantes et ont permis \u00e0 leurs dirigeants d\u2019assurer leurs vieux jours mais tant d\u2019autres n\u2019ont pas connu de la m\u00eame fa\u00e7on les Trente Glorieuses et sont actuellement dans une situation difficile.<br \/>\nCertes, une r\u00e9forme en profondeur des pensions de r\u00e9version s\u2019impose naturellement, le l\u00e9gislateur ne peut plus laisser \u00e9ternellement une quarantaine de r\u00e9gimes de retraite affichant avec m\u00e9pris les plus humiliantes in\u00e9galit\u00e9s entre les citoyens.<br \/>\nLa S\u00e9curit\u00e9 sociale se doit d\u2019\u00e9voluer, harmonisation et moyens d\u2019existence pour tous \u00e9taient bien inscrits dans les ordonnances des 4 et 19 octobre 1945, texte fondateur de la S\u00e9curit\u00e9 sociale que l\u2019on doit \u00e0 Pierre Laroque\u2026 lui-m\u00eame \u00e9vinc\u00e9 de la haute fonction publique quatre ans plus t\u00f4t pour ses origines juives.<br \/>\nMais que nos anciens se rassurent, il ne s\u2019agit pas aujourd\u2019hui de remettre en cause les pensions liquid\u00e9es, une telle r\u00e9volution conduirait \u00e0 plonger dans la mis\u00e8re de nombreux citoyens et je pense \u00e0 celles et ceux qui vivent des temps difficiles, qui ne disposent pas d\u2019un patrimoine, qui ont \u00e9t\u00e9 spoli\u00e9s, qui ont surv\u00e9cu \u00e0 la Shoah, et dont le parcours de la vie a \u00e9t\u00e9 jonch\u00e9 d\u2019\u00e9preuves personnelles si douloureuses.<\/p>\n<p><strong>Alain Kaminski<\/strong><br \/>\nAdministrateur de la S\u00e9curit\u00e9 Sociale des Ind\u00e9pendants<br \/>\nAncien administrateur national du RSI<\/p>\n<p><em>Paru dans Actualit\u00e9 Juive le 30 ao\u00fbt 2018<\/em><\/p>\n","protected":false},"excerpt":{"rendered":"<p>Depuis quelques jours, nombreux sont nos coreligionnaires tr\u00e8s inquiets apr\u00e8s avoir entendu parler d\u2019une r\u00e9forme touchant les pensions de r\u00e9version.<\/p>\n","protected":false},"author":2,"featured_media":0,"comment_status":"open","ping_status":"open","sticky":false,"template":"","format":"standard","meta":{"_mi_skip_tracking":false,"_exactmetrics_sitenote_active":false,"_exactmetrics_sitenote_note":"","_exactmetrics_sitenote_category":0,"footnotes":""},"categories":[4],"tags":[],"table_tags":[],"_links":{"self":[{"href":"https:\/\/aifonline.net\/index.php?rest_route=\/wp\/v2\/posts\/283"}],"collection":[{"href":"https:\/\/aifonline.net\/index.php?rest_route=\/wp\/v2\/posts"}],"about":[{"href":"https:\/\/aifonline.net\/index.php?rest_route=\/wp\/v2\/types\/post"}],"author":[{"embeddable":true,"href":"https:\/\/aifonline.net\/index.php?rest_route=\/wp\/v2\/users\/2"}],"replies":[{"embeddable":true,"href":"https:\/\/aifonline.net\/index.php?rest_route=%2Fwp%2Fv2%2Fcomments&post=283"}],"version-history":[{"count":0,"href":"https:\/\/aifonline.net\/index.php?rest_route=\/wp\/v2\/posts\/283\/revisions"}],"wp:attachment":[{"href":"https:\/\/aifonline.net\/index.php?rest_route=%2Fwp%2Fv2%2Fmedia&parent=283"}],"wp:term":[{"taxonomy":"category","embeddable":true,"href":"https:\/\/aifonline.net\/index.php?rest_route=%2Fwp%2Fv2%2Fcategories&post=283"},{"taxonomy":"post_tag","embeddable":true,"href":"https:\/\/aifonline.net\/index.php?rest_route=%2Fwp%2Fv2%2Ftags&post=283"},{"taxonomy":"table_tags","embeddable":true,"href":"https:\/\/aifonline.net\/index.php?rest_route=%2Fwp%2Fv2%2Ftable_tags&post=283"}],"curies":[{"name":"wp","href":"https:\/\/api.w.org\/{rel}","templated":true}]}}