{"id":2830,"date":"2022-01-26T06:59:41","date_gmt":"2022-01-26T05:59:41","guid":{"rendered":"http:\/\/aifonline.net\/?p=2830"},"modified":"2022-01-26T06:59:41","modified_gmt":"2022-01-26T05:59:41","slug":"carnet-deces-de-gaston-kruk-grunberg","status":"publish","type":"post","link":"https:\/\/aifonline.net\/?p=2830","title":{"rendered":"Carnet : D\u00e9c\u00e8s de Gaston Kruk-Grunberg"},"content":{"rendered":"<p>Nous apprenons avec tristesse le d\u00e9c\u00e8s de notre soci\u00e9taire Gaston Kruk-Grunberg survenu le 25 janvier 2022 \u00e0 Paris \u00e0 l&#8217;\u00e2ge de 83 ans.<br \/>\nGaston Kruk-Grunberg \u00e9tait un homme adorable. Il portait ces deux noms, celui de ses parents morts en d\u00e9portation et celui de ses parents adoptifs qui l&#8217;ont recueilli apr\u00e8s la guerre.<br \/>\nIl \u00e9tait un proche de notre Pr\u00e9sident Alain Kaminski, ils avaient men\u00e9 ensemble pendant trente ans des combats pour la d\u00e9fense des travailleurs ind\u00e9pendants dans les conseils d&#8217;administration de la s\u00e9curit\u00e9 sociale. Il fut \u00e0 l&#8217;origine il y a deux ans de l&#8217;int\u00e9gration des soci\u00e9taires de la soci\u00e9t\u00e9 mutualiste dite La Renaissance au sein des Amis Isra\u00e9lites de France.<br \/>\nSon d\u00e9part est une grande perte. Nous avons une pens\u00e9e affectueuse pour ses proches, sa compagne, sa s\u0153ur, sa ni\u00e8ce.<\/p>\n","protected":false},"excerpt":{"rendered":"<p>Nous apprenons avec tristesse le d\u00e9c\u00e8s de notre soci\u00e9taire Gaston Kruk-Grunberg survenu le 25 janvier 2022 \u00e0 Paris \u00e0 l&#8217;\u00e2ge<\/p>\n","protected":false},"author":1,"featured_media":0,"comment_status":"open","ping_status":"open","sticky":false,"template":"","format":"standard","meta":{"_mi_skip_tracking":false,"_exactmetrics_sitenote_active":false,"_exactmetrics_sitenote_note":"","_exactmetrics_sitenote_category":0,"footnotes":""},"categories":[5,31],"tags":[18],"table_tags":[],"_links":{"self":[{"href":"https:\/\/aifonline.net\/index.php?rest_route=\/wp\/v2\/posts\/2830"}],"collection":[{"href":"https:\/\/aifonline.net\/index.php?rest_route=\/wp\/v2\/posts"}],"about":[{"href":"https:\/\/aifonline.net\/index.php?rest_route=\/wp\/v2\/types\/post"}],"author":[{"embeddable":true,"href":"https:\/\/aifonline.net\/index.php?rest_route=\/wp\/v2\/users\/1"}],"replies":[{"embeddable":true,"href":"https:\/\/aifonline.net\/index.php?rest_route=%2Fwp%2Fv2%2Fcomments&post=2830"}],"version-history":[{"count":1,"href":"https:\/\/aifonline.net\/index.php?rest_route=\/wp\/v2\/posts\/2830\/revisions"}],"predecessor-version":[{"id":2831,"href":"https:\/\/aifonline.net\/index.php?rest_route=\/wp\/v2\/posts\/2830\/revisions\/2831"}],"wp:attachment":[{"href":"https:\/\/aifonline.net\/index.php?rest_route=%2Fwp%2Fv2%2Fmedia&parent=2830"}],"wp:term":[{"taxonomy":"category","embeddable":true,"href":"https:\/\/aifonline.net\/index.php?rest_route=%2Fwp%2Fv2%2Fcategories&post=2830"},{"taxonomy":"post_tag","embeddable":true,"href":"https:\/\/aifonline.net\/index.php?rest_route=%2Fwp%2Fv2%2Ftags&post=2830"},{"taxonomy":"table_tags","embeddable":true,"href":"https:\/\/aifonline.net\/index.php?rest_route=%2Fwp%2Fv2%2Ftable_tags&post=2830"}],"curies":[{"name":"wp","href":"https:\/\/api.w.org\/{rel}","templated":true}]}}