{"id":2832,"date":"2022-01-29T07:29:23","date_gmt":"2022-01-29T06:29:23","guid":{"rendered":"http:\/\/aifonline.net\/?p=2832"},"modified":"2022-01-30T19:24:03","modified_gmt":"2022-01-30T18:24:03","slug":"carnet-naissance-danna-salome-kaminski-beguin","status":"publish","type":"post","link":"https:\/\/aifonline.net\/?p=2832","title":{"rendered":"Carnet : Naissance d&#8217;Anna Salom\u00e9 Kaminski-B\u00e9guin"},"content":{"rendered":"<p>Bienvenue \u00e0 notre nouvelle soci\u00e9taire.\u00a0 Anna Salom\u00e9 Kaminski-B\u00e9guin est n\u00e9e le 28 janvier 2022 \u00e0 Paris 16\u00e8me. Elle est la fille de Sarah et Nicolas, la petite s\u0153ur de Rachel et Roman,<br \/>\nla petite-fille d&#8217;Annie et Alain Kaminski, notre pr\u00e9sident.<\/p>\n<figure id=\"attachment_2835\" aria-describedby=\"caption-attachment-2835\" style=\"width: 300px\" class=\"wp-caption aligncenter\"><img decoding=\"async\" loading=\"lazy\" class=\"wp-image-2835\" src=\"https:\/\/aifonline.net\/wp-content\/uploads\/2022\/01\/anna_salome_kaminski_beguin.jpg\" alt=\"\" width=\"300\" height=\"400\" srcset=\"https:\/\/aifonline.net\/wp-content\/uploads\/2022\/01\/anna_salome_kaminski_beguin.jpg 480w, https:\/\/aifonline.net\/wp-content\/uploads\/2022\/01\/anna_salome_kaminski_beguin-225x300.jpg 225w\" sizes=\"(max-width: 300px) 100vw, 300px\" \/><figcaption id=\"caption-attachment-2835\" class=\"wp-caption-text\">Anna Salom\u00e9 Kaminski-B\u00e9guin<\/figcaption><\/figure>\n","protected":false},"excerpt":{"rendered":"<p>Bienvenue \u00e0 notre nouvelle soci\u00e9taire.\u00a0 Anna Salom\u00e9 Kaminski-B\u00e9guin est n\u00e9e le 28 janvier 2022 \u00e0 Paris 16\u00e8me. Elle est la<\/p>\n","protected":false},"author":1,"featured_media":0,"comment_status":"open","ping_status":"open","sticky":false,"template":"","format":"standard","meta":{"_mi_skip_tracking":false,"_exactmetrics_sitenote_active":false,"_exactmetrics_sitenote_note":"","_exactmetrics_sitenote_category":0,"footnotes":""},"categories":[5,32],"tags":[20],"table_tags":[],"_links":{"self":[{"href":"https:\/\/aifonline.net\/index.php?rest_route=\/wp\/v2\/posts\/2832"}],"collection":[{"href":"https:\/\/aifonline.net\/index.php?rest_route=\/wp\/v2\/posts"}],"about":[{"href":"https:\/\/aifonline.net\/index.php?rest_route=\/wp\/v2\/types\/post"}],"author":[{"embeddable":true,"href":"https:\/\/aifonline.net\/index.php?rest_route=\/wp\/v2\/users\/1"}],"replies":[{"embeddable":true,"href":"https:\/\/aifonline.net\/index.php?rest_route=%2Fwp%2Fv2%2Fcomments&post=2832"}],"version-history":[{"count":4,"href":"https:\/\/aifonline.net\/index.php?rest_route=\/wp\/v2\/posts\/2832\/revisions"}],"predecessor-version":[{"id":2837,"href":"https:\/\/aifonline.net\/index.php?rest_route=\/wp\/v2\/posts\/2832\/revisions\/2837"}],"wp:attachment":[{"href":"https:\/\/aifonline.net\/index.php?rest_route=%2Fwp%2Fv2%2Fmedia&parent=2832"}],"wp:term":[{"taxonomy":"category","embeddable":true,"href":"https:\/\/aifonline.net\/index.php?rest_route=%2Fwp%2Fv2%2Fcategories&post=2832"},{"taxonomy":"post_tag","embeddable":true,"href":"https:\/\/aifonline.net\/index.php?rest_route=%2Fwp%2Fv2%2Ftags&post=2832"},{"taxonomy":"table_tags","embeddable":true,"href":"https:\/\/aifonline.net\/index.php?rest_route=%2Fwp%2Fv2%2Ftable_tags&post=2832"}],"curies":[{"name":"wp","href":"https:\/\/api.w.org\/{rel}","templated":true}]}}