{"id":2850,"date":"2022-02-03T12:44:56","date_gmt":"2022-02-03T11:44:56","guid":{"rendered":"http:\/\/aifonline.net\/?p=2850"},"modified":"2022-02-03T12:44:56","modified_gmt":"2022-02-03T11:44:56","slug":"carnet-deces-de-marian-marc-kupfer","status":"publish","type":"post","link":"https:\/\/aifonline.net\/?p=2850","title":{"rendered":"Carnet : D\u00e9c\u00e8s de Marian Marc Kupfer"},"content":{"rendered":"<p>Nous apprenons avec tristesse le d\u00e9c\u00e8s de notre soci\u00e9taire Marian Marc Kupfer survenu le 2 F\u00e9vrier 2022 \u00e0 (Tosny) \u00e0 l&#8217;\u00e2ge de 76 ans.<\/p>\n<p>Marc \u00e9tait un ami de tous, il avait perdu son \u00e9pouse Annie il y a cinq ans et sa vie s&#8217;en est trouv\u00e9e fortement assombrie, puis s&#8217;en suivirent beaucoup de difficult\u00e9s.<br \/>\nIl y a quelques ann\u00e9es \u00e9galement, il nous proposait de nous rapprocher d&#8217;un talentueux chef d&#8217;orchestre pour lequel il avait beaucoup d&#8217;affection, Ya\u00efr Bena\u00efm, avec lequel nous avons organis\u00e9 beaucoup de concerts. Marc \u00e9tait pour certains un ami proche, pour les AIF un magnifique soci\u00e9taire, pour d&#8217;autres un fr\u00e8re, il nous laissera le souvenir d&#8217;un homme avec sa personnalit\u00e9.<\/p>\n","protected":false},"excerpt":{"rendered":"<p>Nous apprenons avec tristesse le d\u00e9c\u00e8s de notre soci\u00e9taire Marian Marc Kupfer survenu le 2 F\u00e9vrier 2022 \u00e0 (Tosny) \u00e0<\/p>\n","protected":false},"author":1,"featured_media":0,"comment_status":"open","ping_status":"open","sticky":false,"template":"","format":"standard","meta":{"_mi_skip_tracking":false,"_exactmetrics_sitenote_active":false,"_exactmetrics_sitenote_note":"","_exactmetrics_sitenote_category":0,"footnotes":""},"categories":[31],"tags":[18],"table_tags":[],"_links":{"self":[{"href":"https:\/\/aifonline.net\/index.php?rest_route=\/wp\/v2\/posts\/2850"}],"collection":[{"href":"https:\/\/aifonline.net\/index.php?rest_route=\/wp\/v2\/posts"}],"about":[{"href":"https:\/\/aifonline.net\/index.php?rest_route=\/wp\/v2\/types\/post"}],"author":[{"embeddable":true,"href":"https:\/\/aifonline.net\/index.php?rest_route=\/wp\/v2\/users\/1"}],"replies":[{"embeddable":true,"href":"https:\/\/aifonline.net\/index.php?rest_route=%2Fwp%2Fv2%2Fcomments&post=2850"}],"version-history":[{"count":1,"href":"https:\/\/aifonline.net\/index.php?rest_route=\/wp\/v2\/posts\/2850\/revisions"}],"predecessor-version":[{"id":2851,"href":"https:\/\/aifonline.net\/index.php?rest_route=\/wp\/v2\/posts\/2850\/revisions\/2851"}],"wp:attachment":[{"href":"https:\/\/aifonline.net\/index.php?rest_route=%2Fwp%2Fv2%2Fmedia&parent=2850"}],"wp:term":[{"taxonomy":"category","embeddable":true,"href":"https:\/\/aifonline.net\/index.php?rest_route=%2Fwp%2Fv2%2Fcategories&post=2850"},{"taxonomy":"post_tag","embeddable":true,"href":"https:\/\/aifonline.net\/index.php?rest_route=%2Fwp%2Fv2%2Ftags&post=2850"},{"taxonomy":"table_tags","embeddable":true,"href":"https:\/\/aifonline.net\/index.php?rest_route=%2Fwp%2Fv2%2Ftable_tags&post=2850"}],"curies":[{"name":"wp","href":"https:\/\/api.w.org\/{rel}","templated":true}]}}