{"id":2872,"date":"2022-02-16T14:37:35","date_gmt":"2022-02-16T13:37:35","guid":{"rendered":"http:\/\/aifonline.net\/?p=2872"},"modified":"2022-02-16T14:37:35","modified_gmt":"2022-02-16T13:37:35","slug":"conference-vingt-siecles-de-judeophobie-pourquoi-comment-jusquou-par-pascal-ory","status":"publish","type":"post","link":"https:\/\/aifonline.net\/?p=2872","title":{"rendered":"Conf\u00e9rence : Vingt si\u00e8cles de jud\u00e9ophobie : pourquoi, comment, jusqu\u2019o\u00f9 ? Par Pascal Ory"},"content":{"rendered":"<p>C\u2019est une trag\u00e9die en trois actes, avec un prologue.<\/p>\n<p>Le prologue se situe en des temps tr\u00e8s lointains, avant l\u2019\u00e8re chr\u00e9tienne. Le peuple juif, contrairement \u00e0 une version tr\u00e8s r\u00e9pandue (on appelle \u00e7a la Bible) n\u2019y fait pas l\u2019objet d\u2019une attention particuli\u00e8re.<\/p>\n<p>Acte 1\u00a0: Si le monoth\u00e9isme juif n\u2019\u00e9tait pas un probl\u00e8me pour les polyth\u00e9istes, le juda\u00efsme, lui, est un probl\u00e8me pour les chr\u00e9tiens -donc, dans la foul\u00e9e, pour les musulmans-\u00a0: le peuple \u00e9lu refuse obstin\u00e9ment de reconna\u00eetre ici son sauveur, l\u00e0 son proph\u00e8te. Mauvais exemple.<\/p>\n<p>Acte 2\u00a0: Lorsque l\u2019Occident va commencer \u00e0 s\u2019\u00e9loigner de l\u2019h\u00e9g\u00e9monie chr\u00e9tienne, cela fait d\u00e9j\u00e0 mille cinq cents ans qu\u2019il y a une suppos\u00e9e \u00ab\u00a0question juive\u00a0\u00bb. \u00c7a laisse des traces, que le monde moderne ne pourra jamais effacer, surtout quand une certaine science invente la \u00ab\u00a0race\u00a0\u00bb, quand un certain ath\u00e9isme invente l\u2019\u00ab\u00a0antis\u00e9mitisme\u00a0\u00bb.<\/p>\n<p>Acte 3\u00a0: \u00c0 peine, avec la d\u00e9faite d\u2019Hitler, cette haine-l\u00e0 a-t-elle \u00e9t\u00e9 an\u00e9antie que la naissance de l\u2019\u00e9tat d\u2019Isra\u00ebl en allume une troisi\u00e8me, \u00ab\u00a0antisioniste\u00a0\u00bb, g\u00e9opolitique, qu\u2019on peut instrumentaliser \u00e0 loisir, et qui n\u2019a aucune (d\u00e9)raison de s\u2019\u00e9teindre.<\/p>\n<p>Et voil\u00e0 pourquoi la jud\u00e9ophobie ne remonte pas \u00e0 la nuit des temps mais prend date pour \u00eatre \u00e9ternelle.<\/p>\n<p><img decoding=\"async\" loading=\"lazy\" class=\"aligncenter wp-image-2874\" src=\"https:\/\/aifonline.net\/wp-content\/uploads\/2022\/02\/de-la-haine-du-juif-665x1024.jpeg\" alt=\"De la haine du juif, Pascal Ory\" width=\"260\" height=\"400\" srcset=\"https:\/\/aifonline.net\/wp-content\/uploads\/2022\/02\/de-la-haine-du-juif-665x1024.jpeg 665w, https:\/\/aifonline.net\/wp-content\/uploads\/2022\/02\/de-la-haine-du-juif-195x300.jpeg 195w, https:\/\/aifonline.net\/wp-content\/uploads\/2022\/02\/de-la-haine-du-juif-768x1182.jpeg 768w, https:\/\/aifonline.net\/wp-content\/uploads\/2022\/02\/de-la-haine-du-juif.jpeg 800w\" sizes=\"(max-width: 260px) 100vw, 260px\" \/><\/p>\n<p>\u00ab De la Haine du Juif. Essai historique \u00bb (\u00c9ditions Bouquins).<br \/>\nPascal Ory, professeur \u00e9m\u00e9rite d\u2019histoire \u00e0 la Sorbonne (Paris 1), membre de l\u2019Acad\u00e9mie fran\u00e7aise, est l\u2019auteur, entre autres, de\u00a0<em>Les Collaborateurs<\/em>\u00a0(1977),\u00a0<em>La France allemande<\/em>\u00a0(1977),\u00a0<em>L\u2019Anarchisme de droite<\/em>\u00a0(1985),\u00a0<em>Le Petit Nazi Illustr\u00e9<\/em>\u00a0(2002) et\u00a0<em>Du Fascisme<\/em>\u00a0(2003).<\/p>\n<p><strong>Ecouter la conf\u00e9rence sur cette page :<\/strong> <a href=\"https:\/\/bai.asso.fr\/conference-fevrier-2022-pascal-ory-vingt-siecles-de-judeophobie-pourquoi-comment-jusquou\/\">https:\/\/bai.asso.fr\/conference-fevrier-2022-pascal-ory-vingt-siecles-de-judeophobie-pourquoi-comment-jusquou\/<\/a><\/p>\n","protected":false},"excerpt":{"rendered":"<p>C\u2019est une trag\u00e9die en trois actes, avec un prologue. Le prologue se situe en des temps tr\u00e8s lointains, avant l\u2019\u00e8re<\/p>\n","protected":false},"author":1,"featured_media":0,"comment_status":"open","ping_status":"open","sticky":false,"template":"","format":"standard","meta":{"_mi_skip_tracking":false,"_exactmetrics_sitenote_active":false,"_exactmetrics_sitenote_note":"","_exactmetrics_sitenote_category":0,"footnotes":""},"categories":[81],"tags":[28],"table_tags":[],"_links":{"self":[{"href":"https:\/\/aifonline.net\/index.php?rest_route=\/wp\/v2\/posts\/2872"}],"collection":[{"href":"https:\/\/aifonline.net\/index.php?rest_route=\/wp\/v2\/posts"}],"about":[{"href":"https:\/\/aifonline.net\/index.php?rest_route=\/wp\/v2\/types\/post"}],"author":[{"embeddable":true,"href":"https:\/\/aifonline.net\/index.php?rest_route=\/wp\/v2\/users\/1"}],"replies":[{"embeddable":true,"href":"https:\/\/aifonline.net\/index.php?rest_route=%2Fwp%2Fv2%2Fcomments&post=2872"}],"version-history":[{"count":1,"href":"https:\/\/aifonline.net\/index.php?rest_route=\/wp\/v2\/posts\/2872\/revisions"}],"predecessor-version":[{"id":2875,"href":"https:\/\/aifonline.net\/index.php?rest_route=\/wp\/v2\/posts\/2872\/revisions\/2875"}],"wp:attachment":[{"href":"https:\/\/aifonline.net\/index.php?rest_route=%2Fwp%2Fv2%2Fmedia&parent=2872"}],"wp:term":[{"taxonomy":"category","embeddable":true,"href":"https:\/\/aifonline.net\/index.php?rest_route=%2Fwp%2Fv2%2Fcategories&post=2872"},{"taxonomy":"post_tag","embeddable":true,"href":"https:\/\/aifonline.net\/index.php?rest_route=%2Fwp%2Fv2%2Ftags&post=2872"},{"taxonomy":"table_tags","embeddable":true,"href":"https:\/\/aifonline.net\/index.php?rest_route=%2Fwp%2Fv2%2Ftable_tags&post=2872"}],"curies":[{"name":"wp","href":"https:\/\/api.w.org\/{rel}","templated":true}]}}