{"id":290,"date":"2018-05-10T18:39:42","date_gmt":"2018-05-10T16:39:42","guid":{"rendered":"http:\/\/yamieux.fr\/?p=290"},"modified":"2018-05-10T18:39:42","modified_gmt":"2018-05-10T16:39:42","slug":"jai-change-davis","status":"publish","type":"post","link":"https:\/\/aifonline.net\/?p=290","title":{"rendered":"J&#8217;ai chang\u00e9 d&#8217;avis"},"content":{"rendered":"<p>On dit qu\u2019il n\u2019y a que les imb\u00e9ciles qui ne changent jamais d\u2019avis. Je ne voudrai surtout pas insinuer que je pourrai fr\u00e9quenter des imb\u00e9ciles en quantit\u00e9 industrielle et les rejoindre mais force est de constater que parfois, un jugement trop h\u00e2tif se r\u00e9v\u00e8le un peu plus tard un jugement erron\u00e9, trop s\u00e9v\u00e8re, que d\u2019aucuns appellent parfois une r\u00e9action \u00e0 chaud.<br \/>\nJ\u2019\u00e9tais farouchement oppos\u00e9 \u00e0 l\u2019extraction physique des \u00e9lus d\u2019extr\u00eame gauche et d\u2019extr\u00eame droite de la manifestation \u00e0 la m\u00e9moire de Mireille Knoll parce que la famille de la d\u00e9funte souhaitait la pr\u00e9sence de tous, sans distinction politique.<br \/>\nLe hasard a fait que je me trouvais \u00e0 quelques m\u00e8tres de Marine Le Pen qui d\u00e9clarait \u00e0 la presse \u00eatre l\u00e0\u2026 pour ses amies juives. Le lamentable s\u2019\u00e9tait, par son propos, pacs\u00e9 avec le path\u00e9tique.<br \/>\nJ\u2019ai vu les militants m\u00e9lanchonistes, sourire narquois au coin des l\u00e8vres jusqu\u2019\u00e0 s\u2019en d\u00e9chirer les commissures, qui se demandaient ce qu\u2019ils faisaient l\u00e0 sinon qu\u2019ob\u00e9ir \u00e0 leur sergent recruteur.<br \/>\nMais quelques semaines plus tard, sur tous les \u00e9crans de t\u00e9l\u00e9vision, on a pu voir parmi les troupes de la France insoumise, les antis\u00e9mites de tous poils, \u00e0 visage d\u00e9couvert, arborant leurs tee-shirts verts mentionnant \u00ab\u00a0boycott Isra\u00ebl\u00a0\u00bb, on a pu voir \u00e9galement une t\u00eate de cort\u00e8ge devant des drapeaux palestiniens, des pancartes affichant Macron sioniste, c\u2019est \u00e0 se demander quel rapport avec \u2026une f\u00eate \u00e0 Macron.<br \/>\nCes militants ont-ils \u00e9t\u00e9 extraits de la manifestation par les organisateurs\u00a0? Non<br \/>\nOnt-ils \u00e9t\u00e9 cordialement invit\u00e9s \u00e0 s\u2019int\u00e9grer \u00e0 cette manifestation\u00a0? Sans doute oui car ils b\u00e9n\u00e9ficient d\u2019une haute bienveillance qui r\u00e9pond \u00e0 un antis\u00e9mitisme d\u00e9voil\u00e9 et qui, une de fois de plus, apporte la preuve que cette extr\u00eame-gauche fran\u00e7aise est bien plus dangereuse que l\u2019extr\u00eame-droite qui cherche \u00e0 se d\u00e9diaboliser, sans y parvenir heureusement.<br \/>\nAinsi, j\u2019ai chang\u00e9 d\u2019avis et je pense que certaines personnes, certains \u00e9lus fr\u00e9quentant des antis\u00e9mites notoires n\u2019avaient rien \u00e0 faire et ne pouvaient participer ni de pr\u00e8s ni de loin \u00e0 un hommage rendu \u00e0 une vieille dame l\u00e2chement assassin\u00e9e parce juive.<br \/>\nJe pense d\u00e9sormais que leur extraction de la manifestation fut, elle aussi, un hommage \u00e0 Mireille Knoll.<\/p>\n<p><strong>Alain Kaminski<\/strong><br \/>\nPr\u00e9sident des Amis Isra\u00e9lites de France<\/p>\n<p><em>Paru dans Actualit\u00e9 Juive le 10 mai 2018<\/em><\/p>\n","protected":false},"excerpt":{"rendered":"<p>On dit qu\u2019il n\u2019y a que les imb\u00e9ciles qui ne changent jamais d\u2019avis. Je ne voudrai surtout pas insinuer que<\/p>\n","protected":false},"author":2,"featured_media":0,"comment_status":"open","ping_status":"open","sticky":false,"template":"","format":"standard","meta":{"_mi_skip_tracking":false,"_exactmetrics_sitenote_active":false,"_exactmetrics_sitenote_note":"","_exactmetrics_sitenote_category":0,"footnotes":""},"categories":[4],"tags":[],"table_tags":[],"_links":{"self":[{"href":"https:\/\/aifonline.net\/index.php?rest_route=\/wp\/v2\/posts\/290"}],"collection":[{"href":"https:\/\/aifonline.net\/index.php?rest_route=\/wp\/v2\/posts"}],"about":[{"href":"https:\/\/aifonline.net\/index.php?rest_route=\/wp\/v2\/types\/post"}],"author":[{"embeddable":true,"href":"https:\/\/aifonline.net\/index.php?rest_route=\/wp\/v2\/users\/2"}],"replies":[{"embeddable":true,"href":"https:\/\/aifonline.net\/index.php?rest_route=%2Fwp%2Fv2%2Fcomments&post=290"}],"version-history":[{"count":0,"href":"https:\/\/aifonline.net\/index.php?rest_route=\/wp\/v2\/posts\/290\/revisions"}],"wp:attachment":[{"href":"https:\/\/aifonline.net\/index.php?rest_route=%2Fwp%2Fv2%2Fmedia&parent=290"}],"wp:term":[{"taxonomy":"category","embeddable":true,"href":"https:\/\/aifonline.net\/index.php?rest_route=%2Fwp%2Fv2%2Fcategories&post=290"},{"taxonomy":"post_tag","embeddable":true,"href":"https:\/\/aifonline.net\/index.php?rest_route=%2Fwp%2Fv2%2Ftags&post=290"},{"taxonomy":"table_tags","embeddable":true,"href":"https:\/\/aifonline.net\/index.php?rest_route=%2Fwp%2Fv2%2Ftable_tags&post=290"}],"curies":[{"name":"wp","href":"https:\/\/api.w.org\/{rel}","templated":true}]}}