{"id":2913,"date":"2022-03-17T09:12:32","date_gmt":"2022-03-17T08:12:32","guid":{"rendered":"http:\/\/aifonline.net\/?p=2913"},"modified":"2022-03-17T09:57:31","modified_gmt":"2022-03-17T08:57:31","slug":"portrait-nathan-rutta-1920-2002","status":"publish","type":"post","link":"https:\/\/aifonline.net\/?p=2913","title":{"rendered":"Portrait : Nathan Rutta (1920-2002)"},"content":{"rendered":"<p><em><strong>Par ses filles, V\u00e9ronique Sznitman et Sylvie Elka\u00efm<\/strong><\/em><\/p>\n<figure id=\"attachment_2921\" aria-describedby=\"caption-attachment-2921\" style=\"width: 345px\" class=\"wp-caption aligncenter\"><img decoding=\"async\" loading=\"lazy\" class=\"wp-image-2921\" src=\"https:\/\/aifonline.net\/wp-content\/uploads\/2022\/03\/nathan_rutta_6-882x1024.jpg\" alt=\"\" width=\"345\" height=\"400\" srcset=\"https:\/\/aifonline.net\/wp-content\/uploads\/2022\/03\/nathan_rutta_6-882x1024.jpg 882w, https:\/\/aifonline.net\/wp-content\/uploads\/2022\/03\/nathan_rutta_6-259x300.jpg 259w, https:\/\/aifonline.net\/wp-content\/uploads\/2022\/03\/nathan_rutta_6-768x891.jpg 768w, https:\/\/aifonline.net\/wp-content\/uploads\/2022\/03\/nathan_rutta_6.jpg 1034w\" sizes=\"(max-width: 345px) 100vw, 345px\" \/><figcaption id=\"caption-attachment-2921\" class=\"wp-caption-text\">Nathan avec son chien Teddy<\/figcaption><\/figure>\n<p>Notre p\u00e8re Nathan Rutta \u00e9tait n\u00e9 le 2 d\u00e9cembre 1920 \u00e0 Varsovie. Sa famille a fui la Pologne pour la Palestine puis vint en France, \u00e0 Paris deux ans plus tard.<br \/>\nNathan apprit le m\u00e9tier de tailleur chez son oncle \u00e0 l&#8217;\u00e2ge de 13 ans apr\u00e8s avoir obtenu son certificat d&#8217;\u00e9tudes primaires. En 1942, il a 22 ans, il part pour Lyon et s&#8217;engage dans la Resistance. Il est d\u00e9nonc\u00e9 et arr\u00eat\u00e9 par la Gestapo et sera intern\u00e9 au Fort de Montluc, de sinistre m\u00e9moire, dirig\u00e9 par Klaus Barbie. De l\u00e0, il est achemin\u00e9 vers Drancy puis d\u00e9port\u00e9 \u00e0 Auschwitz.<\/p>\n<figure id=\"attachment_2907\" aria-describedby=\"caption-attachment-2907\" style=\"width: 580px\" class=\"wp-caption aligncenter\"><img decoding=\"async\" loading=\"lazy\" class=\"wp-image-2907\" src=\"https:\/\/aifonline.net\/wp-content\/uploads\/2022\/02\/nathan_rutta_carte_combattant.jpg\" alt=\"\" width=\"580\" height=\"400\" srcset=\"https:\/\/aifonline.net\/wp-content\/uploads\/2022\/02\/nathan_rutta_carte_combattant.jpg 1000w, https:\/\/aifonline.net\/wp-content\/uploads\/2022\/02\/nathan_rutta_carte_combattant-300x207.jpg 300w, https:\/\/aifonline.net\/wp-content\/uploads\/2022\/02\/nathan_rutta_carte_combattant-768x530.jpg 768w\" sizes=\"(max-width: 580px) 100vw, 580px\" \/><figcaption id=\"caption-attachment-2907\" class=\"wp-caption-text\">Nathan Rutta, carte de combattant<\/figcaption><\/figure>\n<p>Pendant ce temps, ses parents vivent des moments difficiles et ils furent arr\u00eat\u00e9s \u00e0 leur tour puis d\u00e9port\u00e9s \u00e0 Auschwitz, ils n&#8217;en reviendront jamais.<br \/>\nA la fin de la guerre, Nathan n&#8217;avait plus rien, tout avait \u00e9t\u00e9 spoli\u00e9 par les nazis, Nathan \u00e9tait orphelin de tout.<\/p>\n<figure id=\"attachment_2905\" aria-describedby=\"caption-attachment-2905\" style=\"width: 592px\" class=\"wp-caption aligncenter\"><img decoding=\"async\" loading=\"lazy\" class=\"wp-image-2905\" src=\"https:\/\/aifonline.net\/wp-content\/uploads\/2022\/02\/nathan_rutta_carte_rescape\u0301.jpg\" alt=\"\" width=\"592\" height=\"400\" srcset=\"https:\/\/aifonline.net\/wp-content\/uploads\/2022\/02\/nathan_rutta_carte_rescape\u0301.jpg 1000w, https:\/\/aifonline.net\/wp-content\/uploads\/2022\/02\/nathan_rutta_carte_rescape\u0301-300x203.jpg 300w, https:\/\/aifonline.net\/wp-content\/uploads\/2022\/02\/nathan_rutta_carte_rescape\u0301-768x519.jpg 768w\" sizes=\"(max-width: 592px) 100vw, 592px\" \/><figcaption id=\"caption-attachment-2905\" class=\"wp-caption-text\">Nathan Rutta, Carte de rescape\u0301<\/figcaption><\/figure>\n<p>Sa chance arriva quand il rencontrera Rachel Skopinsky qui l&#8217;aidera \u00e0 se remettre d&#8217;une sant\u00e9 fragile \u00e0 son retour des camps, qui l&#8217;entourera d&#8217;amis, de sa propre famille.<\/p>\n<figure id=\"attachment_2918\" aria-describedby=\"caption-attachment-2918\" style=\"width: 254px\" class=\"wp-caption aligncenter\"><img decoding=\"async\" loading=\"lazy\" class=\"wp-image-2918\" src=\"https:\/\/aifonline.net\/wp-content\/uploads\/2022\/03\/nathan_rutta_3.jpg\" alt=\"\" width=\"254\" height=\"400\" srcset=\"https:\/\/aifonline.net\/wp-content\/uploads\/2022\/03\/nathan_rutta_3.jpg 636w, https:\/\/aifonline.net\/wp-content\/uploads\/2022\/03\/nathan_rutta_3-191x300.jpg 191w\" sizes=\"(max-width: 254px) 100vw, 254px\" \/><figcaption id=\"caption-attachment-2918\" class=\"wp-caption-text\">Nathan et Rachel Rutta<\/figcaption><\/figure>\n<p>Un mariage fut un nouveau point de d\u00e9part, Nathan et Rachel eurent deux filles, Sylvie et V\u00e9ronique dont ils \u00e9taient si fiers. Ils eurent par la suite quatre petits-enfants, Josu\u00e9 et Rapha\u00ebl et Marc et J\u00e9r\u00f4me, qui feront tous les quatre de brillantes \u00e9tudes.<\/p>\n<figure id=\"attachment_2919\" aria-describedby=\"caption-attachment-2919\" style=\"width: 620px\" class=\"wp-caption aligncenter\"><img decoding=\"async\" loading=\"lazy\" class=\"wp-image-2919\" src=\"https:\/\/aifonline.net\/wp-content\/uploads\/2022\/03\/nathan_rutta_4.jpg\" alt=\"\" width=\"620\" height=\"400\" srcset=\"https:\/\/aifonline.net\/wp-content\/uploads\/2022\/03\/nathan_rutta_4.jpg 1000w, https:\/\/aifonline.net\/wp-content\/uploads\/2022\/03\/nathan_rutta_4-300x194.jpg 300w, https:\/\/aifonline.net\/wp-content\/uploads\/2022\/03\/nathan_rutta_4-768x495.jpg 768w\" sizes=\"(max-width: 620px) 100vw, 620px\" \/><figcaption id=\"caption-attachment-2919\" class=\"wp-caption-text\">Nathan entour\u00e9 de ses deux filles Sylvie et V\u00e9ronique<\/figcaption><\/figure>\n<p>Apr\u00e8s quelques ann\u00e9es, Nathan et Rachel ouvrirent une boutique de pr\u00eat-\u00e0-porter \u00e0 Villiers-sur-Marne qui marchait tr\u00e8s bien, l&#8217;\u00e9poque \u00e9tait favorable pour le petit commerce.<\/p>\n<figure id=\"attachment_2922\" aria-describedby=\"caption-attachment-2922\" style=\"width: 400px\" class=\"wp-caption aligncenter\"><img decoding=\"async\" loading=\"lazy\" class=\"wp-image-2922\" src=\"https:\/\/aifonline.net\/wp-content\/uploads\/2022\/03\/nathan_rutta_7.jpg\" alt=\"\" width=\"400\" height=\"400\" srcset=\"https:\/\/aifonline.net\/wp-content\/uploads\/2022\/03\/nathan_rutta_7.jpg 1000w, https:\/\/aifonline.net\/wp-content\/uploads\/2022\/03\/nathan_rutta_7-150x150.jpg 150w, https:\/\/aifonline.net\/wp-content\/uploads\/2022\/03\/nathan_rutta_7-300x300.jpg 300w, https:\/\/aifonline.net\/wp-content\/uploads\/2022\/03\/nathan_rutta_7-768x768.jpg 768w\" sizes=\"(max-width: 400px) 100vw, 400px\" \/><figcaption id=\"caption-attachment-2922\" class=\"wp-caption-text\">Nathan et sa magnifique Panhard<\/figcaption><\/figure>\n<p>Rachel, elle-m\u00eame victime du nazisme, et Nathan formaient un couple fusionnel tout au long de leur vie. Ses filles et petits-enfants sont aujourd&#8217;hui fiers de son parcours, de son courage, de sa t\u00e9nacit\u00e9 et de son attachement si fort \u00e0 son \u00e9pouse.<\/p>\n<figure id=\"attachment_2966\" aria-describedby=\"caption-attachment-2966\" style=\"width: 428px\" class=\"wp-caption aligncenter\"><img decoding=\"async\" loading=\"lazy\" class=\"wp-image-2966\" src=\"https:\/\/aifonline.net\/wp-content\/uploads\/2021\/03\/Nathan-Rutta-me\u0301daille.jpg\" alt=\"\" width=\"428\" height=\"400\" srcset=\"https:\/\/aifonline.net\/wp-content\/uploads\/2021\/03\/Nathan-Rutta-me\u0301daille.jpg 963w, https:\/\/aifonline.net\/wp-content\/uploads\/2021\/03\/Nathan-Rutta-me\u0301daille-300x280.jpg 300w, https:\/\/aifonline.net\/wp-content\/uploads\/2021\/03\/Nathan-Rutta-me\u0301daille-768x718.jpg 768w\" sizes=\"(max-width: 428px) 100vw, 428px\" \/><figcaption id=\"caption-attachment-2966\" class=\"wp-caption-text\">En 1995 dans les Salons du Pavillon Dauphine.<br \/>Jean-Pierre Pierre-Bloch et Claude-G\u00e9rard Marcus, tous deux adjoints au Maire de Paris, d\u00e9cernent au nom de Jacques Chirac la M\u00e9daille de la Ville de Paris \u00e0 Nathan Rutta.<\/figcaption><\/figure>\n<p>Nathan Rutta \u00e9tait un homme int\u00e8gre, un &#8220;mentsch&#8221;, il \u00e9tait tr\u00e8s proche d&#8217;Alain Kaminski, pr\u00e9sident de l&#8217;AIF, fils de L\u00e9on Kaminski, ancien d\u00e9port\u00e9, et qu&#8217;il consid\u00e9rait comme un membre de sa famille.<br \/>\nL\u00e9on Kaminski et Nathan Rutta \u00e9taient n\u00e9s la m\u00eame semaine dans le m\u00eame quartier de Varsovie, ils militaient ensemble au sein de l&#8217;Union Nationale des D\u00e9port\u00e9s, Intern\u00e9s et Victimes de Guerre (UNDIVG), ils se retrouvaient chaque premier jeudi du mois pour d\u00eener ensemble \u00e0 la Brasserie de l&#8217;H\u00f4tel Lutetia, un lien ind\u00e9fectible jusqu&#8217;au 28 septembre 2002 lorsqu&#8217;une longue maladie emportera Nathan Rutta.<br \/>\nL\u00e9on et Nathan reposent en paix dans la m\u00eame s\u00e9pulture au cimeti\u00e8re parisien de Bagneux.<\/p>\n","protected":false},"excerpt":{"rendered":"<p>Par ses filles, V\u00e9ronique Sznitman et Sylvie Elka\u00efm Notre p\u00e8re Nathan Rutta \u00e9tait n\u00e9 le 2 d\u00e9cembre 1920 \u00e0 Varsovie.<\/p>\n","protected":false},"author":1,"featured_media":0,"comment_status":"open","ping_status":"open","sticky":false,"template":"","format":"standard","meta":{"_mi_skip_tracking":false,"_exactmetrics_sitenote_active":false,"_exactmetrics_sitenote_note":"","_exactmetrics_sitenote_category":0,"footnotes":""},"categories":[84],"tags":[],"table_tags":[],"_links":{"self":[{"href":"https:\/\/aifonline.net\/index.php?rest_route=\/wp\/v2\/posts\/2913"}],"collection":[{"href":"https:\/\/aifonline.net\/index.php?rest_route=\/wp\/v2\/posts"}],"about":[{"href":"https:\/\/aifonline.net\/index.php?rest_route=\/wp\/v2\/types\/post"}],"author":[{"embeddable":true,"href":"https:\/\/aifonline.net\/index.php?rest_route=\/wp\/v2\/users\/1"}],"replies":[{"embeddable":true,"href":"https:\/\/aifonline.net\/index.php?rest_route=%2Fwp%2Fv2%2Fcomments&post=2913"}],"version-history":[{"count":11,"href":"https:\/\/aifonline.net\/index.php?rest_route=\/wp\/v2\/posts\/2913\/revisions"}],"predecessor-version":[{"id":2969,"href":"https:\/\/aifonline.net\/index.php?rest_route=\/wp\/v2\/posts\/2913\/revisions\/2969"}],"wp:attachment":[{"href":"https:\/\/aifonline.net\/index.php?rest_route=%2Fwp%2Fv2%2Fmedia&parent=2913"}],"wp:term":[{"taxonomy":"category","embeddable":true,"href":"https:\/\/aifonline.net\/index.php?rest_route=%2Fwp%2Fv2%2Fcategories&post=2913"},{"taxonomy":"post_tag","embeddable":true,"href":"https:\/\/aifonline.net\/index.php?rest_route=%2Fwp%2Fv2%2Ftags&post=2913"},{"taxonomy":"table_tags","embeddable":true,"href":"https:\/\/aifonline.net\/index.php?rest_route=%2Fwp%2Fv2%2Ftable_tags&post=2913"}],"curies":[{"name":"wp","href":"https:\/\/api.w.org\/{rel}","templated":true}]}}