{"id":292,"date":"2018-05-03T18:40:16","date_gmt":"2018-05-03T16:40:16","guid":{"rendered":"http:\/\/yamieux.fr\/?p=292"},"modified":"2018-05-03T18:40:16","modified_gmt":"2018-05-03T16:40:16","slug":"on-a-patauge-dans-la-fange","status":"publish","type":"post","link":"https:\/\/aifonline.net\/?p=292","title":{"rendered":"On a pataug\u00e9 dans la fange"},"content":{"rendered":"<p>Il y a des moments o\u00f9 les \u00e9v\u00e9nements se conjuguent, o\u00f9 le pass\u00e9 tutoie le pr\u00e9sent, c\u2019est l\u00e0 notre devoir de m\u00e9moire et les \u00e9motions ressenties nous impr\u00e8gnent toujours fortement par la solennit\u00e9 des moments, le travail accompli sur soi-m\u00eame, la force des instantan\u00e9s.<br \/>\nAu cours de ces derniers jours, \u00e0 l\u2019occasion du 70\u00e8me\u00a0anniversaire de la naissance de l\u2019Etat d\u2019Isra\u00ebl, j\u2019ai pu voir des images qu\u2019aucun \u00e9v\u00e9nement ne pourra effacer, des chor\u00e9graphies magnifiques offertes par une jeunesse \u00e9blouissante, fi\u00e8re de f\u00eater un miracle.<br \/>\nMais je m\u2019y attendais un peu, les grands medias n\u2019ont pas daign\u00e9 relayer l\u2019\u00e9v\u00e9nement faisant liti\u00e8re de l\u2019existence irr\u00e9fragable de l\u2019Etat d\u2019Isra\u00ebl.<br \/>\nIl y a quelques jours seulement, autre chor\u00e9graphie, j\u2019ai vu les doigts du virtuose franco-isra\u00e9lien Ya\u00efr Bena\u00efm danser sur les cordes de son violon, interpr\u00e9tant les \u0153uvres de grands compositeurs juifs ayant fui le nazisme pour gagner la Palestine d\u2019alors. Ces compositeurs sont devenus des r\u00e9f\u00e9rences dans l\u2019enseignement de la musique en Isra\u00ebl mais quels medias, quels milieux musicaux dits autoris\u00e9s ont fait conna\u00eetre Paul Ben-Ha\u00efm, Od\u00f6n Partosh et Mark Lavry, trois compositeurs de g\u00e9nie dans la mouvance de Bartok. L\u00e0 encore, une entreprise de n\u00e9gation, celle de l\u2019Histoire de la musique en Isra\u00ebl, me semble av\u00e9r\u00e9e.<br \/>\nCombien d\u2019ann\u00e9es faudra-t-il au monde entier pour reconna\u00eetre ce que l\u2019Etat d\u2019Isra\u00ebl a pu apporter sur le plan culturel et combien de d\u00e9cennies faudra-t-il aux artistes de monde entier pour admettre que cet apport culturel, quel que soit son domaine, est un gage pour la paix dans une r\u00e9gion o\u00f9 des r\u00e9f\u00e9rences et des talents restent interdits voire sacrifi\u00e9s sur l\u2019autel de l\u2019intol\u00e9rance.<br \/>\nEn observant la m\u00eame semaine les c\u00e9r\u00e9monies comm\u00e9moratives de la naissance de l\u2019Etat d\u2019Isra\u00ebl, en entendant Ya\u00efr Bena\u00efm en concert, en vivant ces deux moments exceptionnels, j\u2019ai constat\u00e9 que le juda\u00efsme pouvait inspirer l\u2019art, le mettre au service de la M\u00e9moire et de la paix au moment o\u00f9 il d\u00e9range encore au XXI\u00e8me\u00a0si\u00e8cle.<br \/>\nLa seule d\u00e9mocratie du Proche-Orient f\u00eate son 70\u00e8me anniversaire et si la m\u00e9t\u00e9o actuelle est certes plus variable qu\u2019\u00e0 l\u2019accoutum\u00e9e, ce mercredi 18 avril 2018, alors que l\u2019on dansait dans les rues de Tel-Aviv, alors que le peuple juif retenait ses larmes pour comm\u00e9morer six millions de morts, les m\u00e9dias fran\u00e7ais ont consacr\u00e9 la journ\u00e9e enti\u00e8re, parfois en boucle, \u00e0 un record de chaleur in\u00e9gal\u00e9 depuis 1949 dans certains d\u00e9partements.<br \/>\nUne fois encore, dans les salles de r\u00e9daction des grandes cha\u00eenes de t\u00e9l\u00e9vision, on a pataug\u00e9 dans la fange et en occultant le message de paix du peuple d\u2019Isra\u00ebl, en lui infligeant cette avanie, on s\u2019est montr\u00e9 plus que jamais irrespectueux d\u2019icelui.<\/p>\n<p><strong>Alain Kaminski<\/strong><br \/>\nPr\u00e9sident des Amis Isra\u00e9lites de France<\/p>\n<p><em>Paru dans Actualit\u00e9 Juive le 3 mai 2018<\/em><\/p>\n","protected":false},"excerpt":{"rendered":"<p>Il y a des moments o\u00f9 les \u00e9v\u00e9nements se conjuguent, o\u00f9 le pass\u00e9 tutoie le pr\u00e9sent, c\u2019est l\u00e0 notre devoir<\/p>\n","protected":false},"author":2,"featured_media":0,"comment_status":"open","ping_status":"open","sticky":false,"template":"","format":"standard","meta":{"_mi_skip_tracking":false,"_exactmetrics_sitenote_active":false,"_exactmetrics_sitenote_note":"","_exactmetrics_sitenote_category":0,"footnotes":""},"categories":[4],"tags":[],"table_tags":[],"_links":{"self":[{"href":"https:\/\/aifonline.net\/index.php?rest_route=\/wp\/v2\/posts\/292"}],"collection":[{"href":"https:\/\/aifonline.net\/index.php?rest_route=\/wp\/v2\/posts"}],"about":[{"href":"https:\/\/aifonline.net\/index.php?rest_route=\/wp\/v2\/types\/post"}],"author":[{"embeddable":true,"href":"https:\/\/aifonline.net\/index.php?rest_route=\/wp\/v2\/users\/2"}],"replies":[{"embeddable":true,"href":"https:\/\/aifonline.net\/index.php?rest_route=%2Fwp%2Fv2%2Fcomments&post=292"}],"version-history":[{"count":0,"href":"https:\/\/aifonline.net\/index.php?rest_route=\/wp\/v2\/posts\/292\/revisions"}],"wp:attachment":[{"href":"https:\/\/aifonline.net\/index.php?rest_route=%2Fwp%2Fv2%2Fmedia&parent=292"}],"wp:term":[{"taxonomy":"category","embeddable":true,"href":"https:\/\/aifonline.net\/index.php?rest_route=%2Fwp%2Fv2%2Fcategories&post=292"},{"taxonomy":"post_tag","embeddable":true,"href":"https:\/\/aifonline.net\/index.php?rest_route=%2Fwp%2Fv2%2Ftags&post=292"},{"taxonomy":"table_tags","embeddable":true,"href":"https:\/\/aifonline.net\/index.php?rest_route=%2Fwp%2Fv2%2Ftable_tags&post=292"}],"curies":[{"name":"wp","href":"https:\/\/api.w.org\/{rel}","templated":true}]}}