{"id":2928,"date":"2022-03-21T08:33:21","date_gmt":"2022-03-21T07:33:21","guid":{"rendered":"http:\/\/aifonline.net\/?p=2928"},"modified":"2022-03-21T22:00:47","modified_gmt":"2022-03-21T21:00:47","slug":"billet-qui-aurait-cru","status":"publish","type":"post","link":"https:\/\/aifonline.net\/?p=2928","title":{"rendered":"Billet : Qui aurait cru"},"content":{"rendered":"<p><em><strong>Par Alain Kaminski<\/strong><\/em><\/p>\n<p class=\"p1\"><span class=\"s1\">Il y a quelques semaines encore, je ne pensais qu\u2019\u00e0 ce mois d\u2019avril qui approche, \u00e0 mon soixante-dixi\u00e8me anniversaire qui s\u2019appr\u00eate \u00e0 me prendre dans ses bras. Les ann\u00e9es passent et les enfants n\u00e9s apr\u00e8s la guerre sont des grands-p\u00e8res qui se souviennent de chaque pens\u00e9e, de chaque mot prononc\u00e9 par leurs parents, une fa\u00e7on sans doute de vivre encore avec eux. Ne dit-on pas que nos anciens ne nous ont jamais quitt\u00e9s d\u00e8s lors que l\u2019on pense toujours \u00e0 eux\u00a0. Pour ma part, il m\u2019arrive presqu\u2019au quotidien de penser \u00e0 mon p\u00e8re jusqu\u2019\u00e0 prononcer un mot \u00e0 sa fa\u00e7on et m\u00eame avec son accent.<br \/>\nJ\u2019avais toujours admis qu\u2019il disait vrai, toujours vrai. Mais il y a quelques semaines, j\u2019ai pens\u00e9 qu\u2019il avait mal vu ou plut\u00f4t mal pr\u00e9vu, qu\u2019il n\u2019avait pas, malheureusement, \u00e9t\u00e9 le visionnaire qu\u2019il croyait \u00eatre. J\u2019ai pens\u00e9 \u00e0 <\/span><span class=\"s2\">une<\/span><span class=\"s1\"> phrase magnifique, je l\u2019entends encore me la dire, avec des mots qui me semblent aujourd\u2019hui compl\u00e9tement irr\u00e9els.<br \/>\nMon p\u00e8re me disait il y a une bonne dizaine d\u2019ann\u00e9es, peu de temps avant qu\u2019il ne me quitt\u00e2t,<span class=\"Apple-converted-space\">\u00a0 <\/span>que j\u2019appartenais \u00e0 une g\u00e9n\u00e9ration, la premi\u00e8re, qui n\u2019aura pas connu une guerre \u00e0 sa porte, la premi\u00e8re g\u00e9n\u00e9ration<span class=\"Apple-converted-space\">\u00a0 <\/span><\/span><span class=\"s2\">qui aura la certitude d\u2019un <\/span><span class=\"s1\">avenir radieux pour ses enfants et ses petits-enfants.<br \/>\nJe lui pardonne, bien s\u00fbr, car le soleil ne pouvait que briller pour ces anciens d\u00e9port\u00e9s tellement heureux d\u2019avoir reconstruit, d\u2019avoir un fond\u00e9 un foyer.<br \/>\nJe lui pardonne, bien s\u00fbr et eu \u00e9gard \u00e0 son grand \u00e2ge, de n\u2019avoir pas pris la bonne mesure d\u2019un r\u00e9chauffement climatique qui me laisse perplexe quant au bien-\u00eatre des g\u00e9n\u00e9rations futures. Pouvait-il imaginer, mon pauvre p\u00e8re, qu\u2019une \u00e9pid\u00e9mie allait nous inviter \u00e0 un bal masqu\u00e9 qui aura dur\u00e9 deux ans, fait plus de 140\u00a0000 morts,<span class=\"Apple-converted-space\">\u00a0 <\/span>et amener nos politiques \u00e0 nous proposer d\u2019apprendre \u00e0 vivre avec un mauvais compagnon qu\u2019on appelle un virus.<br \/>\nEnfin, comment pouvait-il imaginer qu\u2019un dictateur russe entour\u00e9 de ses feudataires tremblotants, allait nous rappeler d\u2019un air cauteleux que la Russie, nation qui se veut demeurer un Empire avec un costume \u00e0 sa d\u00e9mesure, pouvait sans vergogne <\/span><span class=\"s2\">affamer<\/span> <span class=\"s2\">son voisin<\/span><span class=\"s1\"> et en m\u00eame temps museler tout son peuple. Comme tout despote <\/span><span class=\"s2\">r\u00eavant<\/span><span class=\"s1\"> d\u2019unir son destin \u00e0 celui de son pays, esp\u00e9rons que <\/span><span class=\"s2\">celui-l\u00e0 <\/span><span class=\"s1\">vacillera sur ses cimes pour finir dans les ge\u00f4les propos\u00e9es par la Cour P\u00e9nale internationale.<br \/>\nFinalement, comment pourrai-je r\u00e9pondre \u00e0 mon p\u00e8re sans avoir \u00e0 lui demander \u00e0 quelle g\u00e9n\u00e9ration sommes-nous cens\u00e9s appartenir\u00a0? Si je pouvais l\u2019informer de tout ce qu\u2019il se passe aujourd\u2019hui, il se retournerait dans sa tombe. Ou bien sa voix me dirait que l\u2019Europe est unie aujourd\u2019hui, plus que jamais, <\/span><span class=\"s2\">et que nous pouvons compter sur elle pour <\/span><span class=\"s1\">\u00e9veiller nos consciences, nourrir nos espoirs afin de vivre dans un espace de concorde et de fraternit\u00e9.<br \/>\nMon p\u00e8re \u00e9tait tellement optimiste, je suis s\u00fbr qu\u2019il pense, l\u00e0 o\u00f9 il repose en paix, qu\u2019un jour une Lumi\u00e8re finira par chasser les t\u00e9n\u00e8bres et qu\u2019elle nous illuminera tous.<br \/>\n<\/span><span class=\"s2\">En attendant, mettons \u00e0 profit le jour pr\u00e9sent, il faut jouir des bienfaits de la vie sans attendre, la vie est belle avec nos familles, nos amis et nos passions.<br \/>\nComme nous le rappelait Horace dans ses Odes, Carpe Diem.<\/span><\/p>\n","protected":false},"excerpt":{"rendered":"<p>Par Alain Kaminski Il y a quelques semaines encore, je ne pensais qu\u2019\u00e0 ce mois d\u2019avril qui approche, \u00e0 mon<\/p>\n","protected":false},"author":1,"featured_media":0,"comment_status":"open","ping_status":"open","sticky":false,"template":"","format":"standard","meta":{"_mi_skip_tracking":false,"_exactmetrics_sitenote_active":false,"_exactmetrics_sitenote_note":"","_exactmetrics_sitenote_category":0,"footnotes":""},"categories":[4],"tags":[],"table_tags":[],"_links":{"self":[{"href":"https:\/\/aifonline.net\/index.php?rest_route=\/wp\/v2\/posts\/2928"}],"collection":[{"href":"https:\/\/aifonline.net\/index.php?rest_route=\/wp\/v2\/posts"}],"about":[{"href":"https:\/\/aifonline.net\/index.php?rest_route=\/wp\/v2\/types\/post"}],"author":[{"embeddable":true,"href":"https:\/\/aifonline.net\/index.php?rest_route=\/wp\/v2\/users\/1"}],"replies":[{"embeddable":true,"href":"https:\/\/aifonline.net\/index.php?rest_route=%2Fwp%2Fv2%2Fcomments&post=2928"}],"version-history":[{"count":5,"href":"https:\/\/aifonline.net\/index.php?rest_route=\/wp\/v2\/posts\/2928\/revisions"}],"predecessor-version":[{"id":2977,"href":"https:\/\/aifonline.net\/index.php?rest_route=\/wp\/v2\/posts\/2928\/revisions\/2977"}],"wp:attachment":[{"href":"https:\/\/aifonline.net\/index.php?rest_route=%2Fwp%2Fv2%2Fmedia&parent=2928"}],"wp:term":[{"taxonomy":"category","embeddable":true,"href":"https:\/\/aifonline.net\/index.php?rest_route=%2Fwp%2Fv2%2Fcategories&post=2928"},{"taxonomy":"post_tag","embeddable":true,"href":"https:\/\/aifonline.net\/index.php?rest_route=%2Fwp%2Fv2%2Ftags&post=2928"},{"taxonomy":"table_tags","embeddable":true,"href":"https:\/\/aifonline.net\/index.php?rest_route=%2Fwp%2Fv2%2Ftable_tags&post=2928"}],"curies":[{"name":"wp","href":"https:\/\/api.w.org\/{rel}","templated":true}]}}