{"id":2978,"date":"2022-03-21T22:05:17","date_gmt":"2022-03-21T21:05:17","guid":{"rendered":"http:\/\/aifonline.net\/?p=2978"},"modified":"2022-03-21T22:05:17","modified_gmt":"2022-03-21T21:05:17","slug":"les-patronymes-le-metier-de-tailleur","status":"publish","type":"post","link":"https:\/\/aifonline.net\/?p=2978","title":{"rendered":"Les patronymes : Le m\u00e9tier de tailleur"},"content":{"rendered":"<p><em><strong>Par Alain Kaminski<\/strong><\/em><\/p>\n<p>Le m\u00e9tier de tailleur dans la confection \u00e9tait tr\u00e8s r\u00e9pandu dans la Communaut\u00e9 juive, si bien que nombreux furent ceux qui l\u2019avaient adopt\u00e9 pour patronyme.<br \/>\nEn yiddish, ils \u00e9taient les plus connus car Sznajder ou Szneider, ou Schneider et Chneiderman. En polonais ou en bi\u00e9lorusse de Minsk \u00e0 Pinsk, le tailleur, c\u2019est la famille Krawiec ou Krawietz, prononcez Kravietz comme Kraviets pour les juifs originaires d\u2019Ukraine. En Hongrie ils sont les Szabo et en Roumanie les Croitor ou Croitoru. En russe le tailleur est bien s\u00fbr Portnoy.<br \/>\nEn Afrique du Nord, le tailleur est pr\u00e9sent avec le mot arabe Kahyyat d\u2019o\u00f9 les Khayat ou Elkahayat aussi Alfayate.<br \/>\nPour nous ils tiraient l\u2019aiguille, et cette aiguille c\u2019est Nadel ou Nudel voire Nudelman, ces aiguilles ne connaissaient que le yiddish, elles \u00e9taient blanches, Nadelwais ou Nadelwajs, ou dor\u00e9es Goldnadel mais bien plus rarement argent\u00e9e comme Zylbernadel, ce que je ne m\u2019explique pas car les aiguilles sont plus souvent argent\u00e9es que blanches ou dor\u00e9es.<br \/>\nPour les chapeaux, les casquettes, c\u2019est presque dans toute l\u2019Europe de l\u2019Est Szapka ou Szczapka et nous avons nos Szapkiewicz et m\u00eame Szczapkiewicz.<br \/>\nMais rappelons que le chiffon en polonais se dit Szmata d\u2019o\u00f9 les fameux schmat\u00e8s pour d\u00e9signer les v\u00eatements ou le m\u00e9tier de la confection. Et petit clin d\u2019\u0153il \u00e0 une amie de ma grand-m\u00e8re, Madame Schmatnik\u00a0!<\/p>\n<p><em>Publi\u00e9 dans Actualit\u00e9 Juive en 2021<\/em><\/p>\n","protected":false},"excerpt":{"rendered":"<p>Par Alain Kaminski Le m\u00e9tier de tailleur dans la confection \u00e9tait tr\u00e8s r\u00e9pandu dans la Communaut\u00e9 juive, si bien que<\/p>\n","protected":false},"author":1,"featured_media":0,"comment_status":"open","ping_status":"open","sticky":false,"template":"","format":"standard","meta":{"_mi_skip_tracking":false,"_exactmetrics_sitenote_active":false,"_exactmetrics_sitenote_note":"","_exactmetrics_sitenote_category":0,"footnotes":""},"categories":[79],"tags":[],"table_tags":[],"_links":{"self":[{"href":"https:\/\/aifonline.net\/index.php?rest_route=\/wp\/v2\/posts\/2978"}],"collection":[{"href":"https:\/\/aifonline.net\/index.php?rest_route=\/wp\/v2\/posts"}],"about":[{"href":"https:\/\/aifonline.net\/index.php?rest_route=\/wp\/v2\/types\/post"}],"author":[{"embeddable":true,"href":"https:\/\/aifonline.net\/index.php?rest_route=\/wp\/v2\/users\/1"}],"replies":[{"embeddable":true,"href":"https:\/\/aifonline.net\/index.php?rest_route=%2Fwp%2Fv2%2Fcomments&post=2978"}],"version-history":[{"count":1,"href":"https:\/\/aifonline.net\/index.php?rest_route=\/wp\/v2\/posts\/2978\/revisions"}],"predecessor-version":[{"id":2979,"href":"https:\/\/aifonline.net\/index.php?rest_route=\/wp\/v2\/posts\/2978\/revisions\/2979"}],"wp:attachment":[{"href":"https:\/\/aifonline.net\/index.php?rest_route=%2Fwp%2Fv2%2Fmedia&parent=2978"}],"wp:term":[{"taxonomy":"category","embeddable":true,"href":"https:\/\/aifonline.net\/index.php?rest_route=%2Fwp%2Fv2%2Fcategories&post=2978"},{"taxonomy":"post_tag","embeddable":true,"href":"https:\/\/aifonline.net\/index.php?rest_route=%2Fwp%2Fv2%2Ftags&post=2978"},{"taxonomy":"table_tags","embeddable":true,"href":"https:\/\/aifonline.net\/index.php?rest_route=%2Fwp%2Fv2%2Ftable_tags&post=2978"}],"curies":[{"name":"wp","href":"https:\/\/api.w.org\/{rel}","templated":true}]}}