{"id":3019,"date":"2022-04-12T18:49:26","date_gmt":"2022-04-12T16:49:26","guid":{"rendered":"http:\/\/aifonline.net\/?p=3019"},"modified":"2022-04-14T22:09:44","modified_gmt":"2022-04-14T20:09:44","slug":"portrait-menahem-letzt-1900-1975","status":"publish","type":"post","link":"https:\/\/aifonline.net\/?p=3019","title":{"rendered":"Portrait : Menahem Letzt (1900-1975)"},"content":{"rendered":"<p><em><strong>Par la famille Letzt<\/strong><\/em><\/p>\n<figure id=\"attachment_3010\" aria-describedby=\"caption-attachment-3010\" style=\"width: 286px\" class=\"wp-caption aligncenter\"><img decoding=\"async\" loading=\"lazy\" class=\"wp-image-3010\" src=\"https:\/\/aifonline.net\/wp-content\/uploads\/2022\/04\/Menahem-Letzt3-731x1024.jpg\" alt=\"\" width=\"286\" height=\"400\" srcset=\"https:\/\/aifonline.net\/wp-content\/uploads\/2022\/04\/Menahem-Letzt3-731x1024.jpg 731w, https:\/\/aifonline.net\/wp-content\/uploads\/2022\/04\/Menahem-Letzt3-214x300.jpg 214w, https:\/\/aifonline.net\/wp-content\/uploads\/2022\/04\/Menahem-Letzt3-768x1075.jpg 768w, https:\/\/aifonline.net\/wp-content\/uploads\/2022\/04\/Menahem-Letzt3.jpg 857w\" sizes=\"(max-width: 286px) 100vw, 286px\" \/><figcaption id=\"caption-attachment-3010\" class=\"wp-caption-text\">Menahem Letzt, ann\u00e9es 1970<\/figcaption><\/figure>\n<p>N\u00e9 \u00e0 Varsovie le 13 ao\u00fbt 1900, Menahem Letzt arrive en France en 1921.<br \/>\nIl quitta la Pologne pour rejoindre en France deux de ses s\u0153urs, Hena et Perla et pour \u00e9viter un service militaire dans une arm\u00e9e polonaise peu accueillante pour les juifs. Il rencontrera Rachel Schlinger en 1922, \u00e2g\u00e9e alors de 18 ans, et l\u2019\u00e9pousera la m\u00eame ann\u00e9e. Ils auront deux enfants, Regina n\u00e9e en 1923 et Salomon n\u00e9 en 1929. Entre-temps, il fera venir ses parents Henoch et A\u00efda, son fr\u00e8re Chlo\u00efm\u00e9 et deux autres s\u0153urs Chana et Fajga. Menahem \u00e9tait tapissier de formation en Pologne et \u00e0 Paris ses parents, bouchers de profession, avaient ouvert une petite boucherie cacher rue Charles V \u00e0 Paris, entreprise qui fit faillite rapidement eu \u00e9gard \u00e0 l\u2019exigu\u00eft\u00e9 du local, \u00e0 la seule langue yiddish utilis\u00e9e pour servir le client et au sens totalement inexistant du commerce\u2026 de l\u2019accueil en particulier.<\/p>\n<figure id=\"attachment_3006\" aria-describedby=\"caption-attachment-3006\" style=\"width: 622px\" class=\"wp-caption aligncenter\"><img decoding=\"async\" loading=\"lazy\" class=\"wp-image-3006\" src=\"https:\/\/aifonline.net\/wp-content\/uploads\/2022\/04\/Menahem-Letzt4-1024x658.jpg\" alt=\"\" width=\"622\" height=\"400\" srcset=\"https:\/\/aifonline.net\/wp-content\/uploads\/2022\/04\/Menahem-Letzt4-1024x658.jpg 1024w, https:\/\/aifonline.net\/wp-content\/uploads\/2022\/04\/Menahem-Letzt4-300x193.jpg 300w, https:\/\/aifonline.net\/wp-content\/uploads\/2022\/04\/Menahem-Letzt4-768x494.jpg 768w, https:\/\/aifonline.net\/wp-content\/uploads\/2022\/04\/Menahem-Letzt4.jpg 1185w\" sizes=\"(max-width: 622px) 100vw, 622px\" \/><figcaption id=\"caption-attachment-3006\" class=\"wp-caption-text\">Menahem en haut au milieu, \u00e0 son arriv\u00e9e de Pologne en 1922, travaillait dans une usine de m\u00e9tallurgie en Lorraine<\/figcaption><\/figure>\n<figure id=\"attachment_3008\" aria-describedby=\"caption-attachment-3008\" style=\"width: 555px\" class=\"wp-caption aligncenter\"><img decoding=\"async\" loading=\"lazy\" class=\"wp-image-3008\" src=\"https:\/\/aifonline.net\/wp-content\/uploads\/2022\/04\/Menahem-et-Rachel-avec-leur-jeune-fille-Regina-1024x738.jpg\" alt=\"\" width=\"555\" height=\"400\" srcset=\"https:\/\/aifonline.net\/wp-content\/uploads\/2022\/04\/Menahem-et-Rachel-avec-leur-jeune-fille-Regina-1024x738.jpg 1024w, https:\/\/aifonline.net\/wp-content\/uploads\/2022\/04\/Menahem-et-Rachel-avec-leur-jeune-fille-Regina-300x216.jpg 300w, https:\/\/aifonline.net\/wp-content\/uploads\/2022\/04\/Menahem-et-Rachel-avec-leur-jeune-fille-Regina-768x554.jpg 768w, https:\/\/aifonline.net\/wp-content\/uploads\/2022\/04\/Menahem-et-Rachel-avec-leur-jeune-fille-Regina.jpg 1200w\" sizes=\"(max-width: 555px) 100vw, 555px\" \/><figcaption id=\"caption-attachment-3008\" class=\"wp-caption-text\">Menahem Letzt, son \u00e9pouse Rachel et leur jeune fille Regina, ann\u00e9es 1930<\/figcaption><\/figure>\n<p>Les ann\u00e9es 39-40 furent un moment difficile, il d\u00fbt s\u2019engager dans la L\u00e9gion \u00e9trang\u00e8re en Alg\u00e9rie pour permettre \u00e0 sa famille, de nationalit\u00e9 polonaise, de rester sur le territoire fran\u00e7ais. Puis il les rejoignit d\u00e8s les premi\u00e8res pers\u00e9cutions pour quitter Paris pour Mondoubleau dans le Loir-et-Cher puis La Pacodi\u00e8re dans la Loire et Roanne.<\/p>\n<figure id=\"attachment_3014\" aria-describedby=\"caption-attachment-3014\" style=\"width: 288px\" class=\"wp-caption aligncenter\"><img decoding=\"async\" loading=\"lazy\" class=\"wp-image-3014\" src=\"https:\/\/aifonline.net\/wp-content\/uploads\/2022\/04\/Menahem-Letzt-en-Alge\u0301rie1.jpg\" alt=\"\" width=\"288\" height=\"400\" srcset=\"https:\/\/aifonline.net\/wp-content\/uploads\/2022\/04\/Menahem-Letzt-en-Alge\u0301rie1.jpg 720w, https:\/\/aifonline.net\/wp-content\/uploads\/2022\/04\/Menahem-Letzt-en-Alge\u0301rie1-216x300.jpg 216w\" sizes=\"(max-width: 288px) 100vw, 288px\" \/><figcaption id=\"caption-attachment-3014\" class=\"wp-caption-text\">Menahem Letzt en uniforme de l\u00e9gionnaire en Alge\u0301rie, 7 avril 1940<\/figcaption><\/figure>\n<figure id=\"attachment_3012\" aria-describedby=\"caption-attachment-3012\" style=\"width: 236px\" class=\"wp-caption aligncenter\"><img decoding=\"async\" loading=\"lazy\" class=\"wp-image-3012\" src=\"https:\/\/aifonline.net\/wp-content\/uploads\/2022\/04\/Menahem-Letzt-sedder-604x1024.jpg\" alt=\"\" width=\"236\" height=\"400\" srcset=\"https:\/\/aifonline.net\/wp-content\/uploads\/2022\/04\/Menahem-Letzt-sedder-604x1024.jpg 604w, https:\/\/aifonline.net\/wp-content\/uploads\/2022\/04\/Menahem-Letzt-sedder-177x300.jpg 177w, https:\/\/aifonline.net\/wp-content\/uploads\/2022\/04\/Menahem-Letzt-sedder.jpg 708w\" sizes=\"(max-width: 236px) 100vw, 236px\" \/><figcaption id=\"caption-attachment-3012\" class=\"wp-caption-text\">Menu du repas de seder offert aux soldats juifs par le Consistoire Isra\u00e9lite de Sidi-Bel-Abb\u00e8s, Alg\u00e9rie, 1940<\/figcaption><\/figure>\n<p>Difficile de se cacher, les d\u00e9nonciations et la difficult\u00e9 de se loger les am\u00e8neront dans les Alpes-Maritimes, cette fameuse commune de Saint-Martin V\u00e9subie pr\u00e8s du Parc de Mercantour.<br \/>\nCette commune qui a tant prot\u00e9g\u00e9 les juifs \u00e9tait occup\u00e9e par une arm\u00e9e italienne oppos\u00e9e aux Allemands, ses officiers ont aid\u00e9 les juifs \u00e0 traverser la montagne pour les remettre en territoire italien \u00e0 deux hommes d\u2019Eglise qui pla\u00e7aient les juifs chez des paysans italiens, r\u00e9sistants.<\/p>\n<figure id=\"attachment_3025\" aria-describedby=\"caption-attachment-3025\" style=\"width: 272px\" class=\"wp-caption aligncenter\"><img decoding=\"async\" loading=\"lazy\" class=\"wp-image-3025\" src=\"https:\/\/aifonline.net\/wp-content\/uploads\/2022\/04\/carte_dentite_regine_letzt.jpg\" alt=\"\" width=\"272\" height=\"400\" srcset=\"https:\/\/aifonline.net\/wp-content\/uploads\/2022\/04\/carte_dentite_regine_letzt.jpg 397w, https:\/\/aifonline.net\/wp-content\/uploads\/2022\/04\/carte_dentite_regine_letzt-204x300.jpg 204w\" sizes=\"(max-width: 272px) 100vw, 272px\" \/><figcaption id=\"caption-attachment-3025\" class=\"wp-caption-text\">Carte d&#8217;identit\u00e9 italienne au nom de R\u00e9gine Letzt<\/figcaption><\/figure>\n<p>Cela se passait \u00e0 Borgo San Dalmazio o\u00f9 les allemands install\u00e8rent d\u00e9j\u00e0 un camp d\u2019internement pour les juifs, plus de 400 d\u2019entre eux seront d\u00e9port\u00e9s mais certains sentant le vent tourner se sont \u00e9clips\u00e9s avant d\u2019\u00eatre arr\u00eat\u00e9s et Menahem Letzt et sa famille descendirent tr\u00e8s vite sur Florence puis Rome o\u00f9 ils ont \u00e9t\u00e9 r\u00e9cup\u00e9r\u00e9s par un moine capucin, P\u00e8re Marie Beno\u00eet, un homme extraordinaire qui, avec le soutien financier du banquier juif italien r\u00e9sidant \u00e0 Nice, Angelo Donati, a log\u00e9 la famille Letzt, d\u2019abord dans un couvent pr\u00e8s de Rome puis au c\u0153ur de Rome, au 5 Via Condotti, adresse aujourd\u2019hui si prestigieuse, il leur fournira des cartes d\u2019identit\u00e9 italiennes. Les Letzt y resteront jusqu\u2019en 1945. Pendant ce temps, les parents de Menahem furent arr\u00eat\u00e9s \u00e0 Paris rue des Amandiers, ils ne reviendront jamais d\u2019Auschwitz. Sa s\u0153ur Chana Chopfenberg reviendra d\u2019Auschwitz mais sans son mari, Perla Nadelwais et Fajga Fouks, ses deux autres s\u0153urs ne reverront plus jamais leur \u00e9poux.<\/p>\n<figure id=\"attachment_3009\" aria-describedby=\"caption-attachment-3009\" style=\"width: 258px\" class=\"wp-caption aligncenter\"><img decoding=\"async\" loading=\"lazy\" class=\"wp-image-3009\" src=\"https:\/\/aifonline.net\/wp-content\/uploads\/2022\/04\/Menahem-et-Rachel-661x1024.jpg\" alt=\"\" width=\"258\" height=\"400\" srcset=\"https:\/\/aifonline.net\/wp-content\/uploads\/2022\/04\/Menahem-et-Rachel-661x1024.jpg 661w, https:\/\/aifonline.net\/wp-content\/uploads\/2022\/04\/Menahem-et-Rachel-194x300.jpg 194w, https:\/\/aifonline.net\/wp-content\/uploads\/2022\/04\/Menahem-et-Rachel-768x1189.jpg 768w, https:\/\/aifonline.net\/wp-content\/uploads\/2022\/04\/Menahem-et-Rachel.jpg 775w\" sizes=\"(max-width: 258px) 100vw, 258px\" \/><figcaption id=\"caption-attachment-3009\" class=\"wp-caption-text\">Menahem et Rachel Letzt en vacances \u00e0 Menton, f\u00e9vrier 1952<\/figcaption><\/figure>\n<p>Menahem Letzt et son \u00e9pouse seront commer\u00e7ants dans le textile \u00e0 Paris, ils prendront leur retraite \u00e0 Menton, \u00e0 la fronti\u00e8re italienne, si proche du pays qui les a sauv\u00e9s, jusqu\u2019\u00e0 la disparition de Rachel en 1974, suivie de celle de Menahem en 1975. Leur fille Regina, \u00e2g\u00e9e de 99 ans, est peut-\u00eatre aujourd\u2019hui la derni\u00e8re survivante adulte \u00e0 l\u2019\u00e9poque, qui a connu l\u2019Histoire des juifs \u00e0 Saint-Martin-V\u00e9subie. Elle \u00e9pousera en 1947 L\u00e9on Kaminski, ancien d\u00e9port\u00e9, et Salomon \u00e9pousera plus tard Jeanine Langman, fille de d\u00e9port\u00e9.<\/p>\n<figure id=\"attachment_3007\" aria-describedby=\"caption-attachment-3007\" style=\"width: 285px\" class=\"wp-caption aligncenter\"><img decoding=\"async\" loading=\"lazy\" class=\"wp-image-3007\" src=\"https:\/\/aifonline.net\/wp-content\/uploads\/2022\/04\/Menahem-Letzt-synagogue-de-Menton-730x1024.jpg\" alt=\"\" width=\"285\" height=\"400\" srcset=\"https:\/\/aifonline.net\/wp-content\/uploads\/2022\/04\/Menahem-Letzt-synagogue-de-Menton-730x1024.jpg 730w, https:\/\/aifonline.net\/wp-content\/uploads\/2022\/04\/Menahem-Letzt-synagogue-de-Menton-214x300.jpg 214w, https:\/\/aifonline.net\/wp-content\/uploads\/2022\/04\/Menahem-Letzt-synagogue-de-Menton-768x1078.jpg 768w, https:\/\/aifonline.net\/wp-content\/uploads\/2022\/04\/Menahem-Letzt-synagogue-de-Menton.jpg 1561w\" sizes=\"(max-width: 285px) 100vw, 285px\" \/><figcaption id=\"caption-attachment-3007\" class=\"wp-caption-text\">R\u00e9ception d&#8217;un sefer torah \u00e0 la synagogue de Menton<\/figcaption><\/figure>\n<p>Menahem Letzt fut un des piliers des Amis Isra\u00e9lites de France, tr\u00e9sorier, porte-drapeau, et fils de co-fondateurs. Ses enfants, petits-enfants et arri\u00e8re-petits-enfants restent profond\u00e9ment attach\u00e9s \u00e0 cette soci\u00e9t\u00e9 mutualiste qui est partie int\u00e9grante de leur famille.<\/p>\n","protected":false},"excerpt":{"rendered":"<p>Par la famille Letzt N\u00e9 \u00e0 Varsovie le 13 ao\u00fbt 1900, Menahem Letzt arrive en France en 1921. Il quitta<\/p>\n","protected":false},"author":1,"featured_media":0,"comment_status":"open","ping_status":"open","sticky":false,"template":"","format":"standard","meta":{"_mi_skip_tracking":false,"_exactmetrics_sitenote_active":false,"_exactmetrics_sitenote_note":"","_exactmetrics_sitenote_category":0,"footnotes":""},"categories":[84],"tags":[65,50],"table_tags":[],"_links":{"self":[{"href":"https:\/\/aifonline.net\/index.php?rest_route=\/wp\/v2\/posts\/3019"}],"collection":[{"href":"https:\/\/aifonline.net\/index.php?rest_route=\/wp\/v2\/posts"}],"about":[{"href":"https:\/\/aifonline.net\/index.php?rest_route=\/wp\/v2\/types\/post"}],"author":[{"embeddable":true,"href":"https:\/\/aifonline.net\/index.php?rest_route=\/wp\/v2\/users\/1"}],"replies":[{"embeddable":true,"href":"https:\/\/aifonline.net\/index.php?rest_route=%2Fwp%2Fv2%2Fcomments&post=3019"}],"version-history":[{"count":24,"href":"https:\/\/aifonline.net\/index.php?rest_route=\/wp\/v2\/posts\/3019\/revisions"}],"predecessor-version":[{"id":3073,"href":"https:\/\/aifonline.net\/index.php?rest_route=\/wp\/v2\/posts\/3019\/revisions\/3073"}],"wp:attachment":[{"href":"https:\/\/aifonline.net\/index.php?rest_route=%2Fwp%2Fv2%2Fmedia&parent=3019"}],"wp:term":[{"taxonomy":"category","embeddable":true,"href":"https:\/\/aifonline.net\/index.php?rest_route=%2Fwp%2Fv2%2Fcategories&post=3019"},{"taxonomy":"post_tag","embeddable":true,"href":"https:\/\/aifonline.net\/index.php?rest_route=%2Fwp%2Fv2%2Ftags&post=3019"},{"taxonomy":"table_tags","embeddable":true,"href":"https:\/\/aifonline.net\/index.php?rest_route=%2Fwp%2Fv2%2Ftable_tags&post=3019"}],"curies":[{"name":"wp","href":"https:\/\/api.w.org\/{rel}","templated":true}]}}