{"id":3076,"date":"2022-05-11T12:55:11","date_gmt":"2022-05-11T10:55:11","guid":{"rendered":"http:\/\/aifonline.net\/?p=3076"},"modified":"2022-05-11T13:37:48","modified_gmt":"2022-05-11T11:37:48","slug":"les-patronymes-les-tunes-ne-sont-pas-oublies","status":"publish","type":"post","link":"https:\/\/aifonline.net\/?p=3076","title":{"rendered":"Les patronymes : Les &#8220;tunes&#8221; ne sont pas oubli\u00e9s"},"content":{"rendered":"<p><em><strong>Par Alain Kaminski<\/strong><\/em><\/p>\n<p>J\u2019ai promis \u00e0 mes tr\u00e8s chers amis tunisiens qu\u2019on ne les confondrait plus.<br \/>\nIl y a les Saban ou Sabban, les Seban ou Sebban, ils rappellent le m\u00e9tier de savonnier, la fabrication du savon ou son commerce.<br \/>\nMais il y a les Sitbon, Setbon ou Scetbon, de l\u2019arabe chitboun qui signifie\u00a0 b\u00fbcheron, c\u2019est donc le m\u00e9tier du bois, l\u00e0 aussi ce nom pouvait \u00eatre attribu\u00e9 par la suite aux professionnels du bois sans \u00eatre limit\u00e9s aux coupeurs de tronc d\u2019arbres.<br \/>\nMais alors, quid des plus rares Sebon ? Eh bien Sebon nous vient tout simplement d\u2019ailleurs, du c\u00f4t\u00e9 de Remchi, anciennement Montagnac, pr\u00e8s de Tlemcen en Alg\u00e9rie et Sebon n\u2019est qu\u2019une forme francis\u00e9e de Sebaoun. C\u2019est d\u2019ailleurs sur un acte de mariage du 4 f\u00e9vrier 1920 de Remchi, d\u00e9partement d\u2019Oran, que l\u2019on retrouve un David Sebon et son ascendance les Sebaoun dont le patronyme nous viendrait de l\u2019arabe Usb\u00fbna, nom donn\u00e9 \u00e0 la ville de Lisbonne par les Arabes lors de la conqu\u00eate de la ville. Les Sebaoun nous viendraient donc de l\u2019Inquisition du Portugal.<br \/>\nMais revenons \u00e0 mes amis tunisiens pour leur confirmer que Berrebi ou Berribi est une d\u00e9formation de Benrebbi qui signifie bien fils du rabbin et non, comme le trilit\u00e8re pourrait le rappeler par sa phon\u00e9tique, le mot \u00abberb\u00e8re\u00bb.<br \/>\nEnfin mon clin d\u2019\u0153il ira pour le magnifique Journo qui peut faire penser \u00e0 une \u00e9poustouflante faute d\u2019orthographe. Mais il ne s\u2019agit que de la traduction de Yom Tov pour un bon jour, une naissance par exemple, et Journo nous vient tout simplement de l\u2019italien\u2026 Buon Giorno.<\/p>\n<div class=\"elementToProof\"><em>Publi\u00e9 dans Actualit\u00e9 Juive en 2021.<\/em><\/div>\n","protected":false},"excerpt":{"rendered":"<p>Par Alain Kaminski J\u2019ai promis \u00e0 mes tr\u00e8s chers amis tunisiens qu\u2019on ne les confondrait plus. Il y a les<\/p>\n","protected":false},"author":1,"featured_media":0,"comment_status":"open","ping_status":"open","sticky":false,"template":"","format":"standard","meta":{"_mi_skip_tracking":false,"_exactmetrics_sitenote_active":false,"_exactmetrics_sitenote_note":"","_exactmetrics_sitenote_category":0,"footnotes":""},"categories":[79],"tags":[50,93],"table_tags":[],"_links":{"self":[{"href":"https:\/\/aifonline.net\/index.php?rest_route=\/wp\/v2\/posts\/3076"}],"collection":[{"href":"https:\/\/aifonline.net\/index.php?rest_route=\/wp\/v2\/posts"}],"about":[{"href":"https:\/\/aifonline.net\/index.php?rest_route=\/wp\/v2\/types\/post"}],"author":[{"embeddable":true,"href":"https:\/\/aifonline.net\/index.php?rest_route=\/wp\/v2\/users\/1"}],"replies":[{"embeddable":true,"href":"https:\/\/aifonline.net\/index.php?rest_route=%2Fwp%2Fv2%2Fcomments&post=3076"}],"version-history":[{"count":3,"href":"https:\/\/aifonline.net\/index.php?rest_route=\/wp\/v2\/posts\/3076\/revisions"}],"predecessor-version":[{"id":3090,"href":"https:\/\/aifonline.net\/index.php?rest_route=\/wp\/v2\/posts\/3076\/revisions\/3090"}],"wp:attachment":[{"href":"https:\/\/aifonline.net\/index.php?rest_route=%2Fwp%2Fv2%2Fmedia&parent=3076"}],"wp:term":[{"taxonomy":"category","embeddable":true,"href":"https:\/\/aifonline.net\/index.php?rest_route=%2Fwp%2Fv2%2Fcategories&post=3076"},{"taxonomy":"post_tag","embeddable":true,"href":"https:\/\/aifonline.net\/index.php?rest_route=%2Fwp%2Fv2%2Ftags&post=3076"},{"taxonomy":"table_tags","embeddable":true,"href":"https:\/\/aifonline.net\/index.php?rest_route=%2Fwp%2Fv2%2Ftable_tags&post=3076"}],"curies":[{"name":"wp","href":"https:\/\/api.w.org\/{rel}","templated":true}]}}