{"id":3106,"date":"2022-05-08T15:32:51","date_gmt":"2022-05-08T13:32:51","guid":{"rendered":"http:\/\/aifonline.net\/?p=3106"},"modified":"2022-05-09T22:27:26","modified_gmt":"2022-05-09T20:27:26","slug":"portrait-david-kornicki-1912-1996","status":"publish","type":"post","link":"https:\/\/aifonline.net\/?p=3106","title":{"rendered":"Portrait : David Kornicki (1912-1996)"},"content":{"rendered":"<p><strong><em>Par Alain Kaminski<\/em><\/strong><\/p>\n<figure id=\"attachment_3097\" aria-describedby=\"caption-attachment-3097\" style=\"width: 292px\" class=\"wp-caption aligncenter\"><img decoding=\"async\" loading=\"lazy\" class=\"wp-image-3097\" src=\"https:\/\/aifonline.net\/wp-content\/uploads\/2022\/05\/David-Kornicki.jpg\" alt=\"\" width=\"292\" height=\"400\" srcset=\"https:\/\/aifonline.net\/wp-content\/uploads\/2022\/05\/David-Kornicki.jpg 731w, https:\/\/aifonline.net\/wp-content\/uploads\/2022\/05\/David-Kornicki-219x300.jpg 219w\" sizes=\"(max-width: 292px) 100vw, 292px\" \/><figcaption id=\"caption-attachment-3097\" class=\"wp-caption-text\">David Kornicki<\/figcaption><\/figure>\n<p>David Kornicki dont la famille reste tr\u00e8s attach\u00e9e aux Amis Isra\u00e9lites de France demeurait rue d&#8217;Orsell \u00e0 Paris 18\u00e8me.<br \/>\nIl pr\u00e9sidait la Soci\u00e9t\u00e9 mutualiste dite Les Isra\u00e9lites de Paris. Son ami Laszor Kagan dont la famille reste \u00e9galement tr\u00e8s attach\u00e9e aux Amis Isra\u00e9lites de France pr\u00e9sidait la Soci\u00e9t\u00e9 La Solidarit\u00e9.<\/p>\n<p>Elles ont fusionn\u00e9 pour devenir les Isra\u00e9lites de Paris et la Solidarit\u00e9 et \u00e0 l&#8217;initiative de David Kornicki, sur proposition d&#8217;autres amis proches, Armand Kargeman et Mendel Huberman, ils sont tous venus rejoindre il y a quarante ans les Amis Isra\u00e9lites de France et David Kornicki en fut le vice-pr\u00e9sident.<\/p>\n<p>David Kornicki fut un homme &#8220;magnifique &#8220;, d\u00e9vou\u00e9 et le souvenir qu&#8217;il laissera \u00e0 tous est sa gentillesse. Notre pr\u00e9sident Alain Kaminski lui remettra dans les Salons du Pavillon Dauphine la M\u00e9daille d&#8217;Or des Amis Isra\u00e9lites de France, geste de reconnaissance attribu\u00e9e \u00e0 quelques personnes seulement depuis la cr\u00e9ation des AIF en 1930.<br \/>\nC&#8217;est lui qui insufflera \u00e0 notre actuel pr\u00e9sident la dynamique pour p\u00e9renniser notre Soci\u00e9t\u00e9 mutualiste qui, fait rare, entre dans sa derni\u00e8re d\u00e9cennie avant de f\u00eater son centenaire.<\/p>\n<p>Les liens entre notre pr\u00e9sident et David Kornicki \u00e9taient tr\u00e8s \u00e9troits, ils le sont encore avec toute sa famille et font montre de la d\u00e9termination des membres des Amis isra\u00e9lites de France qui ont su transmettre ces liens de g\u00e9n\u00e9ration en g\u00e9n\u00e9ration.<br \/>\nDavid Kornicki \u00e9tait n\u00e9 le 30 janvier 1912 \u00e0 Mordy en Pologne. Il exer\u00e7ait en France la profession de chapelier. Il \u00e9pousa Mindla\u00a0Kaplon, couturi\u00e8re, eurent deux enfants, Tomy et Raymonde, membres assidus des AIF avec leur famille.<br \/>\nAvant la guerre, il devint fran\u00e7ais et fut en toute logique appel\u00e9 sous les drapeaux et ce, pour deux ans. C&#8217;est lors de ses permissions r\u00e9guli\u00e8res, lorsqu&#8217;il revint chez lui au 59 rue du Fg du Temple \u00e0 Paris qu&#8217;il passa son dimanche \u00e0 rassembler les enfants dans la cour de l&#8217;immeuble pour leur apprendre \u00e0 marcher en rang, \u00e0 se mettre au garde-\u00e0-vous, \u00e0 saluer, il se faisait instructeur militaire \u00e0 chaque permission.\u00a0 Mais plus tard il sera fait prisonnier dans un stalag et ses journ\u00e9es furent consacr\u00e9es \u00e0 casser des pierres par tous les temps et \u00e0 lutter contre l&#8217;\u00e9puisement. Son salut lui vint de l&#8217;id\u00e9e de se renverser &#8220;accidentellement&#8221; une casserole d&#8217;eau bouillante sur le pied, il obtint suite \u00e0 ces br\u00fblures une t\u00e2che moins ingrate.<\/p>\n<p>Au lendemain de la guerre, il ouvrit une petite boutique de v\u00eatements pour hommes Place des F\u00eates dans le XX\u00e8me arrondissement mais il n&#8217;avait vraiment pas l&#8217;\u00e2me d&#8217;un commer\u00e7ant, il avait appris un mot en fran\u00e7ais qu&#8217;il adorait, &#8220;un tantinet&#8221;, tout \u00e9tait un tantinet trop grand, un tantinet trop petit, un tantinet trop clair ou trop fonc\u00e9, bref sans qu&#8217;elle f\u00fbt un tantinet quoi que ce soit, la faillite fut rapidement au rendez-vous pour le laisser retourner \u00e0 sa v\u00e9ritable formation de chapelier, plus pr\u00e9cis\u00e9ment casquettier chez un employeur o\u00f9 il fera sa carri\u00e8re.<\/p>\n<p>Les amis ne lui manquaient pas, Simon Fichel, Aron Isambert, Zelman Figlarz, l&#8217;adorable Isaac Gevertz et l&#8217;\u00e9l\u00e9gant Srul Bielinski qui impressionnait tout le monde lors des banquets, toujours en blazer blanc et oeillet rouge \u00e0 la boutonni\u00e8re. Avec eux, il animait ce groupe lorsqu&#8217;ils rejoignirent ensemble les Amis isra\u00e9lites de France.<\/p>\n<p>David Kornicki nous quitta le 13 ao\u00fbt 1996, il reste une figure marquante des Amis Isra\u00e9lites de France.<\/p>\n","protected":false},"excerpt":{"rendered":"<p>Par Alain Kaminski David Kornicki dont la famille reste tr\u00e8s attach\u00e9e aux Amis Isra\u00e9lites de France demeurait rue d&#8217;Orsell \u00e0<\/p>\n","protected":false},"author":1,"featured_media":0,"comment_status":"open","ping_status":"open","sticky":false,"template":"","format":"standard","meta":{"_mi_skip_tracking":false,"_exactmetrics_sitenote_active":false,"_exactmetrics_sitenote_note":"","_exactmetrics_sitenote_category":0,"footnotes":""},"categories":[84],"tags":[97],"table_tags":[],"_links":{"self":[{"href":"https:\/\/aifonline.net\/index.php?rest_route=\/wp\/v2\/posts\/3106"}],"collection":[{"href":"https:\/\/aifonline.net\/index.php?rest_route=\/wp\/v2\/posts"}],"about":[{"href":"https:\/\/aifonline.net\/index.php?rest_route=\/wp\/v2\/types\/post"}],"author":[{"embeddable":true,"href":"https:\/\/aifonline.net\/index.php?rest_route=\/wp\/v2\/users\/1"}],"replies":[{"embeddable":true,"href":"https:\/\/aifonline.net\/index.php?rest_route=%2Fwp%2Fv2%2Fcomments&post=3106"}],"version-history":[{"count":5,"href":"https:\/\/aifonline.net\/index.php?rest_route=\/wp\/v2\/posts\/3106\/revisions"}],"predecessor-version":[{"id":3113,"href":"https:\/\/aifonline.net\/index.php?rest_route=\/wp\/v2\/posts\/3106\/revisions\/3113"}],"wp:attachment":[{"href":"https:\/\/aifonline.net\/index.php?rest_route=%2Fwp%2Fv2%2Fmedia&parent=3106"}],"wp:term":[{"taxonomy":"category","embeddable":true,"href":"https:\/\/aifonline.net\/index.php?rest_route=%2Fwp%2Fv2%2Fcategories&post=3106"},{"taxonomy":"post_tag","embeddable":true,"href":"https:\/\/aifonline.net\/index.php?rest_route=%2Fwp%2Fv2%2Ftags&post=3106"},{"taxonomy":"table_tags","embeddable":true,"href":"https:\/\/aifonline.net\/index.php?rest_route=%2Fwp%2Fv2%2Ftable_tags&post=3106"}],"curies":[{"name":"wp","href":"https:\/\/api.w.org\/{rel}","templated":true}]}}