{"id":3131,"date":"2022-05-22T16:50:20","date_gmt":"2022-05-22T14:50:20","guid":{"rendered":"http:\/\/aifonline.net\/?p=3131"},"modified":"2022-05-22T16:53:23","modified_gmt":"2022-05-22T14:53:23","slug":"musique-trois-concerts-avec-lopen-chamber-orchestra","status":"publish","type":"post","link":"https:\/\/aifonline.net\/?p=3131","title":{"rendered":"Musique : trois concerts avec l\u2019Open Chamber Orchestra"},"content":{"rendered":"<p><em><strong>Par Ya\u00efr Benaim<\/strong><\/em><\/p>\n<p>Chers amis m\u00e9lomanes,<\/p>\n<p>L\u2019Open Chamber Orchestra vous propose trois concerts, pour bien d\u00e9marrer la saison estivale, nous esp\u00e9rons vous y voir nombreux !<\/p>\n<h3>L\u2019op\u00e9ra La Serva Padrona de Pergol\u00e8se<\/h3>\n<p>Dimanche 19 juin \u00e0 16h \u00e0 l\u2019\u00e9glise Saint Christophe de Javel, 28 rue de la Convention Paris 15e.<\/p>\n<p><strong>Tarifs :<\/strong> 30\u20ac cat 1 plac\u00e9, 20\u20ac cat 2, 10\u20ac moins de 16 ans<br \/>\n<strong>Lien pour reservation :<\/strong>\u00a0<a href=\"http:\/\/www.openchamberorchestra.com\">www.openchamberorchestra.com<\/a><\/p>\n<p>Ce c\u00e9l\u00e8bre op\u00e9ra, ludique et enchanteur, s\u2019adresse \u00e0 tous les publics, et est \u00e9galement parfaitement adapt\u00e9 aux enfants de tout \u00e2ge.<\/p>\n<p>Il r\u00e9unit deux chanteurs solistes de grand talent, la soprano Diane Four\u00e8s et le baryton Laurent Arcaro, qui subjuguent le grand public depuis plusieurs ann\u00e9es dans le magnifique spectacle Op\u00e9ra Locos :\u00a0<a href=\"https:\/\/www.casting.fr\/les-actualites\/9562-castingfr-vous-emmene-voir-le-groupe-the-opera-locos-pour-un-spectacle-lyrique-totalement-dejante-a-ne-surtout-pas-manquer-\">https:\/\/www.casting.fr\/les-actualites\/9562-castingfr-vous-emmene-voir-le-groupe-the-opera-locos-pour-un-spectacle-lyrique-totalement-dejante-a-ne-surtout-pas-manquer-<\/a><\/p>\n<p>C\u2019est aussi la deuxi\u00e8me collaboration entre Ya\u00efr Bena\u00efm et l\u2019Open Chamber Orchestra d\u2019une part, et le metteur en sc\u00e8ne G\u00e9rald Garutti et sa compagnie de th\u00e9\u00e2tre, C(h)aract\u00e8res.<\/p>\n<h3>Mozart et Stefanelli<\/h3>\n<p>\u2022 Samedi 25 juin, 18h, Saint Cr\u00e9pin-aux-Bois (60170), Festival des For\u00eats<br \/>\n\u2022 Dimanche 17 juillet, salle Poirel, Nancy, Festival Nancyphonies<\/p>\n<p>Pour les amoureux du g\u00e9nie de Salzbourg, l\u2019occasion d\u2019\u00e9couter dans le m\u00eame concert deux \u0153uvres phares : le quintette avec clarinette, o\u00f9 nous retrouverons le grand clarinettiste Philippe Cuper, super-soliste de l\u2019Orchestre National de l\u2019Op\u00e9ra de Paris, et le 23e concerto pour piano et orchestre, avec deux pianistes solistes en alternance : Dana Ciocarlie pour le concert du 25 juin, et Hugues Lecl\u00e8re pour le concert du 17 juillet.<\/p>\n<p>Ce sera aussi l\u2019occasion de d\u00e9couvrir \u00e0 Saint Cr\u00e9pin-aux-Bois, en cr\u00e9ation mondiale, l\u2019\u0153uvre Electa : un hommage au 23e concerto pour piano de Mozart, \u00e9crit par ce jeune compositeur de grand talent, Matthieu Stefanelli.<\/p>\n<p><strong>Liens pour r\u00e9servation : <\/strong><br \/>\n\u2022 Pour le 25 juin, soliste Dana Ciocarlie<br \/>\n(Possibilit\u00e9 de r\u00e9server \u00e9galement un parcours pique-nique dans la for\u00eat de Compi\u00e8gne avant le concert)<br \/>\n<a href=\"https:\/\/festivaldesforets.fr\/evenement\/mozart\/\">https:\/\/festivaldesforets.fr\/evenement\/mozart\/<\/a><\/p>\n<p>\u2022 Pour le 17 juillet, soliste Hugues Lecl\u00e8re<br \/>\n<a href=\"https:\/\/www.nancyphonies.com\/programme2021\">https:\/\/www.nancyphonies.com\/programme2021<\/a><\/p>\n<p>Au plaisir de partager la musique avec vous, et la d\u00e9couverte de ces beaux lieux de culture et de patrimoine.<\/p>\n","protected":false},"excerpt":{"rendered":"<p>Par Ya\u00efr Benaim Chers amis m\u00e9lomanes, L\u2019Open Chamber Orchestra vous propose trois concerts, pour bien d\u00e9marrer la saison estivale, nous<\/p>\n","protected":false},"author":1,"featured_media":0,"comment_status":"open","ping_status":"open","sticky":false,"template":"","format":"standard","meta":{"_mi_skip_tracking":false,"_exactmetrics_sitenote_active":false,"_exactmetrics_sitenote_note":"","_exactmetrics_sitenote_category":0,"footnotes":""},"categories":[71],"tags":[27,64,87],"table_tags":[],"_links":{"self":[{"href":"https:\/\/aifonline.net\/index.php?rest_route=\/wp\/v2\/posts\/3131"}],"collection":[{"href":"https:\/\/aifonline.net\/index.php?rest_route=\/wp\/v2\/posts"}],"about":[{"href":"https:\/\/aifonline.net\/index.php?rest_route=\/wp\/v2\/types\/post"}],"author":[{"embeddable":true,"href":"https:\/\/aifonline.net\/index.php?rest_route=\/wp\/v2\/users\/1"}],"replies":[{"embeddable":true,"href":"https:\/\/aifonline.net\/index.php?rest_route=%2Fwp%2Fv2%2Fcomments&post=3131"}],"version-history":[{"count":6,"href":"https:\/\/aifonline.net\/index.php?rest_route=\/wp\/v2\/posts\/3131\/revisions"}],"predecessor-version":[{"id":3137,"href":"https:\/\/aifonline.net\/index.php?rest_route=\/wp\/v2\/posts\/3131\/revisions\/3137"}],"wp:attachment":[{"href":"https:\/\/aifonline.net\/index.php?rest_route=%2Fwp%2Fv2%2Fmedia&parent=3131"}],"wp:term":[{"taxonomy":"category","embeddable":true,"href":"https:\/\/aifonline.net\/index.php?rest_route=%2Fwp%2Fv2%2Fcategories&post=3131"},{"taxonomy":"post_tag","embeddable":true,"href":"https:\/\/aifonline.net\/index.php?rest_route=%2Fwp%2Fv2%2Ftags&post=3131"},{"taxonomy":"table_tags","embeddable":true,"href":"https:\/\/aifonline.net\/index.php?rest_route=%2Fwp%2Fv2%2Ftable_tags&post=3131"}],"curies":[{"name":"wp","href":"https:\/\/api.w.org\/{rel}","templated":true}]}}