{"id":3151,"date":"2022-06-16T08:38:39","date_gmt":"2022-06-16T06:38:39","guid":{"rendered":"http:\/\/aifonline.net\/?p=3151"},"modified":"2022-06-18T09:34:27","modified_gmt":"2022-06-18T07:34:27","slug":"billet-il-ne-sortira-plus-de-sa-taniere","status":"publish","type":"post","link":"https:\/\/aifonline.net\/?p=3151","title":{"rendered":"Billet : Il ne sortira plus de sa tani\u00e8re"},"content":{"rendered":"<p><em><strong>Par Alain Kaminski<\/strong><\/em><\/p>\n<p>Ne nous laissons pas bercer par l\u2019indiff\u00e9rence. Sinon, que retiendra l\u2019Histoire\u00a0?<br \/>\nCette guerre en Ukraine entrera bient\u00f4t dans son cinqui\u00e8me mois, la Russie avait bel et bien\u00a0 l\u2019intention de rayer l\u2019Ukraine de la carte. C\u2019est bien ce qu\u2019il se tramait dans la t\u00eate d\u2019un dictateur, probablement malade, qui r\u00eavait de redevenir le tsar de toutes les Russies. Mais nous ne sommes plus au XV\u00e8me si\u00e8cle \u00e0 l\u2019\u00e9poque o\u00f9 le grand-prince Ivan III, apr\u00e8s sa victoire sur les Tatars et la Crim\u00e9e, s\u2019autoproclamait l\u2019h\u00e9ritier de l\u2019Empire Romain d\u2019Orient.<br \/>\nEt pourtant, Vladimir avait bien r\u00eav\u00e9 de chasser sur les terres d\u2019Ukraine\u2026 pour en chasser Volodymyr. Il n\u2019a pas h\u00e9sit\u00e9 un seul instant pour envoyer ses hordes de soldats livr\u00e9s \u00e0 eux-m\u00eames, piller, violer, martyriser un peuple qui n\u2019aspirait qu\u2019\u00e0 rejoindre une union europ\u00e9enne m\u00e9tamorphos\u00e9e en un espace de concorde et de fraternit\u00e9. Mais pour l\u2019heure, le tsar, dans ses d\u00e9lires, a perdu la raison. Cependant il mord la poussi\u00e8re l\u00e0 o\u00f9 il voulait s\u2019installer, \u00e0 Kiev.<br \/>\nTel un ing\u00e9nieur qui aurait voulu passer de la conception au mat\u00e9riau sans passer par le dimensionnement, il ne lui reste plus qu\u2019\u00e0 morceler, \u00e0 miter le territoire ukrainien et cela conduit, h\u00e9las, \u00e0 une guerre effroyable. En m\u00eame temps, les m\u00e9dias occidentaux rapportent les informations mais apr\u00e8s plus de quatre mois de conflit, l\u2019audimat fait preuve de lassitude pendant que l\u2019on continue \u00e0 tuer, \u00e0 terroriser des hommes, des femmes et des enfants.<br \/>\nQuelle tristesse n\u2019ai-je pas \u00e9prouv\u00e9 quand un commentateur d\u2019une cha\u00eene d\u2019infos en continu, \u00e9voquant la mort d\u2019un journaliste fran\u00e7ais, fut interrompu pour suivre en direct une balle de match de Rafael Nadal. C\u2019est notre \u00e9poque qui veut cela. Il ne faut pas mourir pendant Roland-Garros ou le jour de la proclamation du palmar\u00e8s du Festival de Cannes et surtout pas pendant les festivit\u00e9s du jubil\u00e9 de la reine d\u2019Angleterre. D\u2019autres mourront pendant le Tour de France dans l\u2019indiff\u00e9rence g\u00e9n\u00e9rale. D\u2019autres encore d\u00e9rangeront parce qu\u2019il n\u2019y a plus d\u2019huile de tournesol dans les rayons des supermarch\u00e9s.<br \/>\nPendant ce temps, un fou furieux nous rappelle que la Russie n\u2019a jamais \u00e9t\u00e9 une nation et qu\u2019elle s\u2019est toujours voulu \u00eatre un Empire. Le dictateur ne sortira plus de sa tani\u00e8re sinon pour prendre une tasse de th\u00e9 noir en Bi\u00e9lorussie ou en Cor\u00e9e du Nord.<br \/>\nLa Cour p\u00e9nale internationale le cueillera \u00e0 n\u2019importe quelle descente d\u2019avion pour le placer face \u00e0 ses responsabilit\u00e9s, ses crimes de guerre, lui et sa soldatesque.<br \/>\nC\u2019est \u00e0 ce moment-l\u00e0 qu\u2019on lui fera rendre gorge, c\u2019est \u00e0 ce moment-l\u00e0 qu\u2019il faudra rendre au tsar ce qui appartient au tsar, sa culpabilit\u00e9.<\/p>\n","protected":false},"excerpt":{"rendered":"<p>Par Alain Kaminski Ne nous laissons pas bercer par l\u2019indiff\u00e9rence. Sinon, que retiendra l\u2019Histoire\u00a0? Cette guerre en Ukraine entrera bient\u00f4t<\/p>\n","protected":false},"author":1,"featured_media":0,"comment_status":"open","ping_status":"open","sticky":false,"template":"","format":"standard","meta":{"_mi_skip_tracking":false,"_exactmetrics_sitenote_active":false,"_exactmetrics_sitenote_note":"","_exactmetrics_sitenote_category":0,"footnotes":""},"categories":[4],"tags":[54,45],"table_tags":[],"_links":{"self":[{"href":"https:\/\/aifonline.net\/index.php?rest_route=\/wp\/v2\/posts\/3151"}],"collection":[{"href":"https:\/\/aifonline.net\/index.php?rest_route=\/wp\/v2\/posts"}],"about":[{"href":"https:\/\/aifonline.net\/index.php?rest_route=\/wp\/v2\/types\/post"}],"author":[{"embeddable":true,"href":"https:\/\/aifonline.net\/index.php?rest_route=\/wp\/v2\/users\/1"}],"replies":[{"embeddable":true,"href":"https:\/\/aifonline.net\/index.php?rest_route=%2Fwp%2Fv2%2Fcomments&post=3151"}],"version-history":[{"count":4,"href":"https:\/\/aifonline.net\/index.php?rest_route=\/wp\/v2\/posts\/3151\/revisions"}],"predecessor-version":[{"id":3219,"href":"https:\/\/aifonline.net\/index.php?rest_route=\/wp\/v2\/posts\/3151\/revisions\/3219"}],"wp:attachment":[{"href":"https:\/\/aifonline.net\/index.php?rest_route=%2Fwp%2Fv2%2Fmedia&parent=3151"}],"wp:term":[{"taxonomy":"category","embeddable":true,"href":"https:\/\/aifonline.net\/index.php?rest_route=%2Fwp%2Fv2%2Fcategories&post=3151"},{"taxonomy":"post_tag","embeddable":true,"href":"https:\/\/aifonline.net\/index.php?rest_route=%2Fwp%2Fv2%2Ftags&post=3151"},{"taxonomy":"table_tags","embeddable":true,"href":"https:\/\/aifonline.net\/index.php?rest_route=%2Fwp%2Fv2%2Ftable_tags&post=3151"}],"curies":[{"name":"wp","href":"https:\/\/api.w.org\/{rel}","templated":true}]}}