{"id":3165,"date":"2022-08-26T09:10:55","date_gmt":"2022-08-26T07:10:55","guid":{"rendered":"http:\/\/aifonline.net\/?p=3165"},"modified":"2022-08-26T09:37:11","modified_gmt":"2022-08-26T07:37:11","slug":"portrait-lea-silberstein-1899-1972","status":"publish","type":"post","link":"https:\/\/aifonline.net\/?p=3165","title":{"rendered":"Portrait : L\u00e9a Bar-Am n\u00e9e Silberstein (1899-1972)"},"content":{"rendered":"<p><em><strong>Par ses petits-fils Michel et Alain Kaminski<\/strong><\/em><\/p>\n<figure id=\"attachment_3173\" aria-describedby=\"caption-attachment-3173\" style=\"width: 289px\" class=\"wp-caption aligncenter\"><img decoding=\"async\" loading=\"lazy\" class=\"wp-image-3173\" src=\"https:\/\/aifonline.net\/wp-content\/uploads\/2022\/06\/Le\u0301a-Silberstein4-740x1024.jpg\" alt=\"\" width=\"289\" height=\"400\" srcset=\"https:\/\/aifonline.net\/wp-content\/uploads\/2022\/06\/Le\u0301a-Silberstein4-740x1024.jpg 740w, https:\/\/aifonline.net\/wp-content\/uploads\/2022\/06\/Le\u0301a-Silberstein4-217x300.jpg 217w, https:\/\/aifonline.net\/wp-content\/uploads\/2022\/06\/Le\u0301a-Silberstein4-768x1062.jpg 768w, https:\/\/aifonline.net\/wp-content\/uploads\/2022\/06\/Le\u0301a-Silberstein4.jpg 843w\" sizes=\"(max-width: 289px) 100vw, 289px\" \/><figcaption id=\"caption-attachment-3173\" class=\"wp-caption-text\">La petite L\u00e9a Silberstein dite Lodk\u00e9 demeurait chez sa tante Sarah Gutman n\u00e9e Rozen<\/figcaption><\/figure>\n<p>Elle se pr\u00e9nommait L\u00e9a, on lui donna le pr\u00e9nom de sa m\u00e8re L\u00e9a Silberstein n\u00e9e Rozen, d\u00e9c\u00e9d\u00e9e en couche en 1899. Son p\u00e8re ayant disparu dans la nature apr\u00e8s ce drame, le b\u00e9b\u00e9 fut recueilli, \u00e9lev\u00e9 par sa tante, la s\u0153ur cadette de la d\u00e9funte.<br \/>\nL\u00e9a grandit \u00e0 Varsovie. Adolescente difficile et ing\u00e9rable mais qui finit toutefois, \u00e0 son \u00e9poque et dans son quartier juif, par \u00eatre sage-femme et infirmi\u00e8re dipl\u00f4m\u00e9e d\u2019Etat \u00e0 l\u2019H\u00f4pital central de Varsovie. Puis elle \u00e9pousa un certain Mayer Kami\u0144ski, clerc de notaire et passionn\u00e9 d\u2019op\u00e9ra, le couple \u00e9volua dans un milieu intellectuel assez \u00e9loign\u00e9 des pr\u00e9occupations de la rue Ciep\u0142a, ils eurent deux gar\u00e7ons magnifiques, L\u00e9on Szlama dit Szlamek et Reuven Nahum dit Nioutek.<\/p>\n<figure id=\"attachment_3174\" aria-describedby=\"caption-attachment-3174\" style=\"width: 338px\" class=\"wp-caption aligncenter\"><img decoding=\"async\" loading=\"lazy\" class=\"wp-image-3174\" src=\"https:\/\/aifonline.net\/wp-content\/uploads\/2022\/06\/Le\u0301a-Silberstein5.jpg\" alt=\"\" width=\"338\" height=\"400\" srcset=\"https:\/\/aifonline.net\/wp-content\/uploads\/2022\/06\/Le\u0301a-Silberstein5.jpg 604w, https:\/\/aifonline.net\/wp-content\/uploads\/2022\/06\/Le\u0301a-Silberstein5-253x300.jpg 253w\" sizes=\"(max-width: 338px) 100vw, 338px\" \/><figcaption id=\"caption-attachment-3174\" class=\"wp-caption-text\">L\u00e9a Kami\u0144ska \u00e0 son arriv\u00e9e en France<\/figcaption><\/figure>\n<p>La suite des \u00e9v\u00e9nements fut plus romanesque. L\u00e9a fut, disait-on, une tr\u00e8s jolie femme aux dents fa\u00e7on publicit\u00e9 pour Colgate et aux yeux d\u2019un vert \u00e9meraude exceptionnel. Un peu ronde mais \u00e7a plaisait beaucoup \u00e0 l\u2019\u00e9poque, para\u00eet-il. Elle \u00e9tait tr\u00e8s courtis\u00e9e et, fait rare \u00e0 l\u2019\u00e9poque, divor\u00e7a pour rejoindre en France son amant, un certain Heniek Klugman, \u00e9rudit et grand talmudiste, toujours tir\u00e9 \u00e0 quatre \u00e9pingles, au physique de dandy. Son fils a\u00een\u00e9 L\u00e9on Szlama la rejoignit juste avant la guerre, l\u2019autre sera happ\u00e9 avec son p\u00e8re dans la Varsovie de l\u2019occupation nazie.<br \/>\nPendant la guerre elle se r\u00e9fugiera dans les Pyr\u00e9n\u00e9es avec de faux papiers au nom de L\u00e9ontine Muller, alsacienne native de Mulhouse. Il faut dire qu\u2019elle ma\u00eetrisait l\u2019allemand et le fran\u00e7ais, son don pour les langues vivantes \u00e9tait av\u00e9r\u00e9. Apr\u00e8s vingt ann\u00e9es de vie commune, elle quittera son compagnon pour \u00e9migrer en Isra\u00ebl au moment de l\u2019ind\u00e9pendance puis elle rencontrera et \u00e9pousera un certain Mosh\u00e9 Bar-Am, directeur de la Compagnie d\u2019\u00e9lectricit\u00e9 \u00e0 Tel-Aviv.<\/p>\n<figure id=\"attachment_3180\" aria-describedby=\"caption-attachment-3180\" style=\"width: 544px\" class=\"wp-caption aligncenter\"><img decoding=\"async\" loading=\"lazy\" class=\"wp-image-3180\" src=\"https:\/\/aifonline.net\/wp-content\/uploads\/2022\/06\/Le\u0301a-Bar-Am-ne\u0301e-Silberstein-1-1024x753.jpg\" alt=\"\" width=\"544\" height=\"400\" srcset=\"https:\/\/aifonline.net\/wp-content\/uploads\/2022\/06\/Le\u0301a-Bar-Am-ne\u0301e-Silberstein-1-1024x753.jpg 1024w, https:\/\/aifonline.net\/wp-content\/uploads\/2022\/06\/Le\u0301a-Bar-Am-ne\u0301e-Silberstein-1-300x221.jpg 300w, https:\/\/aifonline.net\/wp-content\/uploads\/2022\/06\/Le\u0301a-Bar-Am-ne\u0301e-Silberstein-1-768x565.jpg 768w, https:\/\/aifonline.net\/wp-content\/uploads\/2022\/06\/Le\u0301a-Bar-Am-ne\u0301e-Silberstein-1.jpg 1500w\" sizes=\"(max-width: 544px) 100vw, 544px\" \/><figcaption id=\"caption-attachment-3180\" class=\"wp-caption-text\">De gauche \u00e0 droite, Heniek Klugman, Rachel Letzt, L\u00e9on Szlama Kami\u0144ski, Regina Letzt, Menahem Letzt, L\u00e9a Kami\u0144ska, son nom exact en Mars 1947.<\/figcaption><\/figure>\n<p>Avec lui, elle militera au sein du parti travailliste, fr\u00e9quentera l\u2019intelligentsia de Tel-Aviv, Ben Gourion et tous les fondateurs de l\u2019Etat juif qu\u2019elle recevra chez elle avec les cocktails et les r\u00e9unions \u00e0 n&#8217;en plus finir. Son troisi\u00e8me conjoint d\u00e9c\u00e9dera apr\u00e8s un temps relativement court, et L\u00e9a continuera d\u2019\u00eatre courtis\u00e9e et de fr\u00e9quenter le tout Tel-Aviv avec le fran\u00e7ais, l\u2019allemand, le polonais, le yiddish, l\u2019h\u00e9breu, et des notions de russe, rien que \u00e7a. Son fils a\u00een\u00e9 construira son foyer \u00e0 son retour de d\u00e9portation et sa m\u00e8re, distante g\u00e9ographiquement, restera sa m\u00e8re. Apr\u00e8s avoir badin\u00e9, marivaud\u00e9, la maladie l\u2019emportera en 1972 \u00e0 l\u2019\u00e2ge de 73 ans, elle repose en paix au cimeti\u00e8re de Holon.<\/p>\n<figure id=\"attachment_3318\" aria-describedby=\"caption-attachment-3318\" style=\"width: 591px\" class=\"wp-caption aligncenter\"><img decoding=\"async\" loading=\"lazy\" class=\"wp-image-3318\" src=\"https:\/\/aifonline.net\/wp-content\/uploads\/2022\/07\/Ben-Gourion-1024x693.jpg\" alt=\"\" width=\"591\" height=\"400\" srcset=\"https:\/\/aifonline.net\/wp-content\/uploads\/2022\/07\/Ben-Gourion-1024x693.jpg 1024w, https:\/\/aifonline.net\/wp-content\/uploads\/2022\/07\/Ben-Gourion-300x203.jpg 300w, https:\/\/aifonline.net\/wp-content\/uploads\/2022\/07\/Ben-Gourion-768x520.jpg 768w, https:\/\/aifonline.net\/wp-content\/uploads\/2022\/07\/Ben-Gourion.jpg 1412w\" sizes=\"(max-width: 591px) 100vw, 591px\" \/><figcaption id=\"caption-attachment-3318\" class=\"wp-caption-text\">L\u00e9a Bar-Am organise chez elle au 88 sderot Nordau \u00e0 Tel-Aviv une r\u00e9union d&#8217;appartement, pr\u00e9paratrice des \u00e9lections l\u00e9gislatives, en compagnie de David Ben Gourion, dans les ann\u00e9es 60. David Ben Gourion si\u00e8gera \u00e0 la Knesset jusqu&#8217;en 1970.<\/figcaption><\/figure>\n<p>&nbsp;<\/p>\n","protected":false},"excerpt":{"rendered":"<p>Par ses petits-fils Michel et Alain Kaminski Elle se pr\u00e9nommait L\u00e9a, on lui donna le pr\u00e9nom de sa m\u00e8re L\u00e9a<\/p>\n","protected":false},"author":1,"featured_media":0,"comment_status":"closed","ping_status":"closed","sticky":false,"template":"","format":"standard","meta":{"_mi_skip_tracking":false,"_exactmetrics_sitenote_active":false,"_exactmetrics_sitenote_note":"","_exactmetrics_sitenote_category":0,"footnotes":""},"categories":[1,84],"tags":[],"table_tags":[],"_links":{"self":[{"href":"https:\/\/aifonline.net\/index.php?rest_route=\/wp\/v2\/posts\/3165"}],"collection":[{"href":"https:\/\/aifonline.net\/index.php?rest_route=\/wp\/v2\/posts"}],"about":[{"href":"https:\/\/aifonline.net\/index.php?rest_route=\/wp\/v2\/types\/post"}],"author":[{"embeddable":true,"href":"https:\/\/aifonline.net\/index.php?rest_route=\/wp\/v2\/users\/1"}],"replies":[{"embeddable":true,"href":"https:\/\/aifonline.net\/index.php?rest_route=%2Fwp%2Fv2%2Fcomments&post=3165"}],"version-history":[{"count":20,"href":"https:\/\/aifonline.net\/index.php?rest_route=\/wp\/v2\/posts\/3165\/revisions"}],"predecessor-version":[{"id":3349,"href":"https:\/\/aifonline.net\/index.php?rest_route=\/wp\/v2\/posts\/3165\/revisions\/3349"}],"wp:attachment":[{"href":"https:\/\/aifonline.net\/index.php?rest_route=%2Fwp%2Fv2%2Fmedia&parent=3165"}],"wp:term":[{"taxonomy":"category","embeddable":true,"href":"https:\/\/aifonline.net\/index.php?rest_route=%2Fwp%2Fv2%2Fcategories&post=3165"},{"taxonomy":"post_tag","embeddable":true,"href":"https:\/\/aifonline.net\/index.php?rest_route=%2Fwp%2Fv2%2Ftags&post=3165"},{"taxonomy":"table_tags","embeddable":true,"href":"https:\/\/aifonline.net\/index.php?rest_route=%2Fwp%2Fv2%2Ftable_tags&post=3165"}],"curies":[{"name":"wp","href":"https:\/\/api.w.org\/{rel}","templated":true}]}}