{"id":3220,"date":"2022-07-20T10:00:28","date_gmt":"2022-07-20T08:00:28","guid":{"rendered":"http:\/\/aifonline.net\/?p=3220"},"modified":"2022-12-04T15:53:17","modified_gmt":"2022-12-04T14:53:17","slug":"les-patronymes-ashkenazi-mais-sefarade","status":"publish","type":"post","link":"https:\/\/aifonline.net\/?p=3220","title":{"rendered":"Les patronymes : Ashkenaz mais s\u00e9farade"},"content":{"rendered":"<p><strong><em>Par Alain Kaminski<\/em><\/strong><\/p>\n<p>Je me souviens dans le mitan des ann\u00e9es soixante au lyc\u00e9e Jacques-Decour \u00e0 Paris, je pensais que certains camarades de classe \u00e9taient ashk\u00e9nazes eu \u00e9gard \u00e0 la consonantique de leur patronyme. Mais il n\u2019en \u00e9tait rien.<br \/>\nOuizman ou Wizman, \u00e0 ne pas confondre avec Ha\u00efm Weizman, premier pr\u00e9sident de l\u2019Etat d\u2019Isra\u00ebl, litt\u00e9ralement l\u2019homme blanc en yiddish, venait du Maroc et son nom venait de Z\u2019men, le lion en berb\u00e8re.<br \/>\nDevant moi, le turbulent Tordjman, de letarguem en h\u00e9breu, en arabe turjuman \u00e9tait finalement \u00ab\u00a0Made in Casablanca\u00a0\u00bb comme ma ch\u00e8re et tendre \u00e9pouse, ce nom signifie traducteur, interpr\u00e8te.<br \/>\nDerri\u00e8re moi, il y avait Abergel, de ab le p\u00e8re et r\u2019gel la jambe en h\u00e9breu, c\u2019est le p\u00e8re de l\u2019unijambiste. Ce sacr\u00e9 Abergel me disait qu\u2019un de ses anc\u00eatres, un certain Yom Tov Abergel fut pr\u00e9sident de la Communaut\u00e9 juive de Gibraltar.<br \/>\nEnfin Ashkenazi ou Eskenazi est un patronyme qui rappelle bien s\u00fbr l\u2019Europe centrale o\u00f9 s\u2019install\u00e8rent probablement les descendants d\u2019Ashkenaz lui-m\u00eame, fils a\u00een\u00e9 de Gomer, petit-fils de Japhet et arri\u00e8re-petit-fils de No\u00e9, lesquels venaient du pays de Ash-Ku-Za qui s\u2019\u00e9tendait de l\u2019Arm\u00e9nie \u00e0 l\u2019Euphrate. Bien plus tard, des juifs d\u2019Europe centrale migraient vers le sud de l\u2019Europe puis faisaient souche en Afrique du Nord et leur descendance, les Ashkenazi, comme mon camarade de classe, est bel et bien s\u00e9farade.<br \/>\nMon clin d\u2019\u0153il va \u00e0 tous ces camarades de classe dont je garde un \u00e9mouvant souvenir.<\/p>\n<p><em>Publi\u00e9 dans Actualit\u00e9 juive n\u00b01602<\/em><\/p>\n","protected":false},"excerpt":{"rendered":"<p>Par Alain Kaminski Je me souviens dans le mitan des ann\u00e9es soixante au lyc\u00e9e Jacques-Decour \u00e0 Paris, je pensais que<\/p>\n","protected":false},"author":1,"featured_media":0,"comment_status":"open","ping_status":"open","sticky":false,"template":"","format":"standard","meta":{"_mi_skip_tracking":false,"_exactmetrics_sitenote_active":false,"_exactmetrics_sitenote_note":"","_exactmetrics_sitenote_category":0,"footnotes":""},"categories":[79],"tags":[50,93],"table_tags":[],"_links":{"self":[{"href":"https:\/\/aifonline.net\/index.php?rest_route=\/wp\/v2\/posts\/3220"}],"collection":[{"href":"https:\/\/aifonline.net\/index.php?rest_route=\/wp\/v2\/posts"}],"about":[{"href":"https:\/\/aifonline.net\/index.php?rest_route=\/wp\/v2\/types\/post"}],"author":[{"embeddable":true,"href":"https:\/\/aifonline.net\/index.php?rest_route=\/wp\/v2\/users\/1"}],"replies":[{"embeddable":true,"href":"https:\/\/aifonline.net\/index.php?rest_route=%2Fwp%2Fv2%2Fcomments&post=3220"}],"version-history":[{"count":3,"href":"https:\/\/aifonline.net\/index.php?rest_route=\/wp\/v2\/posts\/3220\/revisions"}],"predecessor-version":[{"id":3304,"href":"https:\/\/aifonline.net\/index.php?rest_route=\/wp\/v2\/posts\/3220\/revisions\/3304"}],"wp:attachment":[{"href":"https:\/\/aifonline.net\/index.php?rest_route=%2Fwp%2Fv2%2Fmedia&parent=3220"}],"wp:term":[{"taxonomy":"category","embeddable":true,"href":"https:\/\/aifonline.net\/index.php?rest_route=%2Fwp%2Fv2%2Fcategories&post=3220"},{"taxonomy":"post_tag","embeddable":true,"href":"https:\/\/aifonline.net\/index.php?rest_route=%2Fwp%2Fv2%2Ftags&post=3220"},{"taxonomy":"table_tags","embeddable":true,"href":"https:\/\/aifonline.net\/index.php?rest_route=%2Fwp%2Fv2%2Ftable_tags&post=3220"}],"curies":[{"name":"wp","href":"https:\/\/api.w.org\/{rel}","templated":true}]}}