{"id":3237,"date":"2022-06-24T13:52:18","date_gmt":"2022-06-24T11:52:18","guid":{"rendered":"http:\/\/aifonline.net\/?p=3237"},"modified":"2022-06-24T13:58:22","modified_gmt":"2022-06-24T11:58:22","slug":"peinture-exposition-dannie-kaminski","status":"publish","type":"post","link":"https:\/\/aifonline.net\/?p=3237","title":{"rendered":"Peinture : Exposition d&#8217;Annie Kaminski"},"content":{"rendered":"<p>Notre soci\u00e9taire a expos\u00e9 du 20 au 25 juin 2022 avec les artistes de Rueil-Malmaison.<br \/>\nUn vernissage qui a rencontr\u00e9 un franc succ\u00e8s aura-del\u00e0 de ladite commune, eu \u00e9gard au niveau tr\u00e8s relev\u00e9 des peintures et des sculptures pr\u00e9sent\u00e9es.<\/p>\n<figure id=\"attachment_3239\" aria-describedby=\"caption-attachment-3239\" style=\"width: 400px\" class=\"wp-caption aligncenter\"><img decoding=\"async\" loading=\"lazy\" class=\"wp-image-3239\" src=\"https:\/\/aifonline.net\/wp-content\/uploads\/2022\/06\/IMG_2841.jpg\" alt=\"\" width=\"400\" height=\"300\" srcset=\"https:\/\/aifonline.net\/wp-content\/uploads\/2022\/06\/IMG_2841.jpg 640w, https:\/\/aifonline.net\/wp-content\/uploads\/2022\/06\/IMG_2841-300x225.jpg 300w, https:\/\/aifonline.net\/wp-content\/uploads\/2022\/06\/IMG_2841-600x450.jpg 600w\" sizes=\"(max-width: 400px) 100vw, 400px\" \/><figcaption id=\"caption-attachment-3239\" class=\"wp-caption-text\">Annie Kaminski aux c\u00f4t\u00e9s de Patrick Ollier, Maire de Rueil-Malmaison.<\/figcaption><\/figure>\n<figure id=\"attachment_3240\" aria-describedby=\"caption-attachment-3240\" style=\"width: 288px\" class=\"wp-caption aligncenter\"><img decoding=\"async\" loading=\"lazy\" class=\"wp-image-3240\" src=\"https:\/\/aifonline.net\/wp-content\/uploads\/2022\/06\/IMG_9333.jpg\" alt=\"\" width=\"288\" height=\"400\" srcset=\"https:\/\/aifonline.net\/wp-content\/uploads\/2022\/06\/IMG_9333.jpg 452w, https:\/\/aifonline.net\/wp-content\/uploads\/2022\/06\/IMG_9333-216x300.jpg 216w\" sizes=\"(max-width: 288px) 100vw, 288px\" \/><figcaption id=\"caption-attachment-3240\" class=\"wp-caption-text\">L&#8217;escalier, Annie Kaminski, technique mixte, 116 X 80 cm<\/figcaption><\/figure>\n<figure id=\"attachment_3244\" aria-describedby=\"caption-attachment-3244\" style=\"width: 331px\" class=\"wp-caption aligncenter\"><img decoding=\"async\" loading=\"lazy\" class=\"wp-image-3244\" src=\"https:\/\/aifonline.net\/wp-content\/uploads\/2022\/06\/14-847x1024.jpg\" alt=\"\" width=\"331\" height=\"400\" srcset=\"https:\/\/aifonline.net\/wp-content\/uploads\/2022\/06\/14-847x1024.jpg 847w, https:\/\/aifonline.net\/wp-content\/uploads\/2022\/06\/14-248x300.jpg 248w, https:\/\/aifonline.net\/wp-content\/uploads\/2022\/06\/14-768x929.jpg 768w, https:\/\/aifonline.net\/wp-content\/uploads\/2022\/06\/14.jpg 1240w\" sizes=\"(max-width: 331px) 100vw, 331px\" \/><figcaption id=\"caption-attachment-3244\" class=\"wp-caption-text\">Variations turquoises, Annie Kaminski. Technique mixte 60 X 73 cm<\/figcaption><\/figure>\n<p>Site de l&#8217;artiste :\u00a0<a href=\"http:\/\/anniekaminski.com\">http:\/\/anniekaminski.com<\/a><\/p>\n","protected":false},"excerpt":{"rendered":"<p>Notre soci\u00e9taire a expos\u00e9 du 20 au 25 juin 2022 avec les artistes de Rueil-Malmaison. Un vernissage qui a rencontr\u00e9<\/p>\n","protected":false},"author":1,"featured_media":0,"comment_status":"open","ping_status":"open","sticky":false,"template":"","format":"standard","meta":{"_mi_skip_tracking":false,"_exactmetrics_sitenote_active":false,"_exactmetrics_sitenote_note":"","_exactmetrics_sitenote_category":0,"footnotes":""},"categories":[55],"tags":[],"table_tags":[],"_links":{"self":[{"href":"https:\/\/aifonline.net\/index.php?rest_route=\/wp\/v2\/posts\/3237"}],"collection":[{"href":"https:\/\/aifonline.net\/index.php?rest_route=\/wp\/v2\/posts"}],"about":[{"href":"https:\/\/aifonline.net\/index.php?rest_route=\/wp\/v2\/types\/post"}],"author":[{"embeddable":true,"href":"https:\/\/aifonline.net\/index.php?rest_route=\/wp\/v2\/users\/1"}],"replies":[{"embeddable":true,"href":"https:\/\/aifonline.net\/index.php?rest_route=%2Fwp%2Fv2%2Fcomments&post=3237"}],"version-history":[{"count":5,"href":"https:\/\/aifonline.net\/index.php?rest_route=\/wp\/v2\/posts\/3237\/revisions"}],"predecessor-version":[{"id":3246,"href":"https:\/\/aifonline.net\/index.php?rest_route=\/wp\/v2\/posts\/3237\/revisions\/3246"}],"wp:attachment":[{"href":"https:\/\/aifonline.net\/index.php?rest_route=%2Fwp%2Fv2%2Fmedia&parent=3237"}],"wp:term":[{"taxonomy":"category","embeddable":true,"href":"https:\/\/aifonline.net\/index.php?rest_route=%2Fwp%2Fv2%2Fcategories&post=3237"},{"taxonomy":"post_tag","embeddable":true,"href":"https:\/\/aifonline.net\/index.php?rest_route=%2Fwp%2Fv2%2Ftags&post=3237"},{"taxonomy":"table_tags","embeddable":true,"href":"https:\/\/aifonline.net\/index.php?rest_route=%2Fwp%2Fv2%2Ftable_tags&post=3237"}],"curies":[{"name":"wp","href":"https:\/\/api.w.org\/{rel}","templated":true}]}}