{"id":3257,"date":"2022-07-20T09:59:35","date_gmt":"2022-07-20T07:59:35","guid":{"rendered":"http:\/\/aifonline.net\/?p=3257"},"modified":"2022-07-20T18:44:20","modified_gmt":"2022-07-20T16:44:20","slug":"livre-javais-10-ans-a-bergen-belsen-par-leon-placek","status":"publish","type":"post","link":"https:\/\/aifonline.net\/?p=3257","title":{"rendered":"Livre : J\u2019avais 10 ans \u00e0 Bergen-Belsen par L\u00e9on Placek"},"content":{"rendered":"<p><em><strong>Par Alain Kaminski<\/strong><\/em><\/p>\n<p>Le livre de L\u00e9on Placek est bouleversant.<br \/>\n<em>\u00ab\u00a0L\u2019hiver les corps \u00e9taient glac\u00e9s, l\u2019\u00e9t\u00e9 c\u2019\u00e9tait l\u2019inverse, les insolations, le soleil qui br\u00fble les visages, les bras, les jambes. On s\u2019attribue les v\u00eatements des d\u00e9funts, un mort de plus suffit \u00e0 nous rhabiller \u00bb.<\/em><br \/>\nL\u00e9on Placek nous raconte l\u2019indicible. Il est emmen\u00e9 \u00e0 Drancy avec sa m\u00e8re et son fr\u00e8re, sa m\u00e8re qui croyait que le statut de prisonnier de guerre en Allemagne de son mari allait prot\u00e9ger sa famille. A Drancy il verra un homme se d\u00e9fenestrer. A Bergen-Belsen, il verra les rats d\u00e9vorer les cadavres jusqu\u2019au jour o\u00f9 il verra un d\u00e9tenu se livrer au cannibalisme pour survivre. Il culbutera sur les cadavres, \u00e0 dix ans et demi, il sera \u00ab\u00a0adulte\u00a0\u00bb. A la lib\u00e9ration du camp dans un premier temps par une horde de soldats russes venus de Mongolie avant l\u2019arm\u00e9e britannique, le typhus le plongera dans un coma d\u2019o\u00f9 il sortira mais apprendra la mort de sa m\u00e8re pendant l\u2019\u00e9vacuation. Un r\u00e9cit poignant.<\/p>\n<p>Paul Kelter \u00e9tait un cousin germain de mon grand-p\u00e8re maternel, issu de la branche familiale qui avait quitt\u00e9 la Pologne pour l\u2019Angleterre. Je lui rendais souvent visite \u00e0 Londres. De condition tr\u00e8s modeste, il vivait dans les Rothschild Building, ces \u00ab\u00a0HLM\u00a0\u00bb\u00a0 du quartier juif de White Chapel. Il me racontait parfois ce 11 avril 1945, lorsqu\u2019il portait l\u2019uniforme de sa Majest\u00e9, que son bataillon p\u00e9n\u00e9tra dans le camp de Bergen-Belsen. Il avait gard\u00e9 dans sa m\u00e9moire tout ce qu\u2019il avait d\u00e9couvert dans le camp, le regard des rescap\u00e9s, hommes, femmes, enfants. A la lib\u00e9ration du camp, avec quelques soldats juifs de son bataillon, il entra dans toutes les maisons de la r\u00e9gion, proches du camp,\u00a0 pour d\u00e9rober tous les objets que les allemands avaient pill\u00e9s aux juifs et pour les remettre \u00e0 d\u2019autres familles juives en Angleterre ou ailleurs. Il me remit un bougeoir de Shabbat et un petit solifleur en marbre. Je les conserve pr\u00e9cieusement, ils portent en eux une m\u00e9moire.<br \/>\nJe pense \u00e0 lui en \u00e9crivant ces mots, lui qui a peut-\u00eatre crois\u00e9 le regard de L\u00e9on Placek.<br \/>\nJe vous recommande le livre de notre ami L\u00e9on Placek, le papa de nos chers Marc et Lionel Placek.<\/p>\n<p>Ce livre est \u00e0 la fois un t\u00e9moignage et un document, il me rappelle cette phrase de feu mon cousin Paul Kelter \u00e0 Londres\u00a0: <em>\u00ab\u00a0Maybe one day someone will write to tell what they lived and say what I saw\u00a0\u00bb<\/em>,\u00a0Peut-\u00eatre un jour quelqu\u2019un \u00e9crira pour dire ce qu\u2019il a v\u00e9cu et ce que j\u2019ai vu.<\/p>\n<figure id=\"attachment_3259\" aria-describedby=\"caption-attachment-3259\" style=\"width: 267px\" class=\"wp-caption aligncenter\"><img decoding=\"async\" loading=\"lazy\" class=\"wp-image-3259\" src=\"https:\/\/aifonline.net\/wp-content\/uploads\/2022\/07\/javais_10_ans_a_bergen-belsen-683x1024.jpeg\" alt=\"\" width=\"267\" height=\"400\" srcset=\"https:\/\/aifonline.net\/wp-content\/uploads\/2022\/07\/javais_10_ans_a_bergen-belsen-683x1024.jpeg 683w, https:\/\/aifonline.net\/wp-content\/uploads\/2022\/07\/javais_10_ans_a_bergen-belsen-200x300.jpeg 200w, https:\/\/aifonline.net\/wp-content\/uploads\/2022\/07\/javais_10_ans_a_bergen-belsen-768x1152.jpeg 768w, https:\/\/aifonline.net\/wp-content\/uploads\/2022\/07\/javais_10_ans_a_bergen-belsen.jpeg 800w\" sizes=\"(max-width: 267px) 100vw, 267px\" \/><figcaption id=\"caption-attachment-3259\" class=\"wp-caption-text\">J&#8217;avais 10 ans \u00e0 Bergen-Belsen par L\u00e9on Placek, en collaboration avec Philippe Durand<\/figcaption><\/figure>\n<p><em>J\u2019avais 10 ans \u00e0 Bergen-Belsen<\/em> de L\u00e9on Placek en collaboration avec Philippe Legrand, Editions Le Cherche Midi, 156 pages, 15\u20ac<\/p>\n","protected":false},"excerpt":{"rendered":"<p>Par Alain Kaminski Le livre de L\u00e9on Placek est bouleversant. \u00ab\u00a0L\u2019hiver les corps \u00e9taient glac\u00e9s, l\u2019\u00e9t\u00e9 c\u2019\u00e9tait l\u2019inverse, les insolations,<\/p>\n","protected":false},"author":1,"featured_media":0,"comment_status":"open","ping_status":"open","sticky":false,"template":"","format":"standard","meta":{"_mi_skip_tracking":false,"_exactmetrics_sitenote_active":false,"_exactmetrics_sitenote_note":"","_exactmetrics_sitenote_category":0,"footnotes":""},"categories":[36],"tags":[78,35,40],"table_tags":[],"_links":{"self":[{"href":"https:\/\/aifonline.net\/index.php?rest_route=\/wp\/v2\/posts\/3257"}],"collection":[{"href":"https:\/\/aifonline.net\/index.php?rest_route=\/wp\/v2\/posts"}],"about":[{"href":"https:\/\/aifonline.net\/index.php?rest_route=\/wp\/v2\/types\/post"}],"author":[{"embeddable":true,"href":"https:\/\/aifonline.net\/index.php?rest_route=\/wp\/v2\/users\/1"}],"replies":[{"embeddable":true,"href":"https:\/\/aifonline.net\/index.php?rest_route=%2Fwp%2Fv2%2Fcomments&post=3257"}],"version-history":[{"count":10,"href":"https:\/\/aifonline.net\/index.php?rest_route=\/wp\/v2\/posts\/3257\/revisions"}],"predecessor-version":[{"id":3315,"href":"https:\/\/aifonline.net\/index.php?rest_route=\/wp\/v2\/posts\/3257\/revisions\/3315"}],"wp:attachment":[{"href":"https:\/\/aifonline.net\/index.php?rest_route=%2Fwp%2Fv2%2Fmedia&parent=3257"}],"wp:term":[{"taxonomy":"category","embeddable":true,"href":"https:\/\/aifonline.net\/index.php?rest_route=%2Fwp%2Fv2%2Fcategories&post=3257"},{"taxonomy":"post_tag","embeddable":true,"href":"https:\/\/aifonline.net\/index.php?rest_route=%2Fwp%2Fv2%2Ftags&post=3257"},{"taxonomy":"table_tags","embeddable":true,"href":"https:\/\/aifonline.net\/index.php?rest_route=%2Fwp%2Fv2%2Ftable_tags&post=3257"}],"curies":[{"name":"wp","href":"https:\/\/api.w.org\/{rel}","templated":true}]}}