{"id":3321,"date":"2022-08-26T09:06:28","date_gmt":"2022-08-26T07:06:28","guid":{"rendered":"http:\/\/aifonline.net\/?p=3321"},"modified":"2022-08-26T10:32:49","modified_gmt":"2022-08-26T08:32:49","slug":"les-patronymes-le-peuple-de-beethoven-ou-de-goethe","status":"publish","type":"post","link":"https:\/\/aifonline.net\/?p=3321","title":{"rendered":"Les patronymes : Le peuple de Beethoven et de Goethe"},"content":{"rendered":"<p><em><strong>Par Alain Kaminski<\/strong><\/em><\/p>\n<p>On se demande souvent comment le peuple de Beethoven et de Goethe avait-il pu r\u00e9server aux juifs un sort si funeste \u00e0 celles et ceux qui avaient pour patronymes les noms des plus belles villes d\u2019Allemagne.<br \/>\nDe Berlin avec les Berliner \u00e0 Dantzig avec les Dantziger, de Hambourg avec les Hamburger, et aussi Ulm avec les Ulmo, Oulman, Ulmer. De la ville de Heilbronn en Bade-Wurtemberg d\u00e9rivent les noms Halbronn, Halperin, Helbronner, Halpern et bien d\u2019autres. Le tr\u00e8s talentueux Serge Gainsbourg, d\u2019origine russe, nous rappelle cependant Ginsburg en Bavi\u00e8re d\u2019o\u00f9 les Ginsburger ou G\u00fcnsburg.<br \/>\nLes Frankforter nous rappellent Frankfort, les Lipsky, pourtant tr\u00e8s courants en Pologne, la ville allemande de Leipzig tr\u00e8s fr\u00e9quent\u00e9e par les juifs d\u2019Europe centrale pour ses fameuses foires.<br \/>\nLes Koln ou Kelner rappellent Cologne, les Mintz ou Mintzer ou Minc la belle Mayence, les Kleiber, Kliber ou la ville de Cl\u00e8ves, les Warburg la ville du m\u00eame nom en Rh\u00e9nanie-Westphalie, les Wormser ou Wurmser, la ville de Worms.<br \/>\nAussi la ville de Spire en Rh\u00e9nanie-Palatinat, Speyer en allemand, qui nous a donn\u00e9 tant de Shapiro, Sapir, Spire.<br \/>\nUne grande interrogation pour Alfred Dreyfus car il y a deux \u00e9coles qui s\u2019affrontent au sujet de l\u2019origine de son patronyme. Dreyfus signifie litt\u00e9ralement \u00ab\u00a0trois pieds\u00a0\u00bb.\u00a0Mais on peut \u00e9galement retrouver le nom de la ville de Tr\u00e8ves, le capitaine \u00e9tait originaire de Mulhouse \u00e0 quelques 300 kms de Tr\u00e8ves. Mais Tr\u00e8ves et Dreyfus n\u2019ayant pas de v\u00e9ritable lien phonique, j\u2019opterai plut\u00f4t pour la version \u00abtrois pieds\u00bb, l\u2019homme qui marchait avec une canne, l\u2019aspect physique \u00e9tait tr\u00e8s fr\u00e9quent lors de l\u2019attribution des patronymes jadis.<\/p>\n<p><em>Publi\u00e9 dans Actualit\u00e9 Juive<\/em><\/p>\n","protected":false},"excerpt":{"rendered":"<p>Par Alain Kaminski On se demande souvent comment le peuple de Beethoven et de Goethe avait-il pu r\u00e9server aux juifs<\/p>\n","protected":false},"author":1,"featured_media":0,"comment_status":"open","ping_status":"open","sticky":false,"template":"","format":"standard","meta":{"_mi_skip_tracking":false,"_exactmetrics_sitenote_active":false,"_exactmetrics_sitenote_note":"","_exactmetrics_sitenote_category":0,"footnotes":""},"categories":[79],"tags":[65,50,30],"table_tags":[],"_links":{"self":[{"href":"https:\/\/aifonline.net\/index.php?rest_route=\/wp\/v2\/posts\/3321"}],"collection":[{"href":"https:\/\/aifonline.net\/index.php?rest_route=\/wp\/v2\/posts"}],"about":[{"href":"https:\/\/aifonline.net\/index.php?rest_route=\/wp\/v2\/types\/post"}],"author":[{"embeddable":true,"href":"https:\/\/aifonline.net\/index.php?rest_route=\/wp\/v2\/users\/1"}],"replies":[{"embeddable":true,"href":"https:\/\/aifonline.net\/index.php?rest_route=%2Fwp%2Fv2%2Fcomments&post=3321"}],"version-history":[{"count":4,"href":"https:\/\/aifonline.net\/index.php?rest_route=\/wp\/v2\/posts\/3321\/revisions"}],"predecessor-version":[{"id":3358,"href":"https:\/\/aifonline.net\/index.php?rest_route=\/wp\/v2\/posts\/3321\/revisions\/3358"}],"wp:attachment":[{"href":"https:\/\/aifonline.net\/index.php?rest_route=%2Fwp%2Fv2%2Fmedia&parent=3321"}],"wp:term":[{"taxonomy":"category","embeddable":true,"href":"https:\/\/aifonline.net\/index.php?rest_route=%2Fwp%2Fv2%2Fcategories&post=3321"},{"taxonomy":"post_tag","embeddable":true,"href":"https:\/\/aifonline.net\/index.php?rest_route=%2Fwp%2Fv2%2Ftags&post=3321"},{"taxonomy":"table_tags","embeddable":true,"href":"https:\/\/aifonline.net\/index.php?rest_route=%2Fwp%2Fv2%2Ftable_tags&post=3321"}],"curies":[{"name":"wp","href":"https:\/\/api.w.org\/{rel}","templated":true}]}}