{"id":3375,"date":"2022-09-15T08:06:17","date_gmt":"2022-09-15T06:06:17","guid":{"rendered":"http:\/\/aifonline.net\/?p=3375"},"modified":"2022-09-15T08:22:27","modified_gmt":"2022-09-15T06:22:27","slug":"les-patronymes-ils-sont-dorigine-hebraique","status":"publish","type":"post","link":"https:\/\/aifonline.net\/?p=3375","title":{"rendered":"Les patronymes : Ils sont d&#8217;origine h\u00e9bra\u00efque"},"content":{"rendered":"<p><em><strong>Par Alain Kaminski<\/strong><\/em><\/p>\n<p>Les patronymes juifs n\u2019\u00e9taient pas toujours des pommiers ou des figuiers, des aigles ou des cerfs, des tailleurs ou des bouchers mais venaient aussi de l\u2019h\u00e9breu.<br \/>\nBarouch, litt\u00e9ralement celui qui est b\u00e9ni, se retrouve sur le pourtour de la M\u00e9diterran\u00e9e avec des Barouche, Barouk, Brakha. En Europe on les retrouvera des Berk, des Boruch ou m\u00eame des Birkan. Shemtov, le bon nom, a eu sa traduction en arabe, El-Maleh.<br \/>\nBrami ou Abrahami sont tout simplement des d\u00e9riv\u00e9s d\u2019Abraham et les ashk\u00e9nazes auront leur Avroum, Avrane, Abramovitch.<br \/>\nSi Cohen est le grand pr\u00eatre, son assistant est le sgan Leviyyah d\u2019o\u00f9 l\u2019acronyme Segal et ses nombreuses variantes, Sigal, Siegel, aussi un certain Mo\u00efch\u00e9 Chagalov plus connu sous le nom de Marc Chagall.<br \/>\nGarzon sont tous proches de Guershon, le fils a\u00een\u00e9 de Mo\u00efse. Quant \u00e0 Jacob, c\u2019est l\u2019embarras du choix avec Iancu chez les roumains, Jankel chez les yiddishistes, Jakab chez les hongrois, Waqnin en berb\u00e8re, Ouaknine chez les marocains et aussi l\u2019amie de ma grand-m\u00e8re, la petite Kubova.<br \/>\nMon clin d\u2019\u0153il ira\u2026 \u00e0 mon \u00e9pouse, une Banon. D\u00e9riv\u00e9 de Noun, le p\u00e8re de Josu\u00e9, Banon est donc le fils de Noun comme pouvait nous le rappeler le patronyme de l\u2019ancienne ambassadrice d\u2019Isra\u00ebl en France, Aliza Ben-Noun.<br \/>\nLa famille Banon, bien connue du tout Casablanca et plus pr\u00e9cis\u00e9ment au 71 de l\u2019avenue Moulay Hassan 1er, est celle du rabbin David Banon, fondateur du Centre s\u00e9farade de Laval au Canada. Mais attention, certains seraient tent\u00e9s de se faire passer pour des Banon sans \u00eatre des vrais Banon alors m\u00e9fiez-vous des contrefa\u00e7ons.<\/p>\n<p><em>Paru dans Actualit\u00e9 Juive\u00a0\u00a0 \u00a0 \u00a0 \u00a0 \u00a0 \u00a0 \u00a0 \u00a0 \u00a0 \u00a0 \u00a0 \u00a0 \u00a0 \u00a0 \u00a0 \u00a0 \u00a0 \u00a0 \u00a0 \u00a0 \u00a0 \u00a0 \u00a0 \u00a0 \u00a0 \u00a0 \u00a0 \u00a0 \u00a0 \u00a0 \u00a0 \u00a0 \u00a0 \u00a0 \u00a0 \u00a0 \u00a0 \u00a0 \u00a0 \u00a0 \u00a0 \u00a0 \u00a0 \u00a0 \u00a0 \u00a0 \u00a0<\/em><\/p>\n","protected":false},"excerpt":{"rendered":"<p>Par Alain Kaminski Les patronymes juifs n\u2019\u00e9taient pas toujours des pommiers ou des figuiers, des aigles ou des cerfs, des<\/p>\n","protected":false},"author":1,"featured_media":0,"comment_status":"open","ping_status":"open","sticky":false,"template":"","format":"standard","meta":{"_mi_skip_tracking":false,"_exactmetrics_sitenote_active":false,"_exactmetrics_sitenote_note":"","_exactmetrics_sitenote_category":0,"footnotes":""},"categories":[79],"tags":[98,82,50,93],"table_tags":[],"_links":{"self":[{"href":"https:\/\/aifonline.net\/index.php?rest_route=\/wp\/v2\/posts\/3375"}],"collection":[{"href":"https:\/\/aifonline.net\/index.php?rest_route=\/wp\/v2\/posts"}],"about":[{"href":"https:\/\/aifonline.net\/index.php?rest_route=\/wp\/v2\/types\/post"}],"author":[{"embeddable":true,"href":"https:\/\/aifonline.net\/index.php?rest_route=\/wp\/v2\/users\/1"}],"replies":[{"embeddable":true,"href":"https:\/\/aifonline.net\/index.php?rest_route=%2Fwp%2Fv2%2Fcomments&post=3375"}],"version-history":[{"count":2,"href":"https:\/\/aifonline.net\/index.php?rest_route=\/wp\/v2\/posts\/3375\/revisions"}],"predecessor-version":[{"id":3379,"href":"https:\/\/aifonline.net\/index.php?rest_route=\/wp\/v2\/posts\/3375\/revisions\/3379"}],"wp:attachment":[{"href":"https:\/\/aifonline.net\/index.php?rest_route=%2Fwp%2Fv2%2Fmedia&parent=3375"}],"wp:term":[{"taxonomy":"category","embeddable":true,"href":"https:\/\/aifonline.net\/index.php?rest_route=%2Fwp%2Fv2%2Fcategories&post=3375"},{"taxonomy":"post_tag","embeddable":true,"href":"https:\/\/aifonline.net\/index.php?rest_route=%2Fwp%2Fv2%2Ftags&post=3375"},{"taxonomy":"table_tags","embeddable":true,"href":"https:\/\/aifonline.net\/index.php?rest_route=%2Fwp%2Fv2%2Ftable_tags&post=3375"}],"curies":[{"name":"wp","href":"https:\/\/api.w.org\/{rel}","templated":true}]}}