{"id":3392,"date":"2022-09-15T08:09:04","date_gmt":"2022-09-15T06:09:04","guid":{"rendered":"http:\/\/aifonline.net\/?p=3392"},"modified":"2022-09-16T12:13:51","modified_gmt":"2022-09-16T10:13:51","slug":"portrait-golda-rozen-nee-lifchitz-1917-2000","status":"publish","type":"post","link":"https:\/\/aifonline.net\/?p=3392","title":{"rendered":"Portrait : Golda Rozen, n\u00e9e Lifchitz (1917-2000)"},"content":{"rendered":"<p><em><strong>Par Jacques Rozen, J\u00e9r\u00e9my Rozen et Alain Kaminski<\/strong><\/em><\/p>\n<figure id=\"attachment_3394\" aria-describedby=\"caption-attachment-3394\" style=\"width: 266px\" class=\"wp-caption aligncenter\"><img decoding=\"async\" loading=\"lazy\" class=\"wp-image-3394\" src=\"https:\/\/aifonline.net\/wp-content\/uploads\/2022\/09\/1934-Golda-Liwszic-17-ans-682x1024.jpg\" alt=\"\" width=\"266\" height=\"400\" srcset=\"https:\/\/aifonline.net\/wp-content\/uploads\/2022\/09\/1934-Golda-Liwszic-17-ans-682x1024.jpg 682w, https:\/\/aifonline.net\/wp-content\/uploads\/2022\/09\/1934-Golda-Liwszic-17-ans-200x300.jpg 200w, https:\/\/aifonline.net\/wp-content\/uploads\/2022\/09\/1934-Golda-Liwszic-17-ans-768x1154.jpg 768w, https:\/\/aifonline.net\/wp-content\/uploads\/2022\/09\/1934-Golda-Liwszic-17-ans.jpg 1029w\" sizes=\"(max-width: 266px) 100vw, 266px\" \/><figcaption id=\"caption-attachment-3394\" class=\"wp-caption-text\">Olga Golda Rozen n\u00e9e Lifchitz, \u00e0 l&#8217;\u00e2ge de 17 ans en 1934<\/figcaption><\/figure>\n<p>Son nom comme son livre de recettes de cuisine a fait le tour du monde.<br \/>\nIl fut demand\u00e9 et envoy\u00e9 dans toute la France, en Belgique et en Suisse, au Canada et aux USA mais aussi \u00e0 Santa Maria en Colombie pour le restaurant de notre cher Remi Laurent, aussi au Venezuela, en Afrique du Sud et en Australie et trois exemplaires au&#8230; Botswana pour le patron d&#8217;un restaurant de Gaborone, la capitale, qui les commanda pour proposer \u00e0 ses clients du bortch.<br \/>\nMamie Golda est bien connue des AIF. Ce sont ses recettes qui ont \u00e9galement contribu\u00e9 \u00e0 r\u00e9pondre \u00e0 l&#8217;attente du lectorat de notre newsletter et nous \u00e9ditons et r\u00e9\u00e9ditons continuellement son livre, aujourd&#8217;hui accompagn\u00e9 d&#8217;un CD, de sa voix, de sa M\u00e9moire.<\/p>\n<p>Derri\u00e8re son nom et son pr\u00e9nom, on d\u00e9couvrira Olga Golda Rozen, n\u00e9e Lifchitz en 1917 \u00e0 Pinsk (en Bi\u00e9lorussie).<br \/>\nA 17 ans, elle d\u00e9cide de quitter ce qui \u00e9tait l&#8217;Union sovi\u00e9tique.<br \/>\nElle en est emp\u00each\u00e9e \u00e0 la fronti\u00e8re mais tente de nouveau et r\u00e9ussit finalement \u00e0 rejoindre Paris. Malgr\u00e9 tout ce que vous pouvez \u00e9ventuellement observer dans ses \u00e9crits fortement influenc\u00e9s sur le plan syntaxique et orthographique par son yiddish maternel, elle suit non sans mal mais avec assiduit\u00e9 des cours de fran\u00e7ais \u00e0 l\u2019\u00e9cole des langues orientales, l&#8217;actuelle Inalco.<br \/>\nD&#8217;aucuns affirmeront plus tard qu&#8217;elle devait sans doute avoir un pi\u00e8tre professeur.<br \/>\nPendant la guerre elle se marie avec Joseph Rozen et ils seront cach\u00e9s par une famille de Levroux dans l&#8217;Indre, la famille Pr\u00e9vault. Sa belle-fille Chantal Rozen constituera un dossier sur cet \u00e9pisode \u00e0 cette \u00e9poque de la guerre et cette famille recevra la M\u00e9daille des Justes parmi les Nations.<\/p>\n<figure id=\"attachment_3395\" aria-describedby=\"caption-attachment-3395\" style=\"width: 562px\" class=\"wp-caption aligncenter\"><img decoding=\"async\" loading=\"lazy\" class=\"wp-image-3395\" src=\"https:\/\/aifonline.net\/wp-content\/uploads\/2022\/09\/1941-mariage-GoldaJoseph-1024x729.jpg\" alt=\"\" width=\"562\" height=\"400\" srcset=\"https:\/\/aifonline.net\/wp-content\/uploads\/2022\/09\/1941-mariage-GoldaJoseph-1024x729.jpg 1024w, https:\/\/aifonline.net\/wp-content\/uploads\/2022\/09\/1941-mariage-GoldaJoseph-300x214.jpg 300w, https:\/\/aifonline.net\/wp-content\/uploads\/2022\/09\/1941-mariage-GoldaJoseph-768x547.jpg 768w, https:\/\/aifonline.net\/wp-content\/uploads\/2022\/09\/1941-mariage-GoldaJoseph.jpg 1248w\" sizes=\"(max-width: 562px) 100vw, 562px\" \/><figcaption id=\"caption-attachment-3395\" class=\"wp-caption-text\">Le mariage est avec Joseph Rozen en 1942<\/figcaption><\/figure>\n<p>Sa vie professionnelle se d\u00e9roulera ensuite derri\u00e8re une machine \u00e0 coudre, \u00e0 faire des jupes, pendant que son mari dirige un petit atelier de cuir mais elle trouvera davantage un \u00e9panouissement derri\u00e8re les fourneaux. C\u2019est gr\u00e2ce \u00e0 cette exp\u00e9rience de cuisini\u00e8re et surtout de p\u00e2tissi\u00e8re que nous devons les fameuses recettes qui nous r\u00e9galent tant. Recettes \u00e0 lire \u00e0 haute voix bien s\u00fbr avant de les mettre en pratique. Bien entendu Olga dite mamie Golda a \u00e9t\u00e9 une soci\u00e9taire de longue date des AIF, elle recevra en 1995 la M\u00e9daille de la Ville de Paris lors d\u2019un grand banquet de la Soci\u00e9t\u00e9, d\u00e9coration qui lui sera remise par Claude-G\u00e9rard Marcus, adjoint au maire, au nom de Jacques Chirac alors maire de Paris.<br \/>\nClaude-G\u00e9rard Marcus, fondateur du MAHJ, le Mus\u00e9e d&#8217;Art et d&#8217;Histoire du Juda\u00efsme, \u00e9tait tr\u00e8s proche des Amis isra\u00e9lites de France et avait beaucoup d&#8217;admiration pour Mamie Golda. Il avait tenu \u00e0 faire exposer en emplacement choisi ses livres de recettes \u00e0 la boutique du mus\u00e9e. Belle marque d&#8217;affection.<\/p>\n<figure id=\"attachment_3405\" aria-describedby=\"caption-attachment-3405\" style=\"width: 183px\" class=\"wp-caption aligncenter\"><img decoding=\"async\" loading=\"lazy\" class=\"wp-image-3405\" src=\"https:\/\/aifonline.net\/wp-content\/uploads\/2020\/09\/mamie_golde_librairie-468x1024.jpg\" alt=\"\" width=\"183\" height=\"400\" srcset=\"https:\/\/aifonline.net\/wp-content\/uploads\/2020\/09\/mamie_golde_librairie.jpg 468w, https:\/\/aifonline.net\/wp-content\/uploads\/2020\/09\/mamie_golde_librairie-137x300.jpg 137w\" sizes=\"(max-width: 183px) 100vw, 183px\" \/><figcaption id=\"caption-attachment-3405\" class=\"wp-caption-text\">Golda Rozen se rend \u00e0 la librairie Bibliophane en 1999 pour une s\u00e9ance de d\u00e9dicaces , une foule impressionnante l&#8217;attend<\/figcaption><\/figure>\n<p>Avec son mari Joseph, elle eut un fils, Jacques, qui est aujourd&#8217;hui vice-pr\u00e9sident des Amis Isra\u00e9lites de France. Peu de gens l&#8217;ont entendu parler de son fils pr\u00e9nomm\u00e9 Jacques car elle ne savait dire que &#8220;mon Jacky&#8221;. C&#8217;\u00e9tait mon Jacky par-ci, mon Jacky par-l\u00e0, le tout-Paris avait fini par s&#8217;habituer jusqu&#8217;\u00e0 lui demander comment va &#8220;mon Jacky&#8221;.<\/p>\n<p>Elle \u00e9tait tr\u00e8s fi\u00e8re de sa belle-fille Chantal qu&#8217;elle adorait, ce fut magnifique.<br \/>\nIls lui donn\u00e8rent deux enfants, Jeremy et Deborah qui \u00e0 leur tour assuraient la descendance de Mamie Golda avec cinq petits-enfants, Lili, Samuel, Max, Joshua et Ezekiel. Elle n&#8217;en conna\u00eetra qu&#8217;un seul, Samuel.<\/p>\n<figure id=\"attachment_3403\" aria-describedby=\"caption-attachment-3403\" style=\"width: 532px\" class=\"wp-caption aligncenter\"><img decoding=\"async\" loading=\"lazy\" class=\"wp-image-3403\" src=\"https:\/\/aifonline.net\/wp-content\/uploads\/2020\/09\/mamie_golde_cuisine-1024x769.jpg\" alt=\"\" width=\"532\" height=\"400\" srcset=\"https:\/\/aifonline.net\/wp-content\/uploads\/2020\/09\/mamie_golde_cuisine-1024x769.jpg 1024w, https:\/\/aifonline.net\/wp-content\/uploads\/2020\/09\/mamie_golde_cuisine-300x225.jpg 300w, https:\/\/aifonline.net\/wp-content\/uploads\/2020\/09\/mamie_golde_cuisine-768x577.jpg 768w, https:\/\/aifonline.net\/wp-content\/uploads\/2020\/09\/mamie_golde_cuisine-600x450.jpg 600w, https:\/\/aifonline.net\/wp-content\/uploads\/2020\/09\/mamie_golde_cuisine.jpg 1082w\" sizes=\"(max-width: 532px) 100vw, 532px\" \/><figcaption id=\"caption-attachment-3403\" class=\"wp-caption-text\">Golda Rozen en pleine pr\u00e9paration d&#8217;une recette dans sa cuisine<\/figcaption><\/figure>\n<p>Sa belle-fille Chantal Rozen, poursuit avec beaucoup de respect l\u2019h\u00e9ritage culinaire qui lui a \u00e9t\u00e9 l\u00e9gu\u00e9 en pr\u00e9servant soigneusement tous les \u00e9crits, recettes et aussi po\u00e8mes. C\u2019est ainsi que la transmission semble se faire parfaitement car aux derni\u00e8res nouvelles son arri\u00e8re-petit-fils Ezekiel Wargon commence une grande carri\u00e8re de cuisinier, \u00e0 domicile quand m\u00eame.\u00a0Esp\u00e9rons qu\u2019il saura b\u00e9n\u00e9ficier du savoir transmis, qu&#8217;il saura avec ses plats consistants venus d&#8217;Europe de l&#8217;Est r\u00e9chauffer nos corps comme nos c\u0153urs. Apr\u00e8s des ann\u00e9es de veuvage, mamie Golda quittait ce monde en l&#8217;an 2000. Son juda\u00efsme lui \u00e9tait chevill\u00e9 au corps, elle \u00e9tait juive dans l&#8217;\u00e2me, dans l&#8217;attitude, dans la pens\u00e9e, dans le rapport humain jusqu&#8217;\u00e0 rendre ses maladresses d\u00e9licieuses.<\/p>\n<figure id=\"attachment_3404\" aria-describedby=\"caption-attachment-3404\" style=\"width: 533px\" class=\"wp-caption aligncenter\"><img decoding=\"async\" loading=\"lazy\" class=\"wp-image-3404\" src=\"https:\/\/aifonline.net\/wp-content\/uploads\/2020\/09\/mamie_golde_dessin-1024x768.jpg\" alt=\"\" width=\"533\" height=\"400\" srcset=\"https:\/\/aifonline.net\/wp-content\/uploads\/2020\/09\/mamie_golde_dessin.jpg 1024w, https:\/\/aifonline.net\/wp-content\/uploads\/2020\/09\/mamie_golde_dessin-300x225.jpg 300w, https:\/\/aifonline.net\/wp-content\/uploads\/2020\/09\/mamie_golde_dessin-768x576.jpg 768w, https:\/\/aifonline.net\/wp-content\/uploads\/2020\/09\/mamie_golde_dessin-600x450.jpg 600w\" sizes=\"(max-width: 533px) 100vw, 533px\" \/><figcaption id=\"caption-attachment-3404\" class=\"wp-caption-text\">Golda Rozen dans sa cuisine<\/figcaption><\/figure>\n<p>Deux jours avant de rendre son dernier soupir dans une petite clinique d&#8217;Aulnay-sous-Bois, elle re\u00e7ut la visite de notre pr\u00e9sident Alain Kaminski.Il n&#8217;oubliera jamais ses derni\u00e8res paroles lors de la visite du m\u00e9decin. <em>&#8220;Est-ce que vous souffrez Madame Rozen?&#8221; &#8220;Oy, j\u00e9 souffre \u00e9\u00efnorm\u00e9mon y j\u00e9 svouaite \u00e0 aunquine jvif d\u00e9 souffrir comme moua&#8221;<\/em>.<br \/>\nMagnifique !<\/p>\n","protected":false},"excerpt":{"rendered":"<p>Par Jacques Rozen, J\u00e9r\u00e9my Rozen et Alain Kaminski Son nom comme son livre de recettes de cuisine a fait le<\/p>\n","protected":false},"author":1,"featured_media":0,"comment_status":"open","ping_status":"open","sticky":false,"template":"","format":"standard","meta":{"_mi_skip_tracking":false,"_exactmetrics_sitenote_active":false,"_exactmetrics_sitenote_note":"","_exactmetrics_sitenote_category":0,"footnotes":""},"categories":[84],"tags":[],"table_tags":[],"_links":{"self":[{"href":"https:\/\/aifonline.net\/index.php?rest_route=\/wp\/v2\/posts\/3392"}],"collection":[{"href":"https:\/\/aifonline.net\/index.php?rest_route=\/wp\/v2\/posts"}],"about":[{"href":"https:\/\/aifonline.net\/index.php?rest_route=\/wp\/v2\/types\/post"}],"author":[{"embeddable":true,"href":"https:\/\/aifonline.net\/index.php?rest_route=\/wp\/v2\/users\/1"}],"replies":[{"embeddable":true,"href":"https:\/\/aifonline.net\/index.php?rest_route=%2Fwp%2Fv2%2Fcomments&post=3392"}],"version-history":[{"count":10,"href":"https:\/\/aifonline.net\/index.php?rest_route=\/wp\/v2\/posts\/3392\/revisions"}],"predecessor-version":[{"id":3421,"href":"https:\/\/aifonline.net\/index.php?rest_route=\/wp\/v2\/posts\/3392\/revisions\/3421"}],"wp:attachment":[{"href":"https:\/\/aifonline.net\/index.php?rest_route=%2Fwp%2Fv2%2Fmedia&parent=3392"}],"wp:term":[{"taxonomy":"category","embeddable":true,"href":"https:\/\/aifonline.net\/index.php?rest_route=%2Fwp%2Fv2%2Fcategories&post=3392"},{"taxonomy":"post_tag","embeddable":true,"href":"https:\/\/aifonline.net\/index.php?rest_route=%2Fwp%2Fv2%2Ftags&post=3392"},{"taxonomy":"table_tags","embeddable":true,"href":"https:\/\/aifonline.net\/index.php?rest_route=%2Fwp%2Fv2%2Ftable_tags&post=3392"}],"curies":[{"name":"wp","href":"https:\/\/api.w.org\/{rel}","templated":true}]}}