{"id":3424,"date":"2022-10-16T08:35:52","date_gmt":"2022-10-16T06:35:52","guid":{"rendered":"http:\/\/aifonline.net\/?p=3424"},"modified":"2022-10-16T08:42:00","modified_gmt":"2022-10-16T06:42:00","slug":"les-patronymes-ils-se-sont-mis-au-vert","status":"publish","type":"post","link":"https:\/\/aifonline.net\/?p=3424","title":{"rendered":"Les patronymes : Ils se sont mis au vert"},"content":{"rendered":"<p><em><strong>Par Alain Kaminski<\/strong><\/em><\/p>\n<p>La couleur verte est sur la premi\u00e8re marche du podium des noms ashk\u00e9nazes comportant une couleur, plut\u00f4t que toute autre, acceptant bien entendu que le noir ou schwartz, le rouge ou roth, le blanc ou weiss restent tr\u00e8s fr\u00e9quents mais moins que le brun ou braun, le bleu ou blau et le jaune ou gelb.<br \/>\nMais le vert est partout sous les formes Gryn, Grin ou Grun voire Gr\u00fcn plus germanique.<br \/>\nOn trouvera des Grynberg, la montagne verte, des Grynbaum ou m\u00eame Grunbaum et parfois Grunenbaum l\u2019arbre vert, des Grynfeld ou Grinfeld le champ vert, des Grynstein ou Grynsztajn la pierre verte, des Grunwald ou Grunenwald la for\u00eat verte, ou des Gr\u00fcnblatt la feuille verte, patronyme que le cin\u00e9aste Pierre Grimblat avait francis\u00e9.<br \/>\nQuelques Grynman, l\u2019homme vert ou Grynhorn, la corne verte sont moins fr\u00e9quents.<br \/>\nOn ne manquera pas les Grynszpan, vert-de-gris, les Grunland, le pays vert, les Grynszajn ou Grinszejn, le joli vert, les Gryngold, l\u2019or vert, les Grynfass le tonneau vert ou les Grynfogel ou Grinvogel, l\u2019oiseau vert.<br \/>\nLe vert n\u2019est parfois que sa couleur comme les Grynfarb, la couleur verte.<br \/>\nLes confectionneurs avaient autrefois pour habitude de nommer un article qui se vendait mal par cette couleur verte, peu fr\u00e9quente dans les v\u00eatements, ils disaient du produit qu\u2019il \u00e9tait un \u00ab\u00a0vert s\u00e9zetz\u00a0\u00bb litt\u00e9ralement un vert qui reste assis.<br \/>\nLe vert qui avait \u00e9migr\u00e9 en Isra\u00ebl dans les ann\u00e9es 30 changeait parfois de nom, il s\u2019h\u00e9bra\u00efsait si bien que l\u2019on trouve beaucoup de Yarok ou Yarik qui signifie vert en h\u00e9breu.<br \/>\nMa pens\u00e9e ira cette semaine pour le plus c\u00e9l\u00e8bre, le fondateur de l\u2019Etat d\u2019Isra\u00ebl, un certain David Gr\u00fcn qui devint David Ben Gourion.<\/p>\n<p><em>Paru dans Actualit\u00e9 Juive<\/em><\/p>\n","protected":false},"excerpt":{"rendered":"<p>Par Alain Kaminski La couleur verte est sur la premi\u00e8re marche du podium des noms ashk\u00e9nazes comportant une couleur, plut\u00f4t<\/p>\n","protected":false},"author":1,"featured_media":0,"comment_status":"open","ping_status":"open","sticky":false,"template":"","format":"standard","meta":{"_mi_skip_tracking":false,"_exactmetrics_sitenote_active":false,"_exactmetrics_sitenote_note":"","_exactmetrics_sitenote_category":0,"footnotes":""},"categories":[79],"tags":[65,50,30],"table_tags":[],"_links":{"self":[{"href":"https:\/\/aifonline.net\/index.php?rest_route=\/wp\/v2\/posts\/3424"}],"collection":[{"href":"https:\/\/aifonline.net\/index.php?rest_route=\/wp\/v2\/posts"}],"about":[{"href":"https:\/\/aifonline.net\/index.php?rest_route=\/wp\/v2\/types\/post"}],"author":[{"embeddable":true,"href":"https:\/\/aifonline.net\/index.php?rest_route=\/wp\/v2\/users\/1"}],"replies":[{"embeddable":true,"href":"https:\/\/aifonline.net\/index.php?rest_route=%2Fwp%2Fv2%2Fcomments&post=3424"}],"version-history":[{"count":1,"href":"https:\/\/aifonline.net\/index.php?rest_route=\/wp\/v2\/posts\/3424\/revisions"}],"predecessor-version":[{"id":3425,"href":"https:\/\/aifonline.net\/index.php?rest_route=\/wp\/v2\/posts\/3424\/revisions\/3425"}],"wp:attachment":[{"href":"https:\/\/aifonline.net\/index.php?rest_route=%2Fwp%2Fv2%2Fmedia&parent=3424"}],"wp:term":[{"taxonomy":"category","embeddable":true,"href":"https:\/\/aifonline.net\/index.php?rest_route=%2Fwp%2Fv2%2Fcategories&post=3424"},{"taxonomy":"post_tag","embeddable":true,"href":"https:\/\/aifonline.net\/index.php?rest_route=%2Fwp%2Fv2%2Ftags&post=3424"},{"taxonomy":"table_tags","embeddable":true,"href":"https:\/\/aifonline.net\/index.php?rest_route=%2Fwp%2Fv2%2Ftable_tags&post=3424"}],"curies":[{"name":"wp","href":"https:\/\/api.w.org\/{rel}","templated":true}]}}