{"id":345,"date":"2017-11-28T20:00:45","date_gmt":"2017-11-28T19:00:45","guid":{"rendered":"http:\/\/yamieux.fr\/?p=345"},"modified":"2019-04-04T08:18:51","modified_gmt":"2019-04-04T06:18:51","slug":"deces-de-nicole-bismuth","status":"publish","type":"post","link":"https:\/\/aifonline.net\/?p=345","title":{"rendered":"D\u00e9c\u00e8s de Nicole Bismuth"},"content":{"rendered":"<p>Nous avons appris avec\u00a0stupeur le brutal\u00a0d\u00e9c\u00e8s de notre vice-pr\u00e9sidente Nicole Bismuth n\u00e9e Abramovitch, survenu le 21 novembre 2017 \u00e0 (94) \u00e0 l&#8217;\u00e2ge de 79 ans.<br \/>\nNicole faisait partie de celles et ceux\u00a0qu&#8217;on adorait, elle \u00e9tait merveilleuse.<br \/>\nNicole \u00e9tait &#8220;apparent\u00e9e&#8221; avec chacun d&#8217;entre nous, on l&#8217;aimait depuis tant d&#8217;ann\u00e9es.<br \/>\nSi les Amis Isra\u00e9lites de France sont cette grande famille aujourd&#8217;hui, c&#8217;est incontestablement parce qu&#8217;il y eut des hommes et des femmes qui ont donn\u00e9 leur amour, leur amiti\u00e9, leur fraternit\u00e9, leur chaleur humaine.<br \/>\nNicole va laiss\u00e9 un vide immense parmi nous et notre tristesse est immense.<br \/>\nNous avons une pens\u00e9e pour son \u00e9poux Max qui nous avait quitt\u00e9 il y a vingt cinq ans.<br \/>\nNous adressons notre sympathie \u00e0 ses enfants Nathalie et Micha\u00ebl, \u00e0 ses petits-enfants, \u00e0 sa s\u0153ur Lydia, \u00e0 tous ses proches.<\/p>\n","protected":false},"excerpt":{"rendered":"<p>Nous avons appris avec\u00a0stupeur le brutal\u00a0d\u00e9c\u00e8s de notre vice-pr\u00e9sidente Nicole Bismuth n\u00e9e Abramovitch, survenu le 21 novembre 2017 \u00e0 (94)<\/p>\n","protected":false},"author":2,"featured_media":0,"comment_status":"open","ping_status":"open","sticky":false,"template":"","format":"standard","meta":{"_mi_skip_tracking":false,"_exactmetrics_sitenote_active":false,"_exactmetrics_sitenote_note":"","_exactmetrics_sitenote_category":0,"footnotes":""},"categories":[5,31],"tags":[18],"table_tags":[],"_links":{"self":[{"href":"https:\/\/aifonline.net\/index.php?rest_route=\/wp\/v2\/posts\/345"}],"collection":[{"href":"https:\/\/aifonline.net\/index.php?rest_route=\/wp\/v2\/posts"}],"about":[{"href":"https:\/\/aifonline.net\/index.php?rest_route=\/wp\/v2\/types\/post"}],"author":[{"embeddable":true,"href":"https:\/\/aifonline.net\/index.php?rest_route=\/wp\/v2\/users\/2"}],"replies":[{"embeddable":true,"href":"https:\/\/aifonline.net\/index.php?rest_route=%2Fwp%2Fv2%2Fcomments&post=345"}],"version-history":[{"count":1,"href":"https:\/\/aifonline.net\/index.php?rest_route=\/wp\/v2\/posts\/345\/revisions"}],"predecessor-version":[{"id":680,"href":"https:\/\/aifonline.net\/index.php?rest_route=\/wp\/v2\/posts\/345\/revisions\/680"}],"wp:attachment":[{"href":"https:\/\/aifonline.net\/index.php?rest_route=%2Fwp%2Fv2%2Fmedia&parent=345"}],"wp:term":[{"taxonomy":"category","embeddable":true,"href":"https:\/\/aifonline.net\/index.php?rest_route=%2Fwp%2Fv2%2Fcategories&post=345"},{"taxonomy":"post_tag","embeddable":true,"href":"https:\/\/aifonline.net\/index.php?rest_route=%2Fwp%2Fv2%2Ftags&post=345"},{"taxonomy":"table_tags","embeddable":true,"href":"https:\/\/aifonline.net\/index.php?rest_route=%2Fwp%2Fv2%2Ftable_tags&post=345"}],"curies":[{"name":"wp","href":"https:\/\/api.w.org\/{rel}","templated":true}]}}