{"id":3452,"date":"2022-10-16T08:37:03","date_gmt":"2022-10-16T06:37:03","guid":{"rendered":"http:\/\/aifonline.net\/?p=3452"},"modified":"2022-10-16T08:40:59","modified_gmt":"2022-10-16T06:40:59","slug":"portrait-charles-penica-1933-2022","status":"publish","type":"post","link":"https:\/\/aifonline.net\/?p=3452","title":{"rendered":"Portrait : Charles Penica (1933-2022)"},"content":{"rendered":"<p><em><strong>Par son \u00e9pouse et sa fille, avec le concours d&#8217;Alain Kaminski<\/strong><\/em><\/p>\n<figure id=\"attachment_3454\" aria-describedby=\"caption-attachment-3454\" style=\"width: 297px\" class=\"wp-caption aligncenter\"><img decoding=\"async\" loading=\"lazy\" class=\"wp-image-3454\" src=\"https:\/\/aifonline.net\/wp-content\/uploads\/2022\/10\/charles_penica.jpg\" alt=\"\" width=\"297\" height=\"400\" srcset=\"https:\/\/aifonline.net\/wp-content\/uploads\/2022\/10\/charles_penica.jpg 507w, https:\/\/aifonline.net\/wp-content\/uploads\/2022\/10\/charles_penica-223x300.jpg 223w\" sizes=\"(max-width: 297px) 100vw, 297px\" \/><figcaption id=\"caption-attachment-3454\" class=\"wp-caption-text\">Charles Penica<\/figcaption><\/figure>\n<p>Charles Penica \u00e9tait un homme pour qui les qualificatifs seront toujours insuffisants ou introuvables pour \u00e9voquer sa douceur, sa bont\u00e9.<br \/>\nN\u00e9 en en 1933 \u00e0 Paris de Golda Moselman et de Mo\u00efsh\u00e9 Pszenica, originaires de Varsovie, Charles vivait avant la guerre chez ses parents avec ses quatre soeurs Ryna, Charlotte, Suzanne et Raymonde.<br \/>\nLa famille \u00e9tait cach\u00e9e pendant la guerre \u00e0 Crozan dans la Creuse.<br \/>\nA la lib\u00e9ration, la famille retrouvera le logement parisien de la rue de Flandre, et Mo\u00efsh\u00e9 reprit son atelier de confection, des manteaux plus pr\u00e9cis\u00e9ment, rue Archereau dans le XIX\u00e8me arrondissement.<br \/>\nRyna deviendra Bercovici, Charlotte sera Biedak, Suzanne restera c\u00e9libataire et Raymonde sera Madame Groman.<br \/>\nEn 1947, les Pszenica, litt\u00e9ralement du bl\u00e9 en polonais, devenus Penica emm\u00e9nageront rue des Petites-Ecuries dans le X\u00e8me Arrondissement de Paris, Charles y restera jusqu&#8217;en 1960, l&#8217;ann\u00e9e o\u00f9 il rencontrera R\u00e9gine Nadelwais, l&#8217;amour de sa vie, qu&#8217;il \u00e9pousera en 1963. Ils emm\u00e9nageront alors rue du Ch\u00e2teau-d&#8217;Eau o\u00f9 ils coul\u00e8rent des jours heureux et ce n&#8217;est qu&#8217;en 1971 qu&#8217;ils quitt\u00e8rent la r\u00e9gion parisienne avec leurs deux enfants, un gar\u00e7on puis une fille pour s&#8217;installer \u00e0 Bruay-en-Artois o\u00f9 ils cr\u00e9\u00e8rent une entreprise de textile, la St\u00e9 R\u00e9-Anne, d\u00e9nomm\u00e9e ainsi avec la premi\u00e8re syllabe des pr\u00e9noms des enfants.<\/p>\n<figure id=\"attachment_3455\" aria-describedby=\"caption-attachment-3455\" style=\"width: 278px\" class=\"wp-caption aligncenter\"><img decoding=\"async\" loading=\"lazy\" class=\"wp-image-3455\" src=\"https:\/\/aifonline.net\/wp-content\/uploads\/2022\/10\/charles_regine_penica_mer.jpg\" alt=\"\" width=\"278\" height=\"400\" srcset=\"https:\/\/aifonline.net\/wp-content\/uploads\/2022\/10\/charles_regine_penica_mer.jpg 695w, https:\/\/aifonline.net\/wp-content\/uploads\/2022\/10\/charles_regine_penica_mer-208x300.jpg 208w\" sizes=\"(max-width: 278px) 100vw, 278px\" \/><figcaption id=\"caption-attachment-3455\" class=\"wp-caption-text\">R\u00e9gine et Charles Penica, vacances en Toscane, 1962<\/figcaption><\/figure>\n<p>L&#8217;entreprise \u00e9tait tr\u00e8s prosp\u00e8re, elle allait fournir de nombreux emplois dans la r\u00e9gion Nord-Pas-de-Calais. Ce n&#8217;est qu&#8217;en l&#8217;an 2000 qu&#8217;ils regagn\u00e8rent la r\u00e9gion parisienne pour s&#8217;installer \u00e0 Courbevoie.<br \/>\nCharles \u00e9tait un homme merveilleux et ceux qui l&#8217;ont bien connu se souviennent avant tout de cette voix si douce, de ce charme que d&#8217;aucuns auraient pu jalouser de Paris \u00e0 Courbevoie en passant par le Pas-de-Calais.<\/p>\n<figure id=\"attachment_3461\" aria-describedby=\"caption-attachment-3461\" style=\"width: 558px\" class=\"wp-caption aligncenter\"><img decoding=\"async\" loading=\"lazy\" class=\"wp-image-3461\" src=\"https:\/\/aifonline.net\/wp-content\/uploads\/2022\/10\/charles_penica_mariage.jpg\" alt=\"\" width=\"558\" height=\"400\" srcset=\"https:\/\/aifonline.net\/wp-content\/uploads\/2022\/10\/charles_penica_mariage.jpg 979w, https:\/\/aifonline.net\/wp-content\/uploads\/2022\/10\/charles_penica_mariage-300x215.jpg 300w, https:\/\/aifonline.net\/wp-content\/uploads\/2022\/10\/charles_penica_mariage-768x551.jpg 768w\" sizes=\"(max-width: 558px) 100vw, 558px\" \/><figcaption id=\"caption-attachment-3461\" class=\"wp-caption-text\">Mariage de Charles et R\u00e9gine Penica, 1963<\/figcaption><\/figure>\n<p>Charles \u00e9tait un homme r\u00e9serv\u00e9, une disposition de sa nature qui faisait son \u00e9l\u00e9gance.<br \/>\nSa douceur faisait aussi le r\u00e9gal de ses enfants et surtout de ses petits-enfants avec lesquels il jouait comme un gamin de leur \u00e2ge jusqu&#8217;\u00e0 laisser ses trois petites-filles lui poser du vernis sur les ongles.<br \/>\nUn compagnon de jeu pour sa descendance mais un compagnon de vie pour son \u00e9pouse pour qui son d\u00e9part est un d\u00e9chirement.<\/p>\n<figure id=\"attachment_3456\" aria-describedby=\"caption-attachment-3456\" style=\"width: 291px\" class=\"wp-caption aligncenter\"><img decoding=\"async\" loading=\"lazy\" class=\"wp-image-3456\" src=\"https:\/\/aifonline.net\/wp-content\/uploads\/2022\/10\/charles_regine_penica.jpg\" alt=\"\" width=\"291\" height=\"400\" srcset=\"https:\/\/aifonline.net\/wp-content\/uploads\/2022\/10\/charles_regine_penica.jpg 706w, https:\/\/aifonline.net\/wp-content\/uploads\/2022\/10\/charles_regine_penica-219x300.jpg 219w\" sizes=\"(max-width: 291px) 100vw, 291px\" \/><figcaption id=\"caption-attachment-3456\" class=\"wp-caption-text\">R\u00e9gine et Charles Penica en 2015<\/figcaption><\/figure>\n<p>Charles Penica a vu sa sant\u00e9 se fragiliser avec les ann\u00e9es, elle devint difficile au point que le Covid ne lui laissa aucune chance un 21 f\u00e9vrier 2022, son coeur ne r\u00e9sista pas, lui l&#8217;homme de coeur s&#8217;en est all\u00e9, laissant ses proches dans une douleur profonde et son \u00e9pouse sur un sol qui ne cesse de se d\u00e9rober.<br \/>\nIl \u00e9tait 15h30 ce jeudi 24 f\u00e9vrier quand Charles fut accompagn\u00e9 \u00e0 sa derni\u00e8re demeure au cimeti\u00e8re parisien de Bagneux par ses proches et tous ceux qui l&#8217;aimaient tant. Un propos de ses petites-filles et de son fils lui disait au revoir sous un rayon de soleil mais \u00e0 l&#8217;issue des obs\u00e8ques, quelques gouttes tombaient.<br \/>\nSans doute le ciel pleurait, lui aussi.<\/p>\n","protected":false},"excerpt":{"rendered":"<p>Par son \u00e9pouse et sa fille, avec le concours d&#8217;Alain Kaminski Charles Penica \u00e9tait un homme pour qui les qualificatifs<\/p>\n","protected":false},"author":1,"featured_media":0,"comment_status":"open","ping_status":"open","sticky":false,"template":"","format":"standard","meta":{"_mi_skip_tracking":false,"_exactmetrics_sitenote_active":false,"_exactmetrics_sitenote_note":"","_exactmetrics_sitenote_category":0,"footnotes":""},"categories":[84],"tags":[],"table_tags":[],"_links":{"self":[{"href":"https:\/\/aifonline.net\/index.php?rest_route=\/wp\/v2\/posts\/3452"}],"collection":[{"href":"https:\/\/aifonline.net\/index.php?rest_route=\/wp\/v2\/posts"}],"about":[{"href":"https:\/\/aifonline.net\/index.php?rest_route=\/wp\/v2\/types\/post"}],"author":[{"embeddable":true,"href":"https:\/\/aifonline.net\/index.php?rest_route=\/wp\/v2\/users\/1"}],"replies":[{"embeddable":true,"href":"https:\/\/aifonline.net\/index.php?rest_route=%2Fwp%2Fv2%2Fcomments&post=3452"}],"version-history":[{"count":8,"href":"https:\/\/aifonline.net\/index.php?rest_route=\/wp\/v2\/posts\/3452\/revisions"}],"predecessor-version":[{"id":3466,"href":"https:\/\/aifonline.net\/index.php?rest_route=\/wp\/v2\/posts\/3452\/revisions\/3466"}],"wp:attachment":[{"href":"https:\/\/aifonline.net\/index.php?rest_route=%2Fwp%2Fv2%2Fmedia&parent=3452"}],"wp:term":[{"taxonomy":"category","embeddable":true,"href":"https:\/\/aifonline.net\/index.php?rest_route=%2Fwp%2Fv2%2Fcategories&post=3452"},{"taxonomy":"post_tag","embeddable":true,"href":"https:\/\/aifonline.net\/index.php?rest_route=%2Fwp%2Fv2%2Ftags&post=3452"},{"taxonomy":"table_tags","embeddable":true,"href":"https:\/\/aifonline.net\/index.php?rest_route=%2Fwp%2Fv2%2Ftable_tags&post=3452"}],"curies":[{"name":"wp","href":"https:\/\/api.w.org\/{rel}","templated":true}]}}