{"id":3479,"date":"2022-11-04T09:21:19","date_gmt":"2022-11-04T08:21:19","guid":{"rendered":"http:\/\/aifonline.net\/?p=3479"},"modified":"2022-11-04T09:26:28","modified_gmt":"2022-11-04T08:26:28","slug":"les-patronymes-un-c-mais-disons-tz","status":"publish","type":"post","link":"https:\/\/aifonline.net\/?p=3479","title":{"rendered":"Les patronymes : Un C mais disons TZ"},"content":{"rendered":"<p><em><strong>Par Alain Kaminski<\/strong><\/em><\/p>\n<p>C\u2019est vrai que l\u2019\u00e9tat-civil en France a souvent fait montre de ses caprices mais fut-ce facile pour cette administration de ne pas se noyer dans les m\u00e9andres des diff\u00e9rentes prononciations.<br \/>\nLe C en polonais se prononce TZ ou TS c\u2019est pourquoi nous avons chez nos juifs ashk\u00e9nazes des Celnik et des Tzelnik et leurs d\u00e9riv\u00e9s Selnikof ou Selnikov voire Sinelnikof mais ce sont les m\u00eames qui veulent dire douanier en polonais.<br \/>\nMon grand-p\u00e8re maternel s\u2019appelait Menahem Letzt et son fr\u00e8re Salomon Lect et ils avaient pourtant d\u00e9clin\u00e9 la m\u00eame identit\u00e9 en arrivant en France, Letzt signifiant le dernier en yiddish. Mais \u00e0 Varsovie ils \u00e9taient bel et bien des Lect.<br \/>\nSi vous avez la chance d\u2019aimer les Tsimm\u00e8s, ce rago\u00fbt de carottes et de fruits secs, pruneaux ou raisins secs comme vous voudrez, vous penserez \u00e0 notre m\u00e9decin du petit \u00e9cran Michel Cym\u00e8s. Mais ne confondez surtout pas avec Sam\u00e8s qui vient de Shamash, le bedeau de la synagogue.<br \/>\nVous connaissez sans doute des Zimmerman, mais un Cymerman qu\u2019on prononcera Tzimerman est en yiddish un charpentier ou en polonais Cie\u015blak qu\u2019on prononcera Tsieslak.<br \/>\nQui ne conna\u00eet pas de Cukier et son d\u00e9riv\u00e9 Cukierman, le sucre, que l\u2019on prononcera en yiddish Tzouker.<br \/>\nVous connaissez bien s\u00fbr des Kalicer que vous appelez Kalitzer et qui vous rappellent qu\u2019ils sont originaire de la ville de Kalisz.<br \/>\nMon petit clin d\u2019\u0153il ira aux Kac ou Kacz ou Katz qui ne sont pas des chats bien entendu mais c\u2019est tout simplement l\u2019acronyme de Kohen Tsedek, le pr\u00eatre juste.<\/p>\n<p>&nbsp;<\/p>\n","protected":false},"excerpt":{"rendered":"<p>Par Alain Kaminski C\u2019est vrai que l\u2019\u00e9tat-civil en France a souvent fait montre de ses caprices mais fut-ce facile pour<\/p>\n","protected":false},"author":1,"featured_media":0,"comment_status":"open","ping_status":"open","sticky":false,"template":"","format":"standard","meta":{"_mi_skip_tracking":false,"_exactmetrics_sitenote_active":false,"_exactmetrics_sitenote_note":"","_exactmetrics_sitenote_category":0,"footnotes":""},"categories":[79],"tags":[],"table_tags":[],"_links":{"self":[{"href":"https:\/\/aifonline.net\/index.php?rest_route=\/wp\/v2\/posts\/3479"}],"collection":[{"href":"https:\/\/aifonline.net\/index.php?rest_route=\/wp\/v2\/posts"}],"about":[{"href":"https:\/\/aifonline.net\/index.php?rest_route=\/wp\/v2\/types\/post"}],"author":[{"embeddable":true,"href":"https:\/\/aifonline.net\/index.php?rest_route=\/wp\/v2\/users\/1"}],"replies":[{"embeddable":true,"href":"https:\/\/aifonline.net\/index.php?rest_route=%2Fwp%2Fv2%2Fcomments&post=3479"}],"version-history":[{"count":2,"href":"https:\/\/aifonline.net\/index.php?rest_route=\/wp\/v2\/posts\/3479\/revisions"}],"predecessor-version":[{"id":3481,"href":"https:\/\/aifonline.net\/index.php?rest_route=\/wp\/v2\/posts\/3479\/revisions\/3481"}],"wp:attachment":[{"href":"https:\/\/aifonline.net\/index.php?rest_route=%2Fwp%2Fv2%2Fmedia&parent=3479"}],"wp:term":[{"taxonomy":"category","embeddable":true,"href":"https:\/\/aifonline.net\/index.php?rest_route=%2Fwp%2Fv2%2Fcategories&post=3479"},{"taxonomy":"post_tag","embeddable":true,"href":"https:\/\/aifonline.net\/index.php?rest_route=%2Fwp%2Fv2%2Ftags&post=3479"},{"taxonomy":"table_tags","embeddable":true,"href":"https:\/\/aifonline.net\/index.php?rest_route=%2Fwp%2Fv2%2Ftable_tags&post=3479"}],"curies":[{"name":"wp","href":"https:\/\/api.w.org\/{rel}","templated":true}]}}