{"id":3525,"date":"2022-12-11T18:45:35","date_gmt":"2022-12-11T17:45:35","guid":{"rendered":"http:\/\/aifonline.net\/?p=3525"},"modified":"2022-12-11T18:52:19","modified_gmt":"2022-12-11T17:52:19","slug":"portrait-henriette-bercovitch-nee-hersco","status":"publish","type":"post","link":"https:\/\/aifonline.net\/?p=3525","title":{"rendered":"Portrait : Henriette Bercovitch n\u00e9e Hersco (1923-2020)"},"content":{"rendered":"<p><em><strong>Par Ir\u00e8ne Bercovitch, sa fille<\/strong><\/em><\/p>\n<h3>Ma Yiddishe mam\u00e9<\/h3>\n<p>Comment ne pas exprimer ma gratitude, \u00e0 ma Yiddish Mame, quand la lumi\u00e8re para\u00eet\u00a0! Ne pas prononcer son nom\u00a0: Henriette Bercovitch, oublier son amour maternel, oublier que gr\u00e2ce \u00e0 elle, j\u2019ai fait la connaissance du Pr\u00e9sident des AIF, Alain Kaminski, ce serait la faire mourir trois fois\u00a0! Il faut vous dire qu\u2019avant mes chers parents, des membres de ma famille dont les Jank\u00e9l\u00e9vitch adh\u00e9raient aux AIF\u00a0! Et de fil en aiguille, je suis entr\u00e9e dans le cercle fraternel et amical, voire familial des AIF. MERCI Maman, MERCI \u00e0 mon grand-oncle Ren\u00e9 Jank\u00e9l\u00e9vitch\u00a0!<\/p>\n<figure id=\"attachment_3543\" aria-describedby=\"caption-attachment-3543\" style=\"width: 300px\" class=\"wp-caption aligncenter\"><img decoding=\"async\" loading=\"lazy\" class=\"wp-image-3543\" src=\"https:\/\/aifonline.net\/wp-content\/uploads\/2022\/12\/henriette_bercovitch11.jpg\" alt=\"\" width=\"300\" height=\"400\" srcset=\"https:\/\/aifonline.net\/wp-content\/uploads\/2022\/12\/henriette_bercovitch11.jpg 750w, https:\/\/aifonline.net\/wp-content\/uploads\/2022\/12\/henriette_bercovitch11-225x300.jpg 225w\" sizes=\"(max-width: 300px) 100vw, 300px\" \/><figcaption id=\"caption-attachment-3543\" class=\"wp-caption-text\">Henriette Bercovitch, b\u00e9b\u00e9<\/figcaption><\/figure>\n<p>Alors voil\u00e0, tout a commenc\u00e9 le 28 novembre 1923 quand la petite Henriette Herscu (prononc\u00e9 Hersco) voit le jour, \u00e0 Paris 4e. Elle est la fille unique de Itic Herscu, surnomm\u00e9 Isaac, et d\u2019Elche Haimovici. L\u2019antis\u00e9mitisme en Roumanie les pousse \u00e0 quitter Roman, leur ville natale, sise en Moldavie Occidentale. Ils avaient programm\u00e9 leur voyage de noce en France, pour s\u2019installer d\u00e9finitivement \u00e0 Paris en 1920.<\/p>\n<figure id=\"attachment_3542\" aria-describedby=\"caption-attachment-3542\" style=\"width: 300px\" class=\"wp-caption aligncenter\"><img decoding=\"async\" loading=\"lazy\" class=\"wp-image-3542\" src=\"https:\/\/aifonline.net\/wp-content\/uploads\/2022\/12\/henriette_bercovitch10.jpg\" alt=\"\" width=\"300\" height=\"400\" srcset=\"https:\/\/aifonline.net\/wp-content\/uploads\/2022\/12\/henriette_bercovitch10.jpg 750w, https:\/\/aifonline.net\/wp-content\/uploads\/2022\/12\/henriette_bercovitch10-225x300.jpg 225w\" sizes=\"(max-width: 300px) 100vw, 300px\" \/><figcaption id=\"caption-attachment-3542\" class=\"wp-caption-text\">Henriette Bercovitch, enfant<\/figcaption><\/figure>\n<p>Rue St Andr\u00e9 des Arts, Yeyette est berc\u00e9e des sonorit\u00e9s de m\u00e9lodies juives que sa maman lui fredonne\u00a0: <em>Aye le lule, Schlof mayn Kind, Dona dona<\/em>, \u00e7a vous dit quelque chose\u00a0? Puis, ses parents voient la n\u00e9cessit\u00e9 d\u2019habiter un appartement plus grand, rue de Buci (Paris 6e). L\u00e0, jouxtant un beau salon d\u2019essayage, au miroir triptyque, ils d\u00e9veloppent leur atelier de couture, o\u00f9 \u00ab\u00a0le c\u0153ur plein d\u2019amour, papa pique et maman coud \u00bb comme le chante Charles Trenet \u00e0 la TSF, paroles connues de moi par la voix de maman.<\/p>\n<p>C\u2019est dans l\u2019atelier, \u00e0 l\u2019ambiance chaleureuse et cosmopolite que Yeyette fait ses devoirs, s\u00e9rieuse \u00e9coli\u00e8re \u00e9lev\u00e9e dans les \u00e9coles de la r\u00e9publique. Elle est attentive aux voix d\u2019\u00e9migr\u00e9es roumaines, russes ou grecques yiddishophones et\/ou francophones aux accents particuliers. Pour ma part, je souris encore au souvenir de les entendre raconter qui allait &#8220;\u00e0 la choule&#8221; et affirmer avec fiert\u00e9 qui \u00e9tait juif, tandis que la bouilloire ronronnait sur la salamandre, pour remplir les verres de th\u00e9 des amies et clientes.<\/p>\n<figure id=\"attachment_3541\" aria-describedby=\"caption-attachment-3541\" style=\"width: 321px\" class=\"wp-caption aligncenter\"><img decoding=\"async\" loading=\"lazy\" class=\"wp-image-3541\" src=\"https:\/\/aifonline.net\/wp-content\/uploads\/2022\/12\/henriette_bercovitch9.jpg\" alt=\"\" width=\"321\" height=\"400\" srcset=\"https:\/\/aifonline.net\/wp-content\/uploads\/2022\/12\/henriette_bercovitch9.jpg 803w, https:\/\/aifonline.net\/wp-content\/uploads\/2022\/12\/henriette_bercovitch9-241x300.jpg 241w, https:\/\/aifonline.net\/wp-content\/uploads\/2022\/12\/henriette_bercovitch9-768x956.jpg 768w\" sizes=\"(max-width: 321px) 100vw, 321px\" \/><figcaption id=\"caption-attachment-3541\" class=\"wp-caption-text\">Henriette Bercovitch, enfant studieuse<\/figcaption><\/figure>\n<p>A l\u2019\u00e9cole compl\u00e9mentaire, maman passe ses dipl\u00f4mes avec succ\u00e8s pour devenir comptable. Parall\u00e8lement \u00e0 sa scolarit\u00e9, elle re\u00e7oit une \u00e9ducation artistique et culturelle\u00a0: cours de danse et de piano, visite traditionnelle du dimanche matin au mus\u00e9e, avec son p\u00e8re, soucieux de s\u2019int\u00e9grer en France et de transmettre \u00e0 sa fille ce qu\u2019il veut\u00a0: parler correctement la langue, appliquer la devise fran\u00e7aise, conna\u00eetre les valeurs et lois de la R\u00e9publique.<\/p>\n<p>La tradition juive se transmet par la cuisine de sa maman. Le gefilte fish, les latkes, les kreplach, le bouillon de poule et les kneidlach, les boulettes, courgettes ou chou farcis accompagn\u00e9s de mamaliga, le foie hach\u00e9\u2026 Tous ces mets rythment le temps des f\u00eates et les saisons.<\/p>\n<p>Les vacances scolaires dans le Vend\u00f4mois transforment la citadine\u00a0: Yeyette aime participer \u00e0 la moisson et aux vendanges. La famille Marteli\u00e8re l\u2019accueille et l\u2019accueillera en temps de guerre, avec ses parents tandis qu\u2019\u00e0 Montoire, tout pr\u00e8s de Thor\u00e9 la Rochette, P\u00e9tain assure \u00e0 Hitler la collaboration fran\u00e7aise, le 24\/10\/1940\u00a0! Le tonton, mar\u00e9chal ferrant, sa femme tata Nini la consid\u00e8rent comme leur petite ni\u00e8ce. Toute sa vie, maman nouera des liens familiaux avec eux, puis avec leur petit-fils qui \u00e9tait pour elle un petit fr\u00e8re. Elle restera fid\u00e8le en amiti\u00e9 avec les filles, ses amies du village.<\/p>\n<p>H\u00e9las, les lois antijuives rattrapent la famille Hersco. Un concours de circonstance fait qu\u2019elle \u00e9chappera \u00e0 la rafle du Vel d\u2019hiv\u00a0alors qu\u2019elle se trouvait pour une courte p\u00e9riode \u00e0 Paris \u00e0 ce moment-l\u00e0, sa carte de rationnement \u00e9gar\u00e9e conduira maman au commissariat de police du 6e arrondissement. L\u00e0-bas, elle est pr\u00e9venue par le fonctionnaire bienveillant des arrestations \u00e0 venir. Maman attendra en vain le retour d\u2019autres membres de la famille, \u00e0 l\u2019h\u00f4tel Lutetia\u2026<\/p>\n<figure id=\"attachment_3539\" aria-describedby=\"caption-attachment-3539\" style=\"width: 300px\" class=\"wp-caption aligncenter\"><img decoding=\"async\" loading=\"lazy\" class=\"wp-image-3539\" src=\"https:\/\/aifonline.net\/wp-content\/uploads\/2022\/12\/henriette_bercovitch6.jpg\" alt=\"\" width=\"300\" height=\"400\" srcset=\"https:\/\/aifonline.net\/wp-content\/uploads\/2022\/12\/henriette_bercovitch6.jpg 750w, https:\/\/aifonline.net\/wp-content\/uploads\/2022\/12\/henriette_bercovitch6-225x300.jpg 225w\" sizes=\"(max-width: 300px) 100vw, 300px\" \/><figcaption id=\"caption-attachment-3539\" class=\"wp-caption-text\">Henriette Bercovitch<\/figcaption><\/figure>\n<p>La vie reprend son court tant bien que mal et sourit \u00e0 maman, au printemps 1946. Henriette, alors comptable rencontrera Wolf, par l\u2019interm\u00e9diaire d\u2019amis de ses parents. Ils tombent amoureux l\u2019un de l\u2019autre. Eh oui, nous sommes n\u00e9es de cet amour-l\u00e0, ma s\u0153ur et moi. Notre futur papa est alors tapissier, comme son p\u00e8re Isaac Bercovitch, d\u2019origine roumaine et n\u00e9 \u00e0 Zikhron Ya\u2019akov, sous domination ottomane, \u00e0 l\u2019\u00e9poque (ses parents \u00e9taient pionniers en 1881 et fondateur de son village natal). Sa maman a \u00e9migr\u00e9 de Doubianki (Ukraine), avec ses parents, \u00e0 cause des pogroms. Y\u00e9yette et Loulou convolent en justes noces le 12 d\u00e9cembre 1946, pour le meilleur et pour le pire. Le 15, leur amour est scell\u00e9 en la synagogue rue Notre-Dame de Nazareth.<\/p>\n<figure id=\"attachment_3537\" aria-describedby=\"caption-attachment-3537\" style=\"width: 323px\" class=\"wp-caption aligncenter\"><img decoding=\"async\" loading=\"lazy\" class=\"wp-image-3537\" src=\"https:\/\/aifonline.net\/wp-content\/uploads\/2022\/12\/henriette_bercovitch4.jpg\" alt=\"\" width=\"323\" height=\"400\" srcset=\"https:\/\/aifonline.net\/wp-content\/uploads\/2022\/12\/henriette_bercovitch4.jpg 807w, https:\/\/aifonline.net\/wp-content\/uploads\/2022\/12\/henriette_bercovitch4-242x300.jpg 242w, https:\/\/aifonline.net\/wp-content\/uploads\/2022\/12\/henriette_bercovitch4-768x952.jpg 768w\" sizes=\"(max-width: 323px) 100vw, 323px\" \/><figcaption id=\"caption-attachment-3537\" class=\"wp-caption-text\">Mariage d&#8217;Henriette et de Wolf Bercovitch en 1946<\/figcaption><\/figure>\n<p>Ils coulent des jours heureux jusqu\u2019\u00e0 la naissance de leur premi\u00e8re fille qui tournera mal, le 13 mars 1948. Mais malgr\u00e9 la perte de leur b\u00e9b\u00e9, les dix-sept mois de chaise roulante de maman qui r\u00e9ussit \u00e0 remarcher, en boitant, \u00e0 la fa\u00e7on des initi\u00e9s, leur amour, leur pers\u00e9v\u00e9rance, leur courage, et leur d\u00e9sir de vie sont plus forts que la mort. Annick, ma grande s\u0153ur voit le jour le 11 juillet 1951 et moi, le 12 d\u00e9cembre 1952, \u00e0 la grande joie de nos parents. Maman est femme au foyer et papa poursuit son m\u00e9tier de tapissier. Il travaille \u00e0 domicile pour que sa femme et &#8220;ses petites reines&#8221; partent en vacances tout l\u2019\u00e9t\u00e9.<\/p>\n<p>Expropri\u00e9s en 1959 de l\u2019appartement de l\u2019avenue d\u2019Italie, nous nous installons \u00e0 Bagneux. Maman se met \u00e0 travailler \u00e0 la mairie de cette municipalit\u00e9. Elle passe concours sur concours, les r\u00e9ussit et prend la responsabilit\u00e9 du service comptabilit\u00e9-fournisseur. Elle est tr\u00e8s appr\u00e9ci\u00e9e de ses coll\u00e8gues, de ceux de la perception et des fournisseurs. Les vacances sont un temps de retrouvailles formidable. Quand maman d\u00e9couvre la montagne, je me souviens de son admiration le regard tourn\u00e9 vers les cimes, je la vois se mettre \u00e0 aimer la couleur verte et chanter, avec Jean Ferrat, entendu sur les ondes\u00a0: \u00ab\u00a0mon dieu, que la montagne est belle, comment peut-on s\u2019imaginer, en voyant un vol d\u2019hirondelles que l\u2019automne vient d\u2019arriver\u00a0!\u00a0\u00bb.<\/p>\n<figure id=\"attachment_3535\" aria-describedby=\"caption-attachment-3535\" style=\"width: 267px\" class=\"wp-caption aligncenter\"><img decoding=\"async\" loading=\"lazy\" class=\"wp-image-3535\" src=\"https:\/\/aifonline.net\/wp-content\/uploads\/2022\/12\/henriette_bercovitch2.jpg\" alt=\"\" width=\"267\" height=\"400\" srcset=\"https:\/\/aifonline.net\/wp-content\/uploads\/2022\/12\/henriette_bercovitch2.jpg 667w, https:\/\/aifonline.net\/wp-content\/uploads\/2022\/12\/henriette_bercovitch2-200x300.jpg 200w\" sizes=\"(max-width: 267px) 100vw, 267px\" \/><figcaption id=\"caption-attachment-3535\" class=\"wp-caption-text\">Henriette Bercovitch, 1970<\/figcaption><\/figure>\n<p>Apr\u00e8s des ann\u00e9es de bons et loyaux services, maman prend une retraite bien m\u00e9rit\u00e9e. Temps pendant lequel, elle choie et g\u00e2te ses petits-enfants, Olivier, J\u00e9r\u00f4me, Brice et Adeline. Temps pendant lequel, elle fr\u00e9quente les clubs de loisir, devient championne de scrabble tandis que son mari joue aux cartes.<\/p>\n<figure id=\"attachment_3536\" aria-describedby=\"caption-attachment-3536\" style=\"width: 279px\" class=\"wp-caption aligncenter\"><img decoding=\"async\" loading=\"lazy\" class=\"wp-image-3536\" src=\"https:\/\/aifonline.net\/wp-content\/uploads\/2022\/12\/henriette_bercovitch13.jpg\" alt=\"\" width=\"279\" height=\"400\" srcset=\"https:\/\/aifonline.net\/wp-content\/uploads\/2022\/12\/henriette_bercovitch13.jpg 698w, https:\/\/aifonline.net\/wp-content\/uploads\/2022\/12\/henriette_bercovitch13-209x300.jpg 209w\" sizes=\"(max-width: 279px) 100vw, 279px\" \/><figcaption id=\"caption-attachment-3536\" class=\"wp-caption-text\">Henriette Bercovitch en 2009<\/figcaption><\/figure>\n<p>La mort de papa les s\u00e9pare, en juillet 2001, apr\u00e8s 55 ans de mariage. Maman apprend \u00e0 vivre seule, entour\u00e9e des siens qui veillent sur elle et de ses amis. Elle reprend l\u2019activit\u00e9 scrabble et choisit ses lieux de vacances, mais elle vieillit. La maladie et finalement la perte d\u2019autonomie prennent le dessus. Maman entre en r\u00e9sidence de retraite. Le personnel appr\u00e9cie sa gentillesse, son esprit de solidarit\u00e9 vis-\u00e0-vis des r\u00e9sidents et son sens de l\u2019humour. J\u2019ai eu la chance de pouvoir l\u2019accompagner de toute mon affection, l\u00e0-bas. J\u2019ai eu la chance de pouvoir lui donner la main le plus longtemps possible, jusqu\u2019\u00e0 son dernier souffle. Le 23 mai 2020, maman est pass\u00e9e \u00e0 l\u2019Orient Eternel, elle a rejoint son Loulou et repose \u00e0 ses c\u00f4t\u00e9s, au cimeti\u00e8re parisien de Bagneux, ses parents ador\u00e9s sont \u00e0 proximit\u00e9. Je pense chaque jour \u00e0 elle, avec l\u2019impression qu\u2019elle veille sur moi.<\/p>\n","protected":false},"excerpt":{"rendered":"<p>Par Ir\u00e8ne Bercovitch, sa fille Ma Yiddishe mam\u00e9 Comment ne pas exprimer ma gratitude, \u00e0 ma Yiddish Mame, quand la<\/p>\n","protected":false},"author":1,"featured_media":0,"comment_status":"open","ping_status":"open","sticky":false,"template":"","format":"standard","meta":{"_mi_skip_tracking":false,"_exactmetrics_sitenote_active":false,"_exactmetrics_sitenote_note":"","_exactmetrics_sitenote_category":0,"footnotes":""},"categories":[84],"tags":[],"table_tags":[],"_links":{"self":[{"href":"https:\/\/aifonline.net\/index.php?rest_route=\/wp\/v2\/posts\/3525"}],"collection":[{"href":"https:\/\/aifonline.net\/index.php?rest_route=\/wp\/v2\/posts"}],"about":[{"href":"https:\/\/aifonline.net\/index.php?rest_route=\/wp\/v2\/types\/post"}],"author":[{"embeddable":true,"href":"https:\/\/aifonline.net\/index.php?rest_route=\/wp\/v2\/users\/1"}],"replies":[{"embeddable":true,"href":"https:\/\/aifonline.net\/index.php?rest_route=%2Fwp%2Fv2%2Fcomments&post=3525"}],"version-history":[{"count":10,"href":"https:\/\/aifonline.net\/index.php?rest_route=\/wp\/v2\/posts\/3525\/revisions"}],"predecessor-version":[{"id":3552,"href":"https:\/\/aifonline.net\/index.php?rest_route=\/wp\/v2\/posts\/3525\/revisions\/3552"}],"wp:attachment":[{"href":"https:\/\/aifonline.net\/index.php?rest_route=%2Fwp%2Fv2%2Fmedia&parent=3525"}],"wp:term":[{"taxonomy":"category","embeddable":true,"href":"https:\/\/aifonline.net\/index.php?rest_route=%2Fwp%2Fv2%2Fcategories&post=3525"},{"taxonomy":"post_tag","embeddable":true,"href":"https:\/\/aifonline.net\/index.php?rest_route=%2Fwp%2Fv2%2Ftags&post=3525"},{"taxonomy":"table_tags","embeddable":true,"href":"https:\/\/aifonline.net\/index.php?rest_route=%2Fwp%2Fv2%2Ftable_tags&post=3525"}],"curies":[{"name":"wp","href":"https:\/\/api.w.org\/{rel}","templated":true}]}}