{"id":3587,"date":"2023-01-03T08:42:47","date_gmt":"2023-01-03T07:42:47","guid":{"rendered":"http:\/\/aifonline.net\/?p=3587"},"modified":"2023-01-03T08:54:08","modified_gmt":"2023-01-03T07:54:08","slug":"le-saviez-vous-rue-des-juifs","status":"publish","type":"post","link":"https:\/\/aifonline.net\/?p=3587","title":{"rendered":"Le saviez-vous : Rue des Juifs"},"content":{"rendered":"<p><em><strong>Par Alain Kaminski<\/strong><\/em><\/p>\n<p>Elle \u00e9tait perpendiculaire et pourtant elle \u00e9tait le prolongement de la rue des Rosiers dans le quartier parisien du Marais. Elle ne devint une rue ind\u00e9pendante qu\u2019en l\u2019an 1500 pour s\u2019appeler la rue des Juifs car une premi\u00e8re communaut\u00e9 juive s\u2019\u00e9tait install\u00e9e dans cette rue d\u00e8s le XIII\u00e8me si\u00e8cle. Ce qui d\u00e9montre l\u2019anciennet\u00e9 de la pr\u00e9sence juive dans ce quartier, d\u00e9j\u00e0 pr\u00e9sente \u00e0 l\u2019\u00e9poque du roi Louis IX, le fameux Saint-Louis qui fit br\u00fbler en public les Talmud pendant deux jours sur la place de Gr\u00e8ve. Ce n\u2019est que bien plus tard, en 1900 exactement, que cette rue fut baptis\u00e9e du nom du pr\u00e9fet de la Seine, Ferdinand Duval, par ailleurs ancien capitaine de la garde r\u00e9publicaine.<\/p>\n","protected":false},"excerpt":{"rendered":"<p>Par Alain Kaminski Elle \u00e9tait perpendiculaire et pourtant elle \u00e9tait le prolongement de la rue des Rosiers dans le quartier<\/p>\n","protected":false},"author":1,"featured_media":0,"comment_status":"open","ping_status":"open","sticky":false,"template":"","format":"standard","meta":{"_mi_skip_tracking":false,"_exactmetrics_sitenote_active":false,"_exactmetrics_sitenote_note":"","_exactmetrics_sitenote_category":0,"footnotes":""},"categories":[77],"tags":[28,50],"table_tags":[],"_links":{"self":[{"href":"https:\/\/aifonline.net\/index.php?rest_route=\/wp\/v2\/posts\/3587"}],"collection":[{"href":"https:\/\/aifonline.net\/index.php?rest_route=\/wp\/v2\/posts"}],"about":[{"href":"https:\/\/aifonline.net\/index.php?rest_route=\/wp\/v2\/types\/post"}],"author":[{"embeddable":true,"href":"https:\/\/aifonline.net\/index.php?rest_route=\/wp\/v2\/users\/1"}],"replies":[{"embeddable":true,"href":"https:\/\/aifonline.net\/index.php?rest_route=%2Fwp%2Fv2%2Fcomments&post=3587"}],"version-history":[{"count":3,"href":"https:\/\/aifonline.net\/index.php?rest_route=\/wp\/v2\/posts\/3587\/revisions"}],"predecessor-version":[{"id":3623,"href":"https:\/\/aifonline.net\/index.php?rest_route=\/wp\/v2\/posts\/3587\/revisions\/3623"}],"wp:attachment":[{"href":"https:\/\/aifonline.net\/index.php?rest_route=%2Fwp%2Fv2%2Fmedia&parent=3587"}],"wp:term":[{"taxonomy":"category","embeddable":true,"href":"https:\/\/aifonline.net\/index.php?rest_route=%2Fwp%2Fv2%2Fcategories&post=3587"},{"taxonomy":"post_tag","embeddable":true,"href":"https:\/\/aifonline.net\/index.php?rest_route=%2Fwp%2Fv2%2Ftags&post=3587"},{"taxonomy":"table_tags","embeddable":true,"href":"https:\/\/aifonline.net\/index.php?rest_route=%2Fwp%2Fv2%2Ftable_tags&post=3587"}],"curies":[{"name":"wp","href":"https:\/\/api.w.org\/{rel}","templated":true}]}}