{"id":361,"date":"2018-07-27T20:07:46","date_gmt":"2018-07-27T18:07:46","guid":{"rendered":"http:\/\/yamieux.fr\/?p=361"},"modified":"2019-04-04T08:18:51","modified_gmt":"2019-04-04T06:18:51","slug":"deces-dida-schwartz","status":"publish","type":"post","link":"https:\/\/aifonline.net\/?p=361","title":{"rendered":"D\u00e9c\u00e8s d&#8217;Ida Schwartz"},"content":{"rendered":"<p>Nous apprenons avec tristesse le d\u00e9c\u00e8s de notre soci\u00e9taire Madame Ida Schwartz n\u00e9e Dziesietnik survenu \u00e0 l&#8217;Hay-les-Roses (92) le 19 juillet 2018 \u00e0 l&#8217;\u00e2ge de 87 ans. Nous adressons nos sinc\u00e8res condol\u00e9ances \u00e0 sa famille.<\/p>\n","protected":false},"excerpt":{"rendered":"<p>Nous apprenons avec tristesse le d\u00e9c\u00e8s de notre soci\u00e9taire Madame Ida Schwartz n\u00e9e Dziesietnik survenu \u00e0 l&#8217;Hay-les-Roses (92) le 19<\/p>\n","protected":false},"author":2,"featured_media":0,"comment_status":"open","ping_status":"open","sticky":false,"template":"","format":"standard","meta":{"_mi_skip_tracking":false,"_exactmetrics_sitenote_active":false,"_exactmetrics_sitenote_note":"","_exactmetrics_sitenote_category":0,"footnotes":""},"categories":[5,31],"tags":[18],"table_tags":[],"_links":{"self":[{"href":"https:\/\/aifonline.net\/index.php?rest_route=\/wp\/v2\/posts\/361"}],"collection":[{"href":"https:\/\/aifonline.net\/index.php?rest_route=\/wp\/v2\/posts"}],"about":[{"href":"https:\/\/aifonline.net\/index.php?rest_route=\/wp\/v2\/types\/post"}],"author":[{"embeddable":true,"href":"https:\/\/aifonline.net\/index.php?rest_route=\/wp\/v2\/users\/2"}],"replies":[{"embeddable":true,"href":"https:\/\/aifonline.net\/index.php?rest_route=%2Fwp%2Fv2%2Fcomments&post=361"}],"version-history":[{"count":1,"href":"https:\/\/aifonline.net\/index.php?rest_route=\/wp\/v2\/posts\/361\/revisions"}],"predecessor-version":[{"id":672,"href":"https:\/\/aifonline.net\/index.php?rest_route=\/wp\/v2\/posts\/361\/revisions\/672"}],"wp:attachment":[{"href":"https:\/\/aifonline.net\/index.php?rest_route=%2Fwp%2Fv2%2Fmedia&parent=361"}],"wp:term":[{"taxonomy":"category","embeddable":true,"href":"https:\/\/aifonline.net\/index.php?rest_route=%2Fwp%2Fv2%2Fcategories&post=361"},{"taxonomy":"post_tag","embeddable":true,"href":"https:\/\/aifonline.net\/index.php?rest_route=%2Fwp%2Fv2%2Ftags&post=361"},{"taxonomy":"table_tags","embeddable":true,"href":"https:\/\/aifonline.net\/index.php?rest_route=%2Fwp%2Fv2%2Ftable_tags&post=361"}],"curies":[{"name":"wp","href":"https:\/\/api.w.org\/{rel}","templated":true}]}}