{"id":3642,"date":"2023-01-05T06:22:49","date_gmt":"2023-01-05T05:22:49","guid":{"rendered":"http:\/\/aifonline.net\/?p=3642"},"modified":"2023-01-05T06:22:49","modified_gmt":"2023-01-05T05:22:49","slug":"carnet-deces-de-georges-steinberg","status":"publish","type":"post","link":"https:\/\/aifonline.net\/?p=3642","title":{"rendered":"Carnet : D\u00e9c\u00e8s de Georges Steinberg"},"content":{"rendered":"\n<p>Nous avons appris avec tristesse par sa fille Laurence le d\u00e9c\u00e8s de notre soci\u00e9taire Georges Steinberg\u00a0survenu le 14 d\u00e9cembre 2022 \u00e0 Neuilly-sur-Seine \u00e0 l&#8217;\u00e2ge de 90 ans.\u00a0<br>Georges Steinberg fut pr\u00e9sident de l&#8217;Amicale des Galiciens en France durant de nombreuses ann\u00e9es, il fut\u00a0\u00e0 l&#8217;origine, avec Madame Zili Weber de l&#8217;int\u00e9gration des Galiciens au sein des Amis isra\u00e9lites de France\u00a0dont il fut administrateur. Georges Steinberg \u00e9tait, comme on dit, un mentsch, un homme appr\u00e9ci\u00e9 de tous.\u00a0Il a \u00e9t\u00e9 inhum\u00e9 dans une s\u00e9pulture familiale o\u00f9 repose son \u00e9pouse, dans la stricte intimit\u00e9.<br>Au revoir et merci pour tout, cher Georges Steinberg.<\/p>\n","protected":false},"excerpt":{"rendered":"<p>Nous avons appris avec tristesse par sa fille Laurence le d\u00e9c\u00e8s de notre soci\u00e9taire Georges Steinberg\u00a0survenu le 14 d\u00e9cembre 2022<\/p>\n","protected":false},"author":1,"featured_media":0,"comment_status":"open","ping_status":"open","sticky":false,"template":"","format":"standard","meta":{"_mi_skip_tracking":false,"_exactmetrics_sitenote_active":false,"_exactmetrics_sitenote_note":"","_exactmetrics_sitenote_category":0,"footnotes":""},"categories":[5,31],"tags":[18],"table_tags":[],"_links":{"self":[{"href":"https:\/\/aifonline.net\/index.php?rest_route=\/wp\/v2\/posts\/3642"}],"collection":[{"href":"https:\/\/aifonline.net\/index.php?rest_route=\/wp\/v2\/posts"}],"about":[{"href":"https:\/\/aifonline.net\/index.php?rest_route=\/wp\/v2\/types\/post"}],"author":[{"embeddable":true,"href":"https:\/\/aifonline.net\/index.php?rest_route=\/wp\/v2\/users\/1"}],"replies":[{"embeddable":true,"href":"https:\/\/aifonline.net\/index.php?rest_route=%2Fwp%2Fv2%2Fcomments&post=3642"}],"version-history":[{"count":1,"href":"https:\/\/aifonline.net\/index.php?rest_route=\/wp\/v2\/posts\/3642\/revisions"}],"predecessor-version":[{"id":3643,"href":"https:\/\/aifonline.net\/index.php?rest_route=\/wp\/v2\/posts\/3642\/revisions\/3643"}],"wp:attachment":[{"href":"https:\/\/aifonline.net\/index.php?rest_route=%2Fwp%2Fv2%2Fmedia&parent=3642"}],"wp:term":[{"taxonomy":"category","embeddable":true,"href":"https:\/\/aifonline.net\/index.php?rest_route=%2Fwp%2Fv2%2Fcategories&post=3642"},{"taxonomy":"post_tag","embeddable":true,"href":"https:\/\/aifonline.net\/index.php?rest_route=%2Fwp%2Fv2%2Ftags&post=3642"},{"taxonomy":"table_tags","embeddable":true,"href":"https:\/\/aifonline.net\/index.php?rest_route=%2Fwp%2Fv2%2Ftable_tags&post=3642"}],"curies":[{"name":"wp","href":"https:\/\/api.w.org\/{rel}","templated":true}]}}