{"id":3659,"date":"2023-02-01T08:10:00","date_gmt":"2023-02-01T07:10:00","guid":{"rendered":"http:\/\/aifonline.net\/?p=3659"},"modified":"2023-10-06T08:58:09","modified_gmt":"2023-10-06T06:58:09","slug":"portrait-josef-scher-1923-2022","status":"publish","type":"post","link":"https:\/\/aifonline.net\/?p=3659","title":{"rendered":"Portrait : Josef Scher (1923-2022)"},"content":{"rendered":"\n<p><strong><em>Par ses enfants Evelyne et Emile Scher<\/em><\/strong><\/p>\n\n\n\n<div class=\"wp-block-media-text alignwide has-media-on-the-right is-stacked-on-mobile has-background\" style=\"background-color:#7495bc\"><div class=\"wp-block-media-text__content\">\n<p class=\"has-text-align-left has-white-color has-text-color\">Josef Scher&nbsp;naquit&nbsp;en 1923 \u00e0 Cracovie dans une famille bourgeoise juive plut\u00f4t&nbsp;traditionaliste, ils&nbsp;mangeaient casher, le shabbat et les&nbsp;f\u00eates \u00e9taient&nbsp;respect\u00e9s. Famille moderne, la m\u00e8re et les filles avaient un r\u00f4le important.&nbsp;Il&nbsp;\u00e9tait le cinqui\u00e8me des sept enfants et&nbsp;il v\u00e9cut une enfance&nbsp;heureuse. Ses grands-parents et son p\u00e8re ont combattu lors de la 1\u00e8re guerre mondiale. A l\u2019adolescence, un&nbsp;de ses amis l\u2019informe qu\u2019il part le soir m\u00eame seul pour essayer de rejoindre l\u2019URSS. Il&nbsp;d\u00e9cide de le suivre et en informe sa m\u00e8re en lui rapportant les courses. Catastroph\u00e9e,&nbsp;elle aura cette phrase qu\u2019il n\u2019oubliera jamais :&nbsp;\u00ab mais qui va te laver tes chemises ? \u00bb<\/p>\n<\/div><figure class=\"wp-block-media-text__media\"><img decoding=\"async\" loading=\"lazy\" width=\"683\" height=\"1024\" src=\"https:\/\/aifonline.net\/wp-content\/uploads\/2023\/01\/Josef-Scher9-683x1024.jpg\" alt=\"\" class=\"wp-image-3656 size-full\" srcset=\"https:\/\/aifonline.net\/wp-content\/uploads\/2023\/01\/Josef-Scher9-683x1024.jpg 683w, https:\/\/aifonline.net\/wp-content\/uploads\/2023\/01\/Josef-Scher9-200x300.jpg 200w, https:\/\/aifonline.net\/wp-content\/uploads\/2023\/01\/Josef-Scher9-768x1152.jpg 768w, https:\/\/aifonline.net\/wp-content\/uploads\/2023\/01\/Josef-Scher9.jpg 1000w\" sizes=\"(max-width: 683px) 100vw, 683px\" \/><\/figure><\/div>\n\n\n\n<div class=\"wp-block-media-text alignwide is-stacked-on-mobile is-image-fill has-gray-color has-light-gray-background-color has-text-color has-background\"><figure class=\"wp-block-media-text__media\" style=\"background-image:url(https:\/\/aifonline.net\/wp-content\/uploads\/2023\/01\/carte_europe-1024x807.jpg);background-position:73% 67%\"><img decoding=\"async\" loading=\"lazy\" width=\"1024\" height=\"807\" src=\"https:\/\/aifonline.net\/wp-content\/uploads\/2023\/01\/carte_europe-1024x807.jpg\" alt=\"\" class=\"wp-image-3683 size-full\" srcset=\"https:\/\/aifonline.net\/wp-content\/uploads\/2023\/01\/carte_europe-1024x807.jpg 1024w, https:\/\/aifonline.net\/wp-content\/uploads\/2023\/01\/carte_europe-300x236.jpg 300w, https:\/\/aifonline.net\/wp-content\/uploads\/2023\/01\/carte_europe-768x605.jpg 768w, https:\/\/aifonline.net\/wp-content\/uploads\/2023\/01\/carte_europe-1536x1211.jpg 1536w, https:\/\/aifonline.net\/wp-content\/uploads\/2023\/01\/carte_europe.jpg 1672w\" sizes=\"(max-width: 1024px) 100vw, 1024px\" \/><\/figure><div class=\"wp-block-media-text__content\">\n<figure class=\"wp-block-pullquote\"><blockquote><p><em><strong>Il&nbsp;partira le soir m\u00eame avec une petite valise<\/strong><\/em><\/p><\/blockquote><\/figure>\n\n\n\n<p>Il&nbsp;partira le soir m\u00eame avec une petite valise et ses papiers d\u2019identit\u00e9 dont il ne se&nbsp;s\u00e9parera jamais. Il finira par rejoindre l\u2019URSS en passant par l\u2019Ukraine et la G\u00e9orgie.&nbsp;Josef&nbsp;ma\u00eetrisera&nbsp;parfaitement le russe, l\u2019ukrainien et le&nbsp;g\u00e9orgien. Il&nbsp;retrouvera&nbsp;Elimelech, un fr\u00e8re&nbsp;de trois ans son a\u00een\u00e9. Il aide dans les fermes et des russes souhaitent m\u00eame l\u2019adopter ce qu\u2019il&nbsp;refuse bien s\u00fbr. Il&nbsp;arrivera&nbsp;gr\u00e2ce \u00e0 un de ses amis \u00e0 faire venir sa s\u0153ur a\u00een\u00e9e qui&nbsp;rejoindra des cousins partis \u00e0 temps de Pologne. Gr\u00e2ce \u00e0 lui et cet ami, elle restera en&nbsp;vie.<\/p>\n<\/div><\/div>\n\n\n\n<div class=\"wp-block-media-text alignwide has-media-on-the-right is-stacked-on-mobile has-white-color has-text-color has-background\" style=\"background-color:#7495bc\"><div class=\"wp-block-media-text__content\">\n<p>Il est enr\u00f4l\u00e9&nbsp;dans l&#8217;arm\u00e9e rouge, avec son fr\u00e8re Elimeilech. Ils&nbsp;combattront notamment \u00e0 Stalingrad o\u00f9 son fr\u00e8re mourra au combat \u00e0 ses c\u00f4t\u00e9s. Il est&nbsp;d\u00e9sormais&nbsp;officier de transmission dans l&#8217;infanterie, il int\u00e8gre l\u2019\u00e9cole des officiers o\u00f9 il&nbsp;enseignera en tant qu\u2019officier sup\u00e9rieur aux \u00e9l\u00e8ves militaires. Une arm\u00e9e polonaise est&nbsp;cr\u00e9\u00e9e au sein des forces alli\u00e9es. Il en fait partie en tant que lieutenant et ira jusqu\u2019\u00e0&nbsp;Berlin.<\/p>\n<\/div><figure class=\"wp-block-media-text__media\"><img decoding=\"async\" loading=\"lazy\" width=\"739\" height=\"1024\" src=\"https:\/\/aifonline.net\/wp-content\/uploads\/2023\/01\/Josef-Scher6-739x1024.jpg\" alt=\"\" class=\"wp-image-3654 size-full\" srcset=\"https:\/\/aifonline.net\/wp-content\/uploads\/2023\/01\/Josef-Scher6-739x1024.jpg 739w, https:\/\/aifonline.net\/wp-content\/uploads\/2023\/01\/Josef-Scher6-217x300.jpg 217w, https:\/\/aifonline.net\/wp-content\/uploads\/2023\/01\/Josef-Scher6-768x1064.jpg 768w, https:\/\/aifonline.net\/wp-content\/uploads\/2023\/01\/Josef-Scher6.jpg 1083w\" sizes=\"(max-width: 739px) 100vw, 739px\" \/><\/figure><\/div>\n\n\n\n<div class=\"wp-block-media-text alignwide is-stacked-on-mobile has-gray-color has-light-gray-background-color has-text-color has-background\"><figure class=\"wp-block-media-text__media\"><img decoding=\"async\" loading=\"lazy\" width=\"694\" height=\"1024\" src=\"https:\/\/aifonline.net\/wp-content\/uploads\/2023\/01\/Josef-Scher1-694x1024.jpg\" alt=\"\" class=\"wp-image-3649 size-full\" srcset=\"https:\/\/aifonline.net\/wp-content\/uploads\/2023\/01\/Josef-Scher1-694x1024.jpg 694w, https:\/\/aifonline.net\/wp-content\/uploads\/2023\/01\/Josef-Scher1-203x300.jpg 203w, https:\/\/aifonline.net\/wp-content\/uploads\/2023\/01\/Josef-Scher1-768x1133.jpg 768w, https:\/\/aifonline.net\/wp-content\/uploads\/2023\/01\/Josef-Scher1.jpg 1017w\" sizes=\"(max-width: 694px) 100vw, 694px\" \/><\/figure><div class=\"wp-block-media-text__content\">\n<figure class=\"wp-block-pullquote has-gray-color has-text-color\"><blockquote><p><strong><em>Les m\u00e9dailles \u00e9taient cach\u00e9es&nbsp;au fond de l\u2019armoire<\/em><\/strong><\/p><\/blockquote><\/figure>\n\n\n\n<p>Il&nbsp;sera de ceux&nbsp;qui ont lib\u00e9r\u00e9&nbsp;les camps, il&nbsp;rencontrera \u00e0 Berlin sa future \u00e9pouse, Fella Tyrangiel, rescap\u00e9e&nbsp;d\u2019Auschwitz.&nbsp;Officier valeureux, il re\u00e7ut les plus hautes distinctions militaires de l\u2019Arm\u00e9e&nbsp;Rouge et de&nbsp;l\u2019arm\u00e9e polonaise. Il fut d\u00e9cor\u00e9 de la L\u00e9gion d\u2019Honneur en France pour faits&nbsp;de guerre. Jamais il ne tira fiert\u00e9 de ces r\u00e9compenses. Les m\u00e9dailles \u00e9taient cach\u00e9es&nbsp;au fond de l\u2019armoire et seule ma m\u00e8re nous les montrait en son absence.<\/p>\n<\/div><\/div>\n\n\n\n<div class=\"wp-block-media-text alignwide has-media-on-the-right is-stacked-on-mobile has-white-color has-text-color has-background\" style=\"background-color:#7495bc\"><div class=\"wp-block-media-text__content\">\n<p>Leur famille respective ne sont pas revenues des camps. Ils d\u00e9cident de partir en&nbsp;France. Ils se marient le 30 avril 1949. Ils auront deux enfants, Emile et Evelyne, dont&nbsp;un vit en Isra\u00ebl, trois&nbsp;petits-enfants et cinq arri\u00e8re petits-enfants. Ce que je peux dire de notre p\u00e8re c\u2019est&nbsp;que c\u2019\u00e9tait&nbsp;un homme d\u2019honneur qui ne s\u2019est&nbsp;jamais&nbsp;plaint, qu&#8217;il \u00e9tait dot\u00e9 de tr\u00e8s grandes valeurs humaines et morales.&nbsp;Pour lui, la&nbsp;libert\u00e9 avait une v\u00e9ritable signification et il&nbsp;s\u2019est toujours battu pour que nous puissions&nbsp;marcher la t\u00eate haute. Il a toujours tendu la main aux autres sans jamais rien attendre&nbsp;en retour. Il n\u2019a jamais bless\u00e9 quiconque.Il \u00e9tait autant appr\u00e9ci\u00e9 des hautes&nbsp;personnalit\u00e9s que de ses amis, voisins, commer\u00e7ants. Tous ceux qui l\u2019ont approch\u00e9 ne&nbsp;tarissaient pas d\u2019\u00e9loges \u00e0 son&nbsp;\u00e9gard.&nbsp;<\/p>\n<\/div><figure class=\"wp-block-media-text__media\"><img decoding=\"async\" loading=\"lazy\" width=\"683\" height=\"1024\" src=\"https:\/\/aifonline.net\/wp-content\/uploads\/2023\/01\/Josef-Scher4-683x1024.jpg\" alt=\"\" class=\"wp-image-3652 size-full\" srcset=\"https:\/\/aifonline.net\/wp-content\/uploads\/2023\/01\/Josef-Scher4-683x1024.jpg 683w, https:\/\/aifonline.net\/wp-content\/uploads\/2023\/01\/Josef-Scher4-200x300.jpg 200w, https:\/\/aifonline.net\/wp-content\/uploads\/2023\/01\/Josef-Scher4-768x1152.jpg 768w, https:\/\/aifonline.net\/wp-content\/uploads\/2023\/01\/Josef-Scher4.jpg 1000w\" sizes=\"(max-width: 683px) 100vw, 683px\" \/><\/figure><\/div>\n\n\n\n<div class=\"wp-block-media-text alignwide is-stacked-on-mobile has-gray-color has-light-gray-background-color has-text-color has-background\"><figure class=\"wp-block-media-text__media\"><img decoding=\"async\" loading=\"lazy\" width=\"683\" height=\"1024\" src=\"https:\/\/aifonline.net\/wp-content\/uploads\/2023\/01\/Josef-Scher5-683x1024.jpg\" alt=\"\" class=\"wp-image-3653 size-full\" srcset=\"https:\/\/aifonline.net\/wp-content\/uploads\/2023\/01\/Josef-Scher5-683x1024.jpg 683w, https:\/\/aifonline.net\/wp-content\/uploads\/2023\/01\/Josef-Scher5-200x300.jpg 200w, https:\/\/aifonline.net\/wp-content\/uploads\/2023\/01\/Josef-Scher5-768x1152.jpg 768w, https:\/\/aifonline.net\/wp-content\/uploads\/2023\/01\/Josef-Scher5.jpg 1000w\" sizes=\"(max-width: 683px) 100vw, 683px\" \/><\/figure><div class=\"wp-block-media-text__content\">\n<p>Durant&nbsp;73 ans il a v\u00e9cu une tr\u00e8s belle&nbsp;histoire&nbsp;d\u2019amour&nbsp;avec son \u00e9pouse sans que nous n\u2019entendions un mot plus haut que l&#8217;autre.&nbsp;Ils&nbsp;ont r\u00e9ussi \u00e0 se reconstruire et \u00e0 former une nouvelle famille&nbsp;en leur transmettant leurs&nbsp;valeurs&nbsp;et beaucoup d&#8217;amour. Nous&nbsp;essayons, enfants et petits-enfants,&nbsp;de suivre ces&nbsp;traces\u2026<br>D\u2019un point de vue religieux, profond\u00e9ment juif, sioniste, il s\u2019\u00e9tait&nbsp;\u00e9loign\u00e9&nbsp;de la religion&nbsp;suite aux horreurs v\u00e9cues par les juifs\u2026. mais a n\u00e9anmoins souhait\u00e9 que&nbsp;son cercueil port\u00e2t une&nbsp;\u00e9toile de David.<br>Dans nos c\u0153urs toujours tu vivras. Nous t&#8217;aimons&#8230;<\/p>\n<\/div><\/div>\n\n\n\n<div class=\"wp-block-media-text alignwide has-media-on-the-right is-stacked-on-mobile has-light-gray-background-color has-background\"><div class=\"wp-block-media-text__content\">\n<p class=\"has-gray-color has-light-gray-background-color has-text-color has-background has-medium-font-size\"><strong><em>Album de famille<\/em><\/strong><\/p>\n<\/div><figure class=\"wp-block-media-text__media\"><\/figure><\/div>\n\n\n\n<figure class=\"wp-block-gallery has-nested-images columns-3 is-cropped has-light-gray-background-color has-background wp-block-gallery-1 is-layout-flex wp-block-gallery-is-layout-flex\">\n<figure class=\"wp-block-image size-large\"><a href=\"https:\/\/aifonline.net\/wp-content\/uploads\/2023\/01\/Josef-Scher13.jpg\"><img decoding=\"async\" loading=\"lazy\" width=\"683\" height=\"1024\" data-id=\"3690\" src=\"https:\/\/aifonline.net\/wp-content\/uploads\/2023\/01\/Josef-Scher13-683x1024.jpg\" alt=\"\" class=\"wp-image-3690\" srcset=\"https:\/\/aifonline.net\/wp-content\/uploads\/2023\/01\/Josef-Scher13-683x1024.jpg 683w, https:\/\/aifonline.net\/wp-content\/uploads\/2023\/01\/Josef-Scher13-200x300.jpg 200w, https:\/\/aifonline.net\/wp-content\/uploads\/2023\/01\/Josef-Scher13-768x1152.jpg 768w, https:\/\/aifonline.net\/wp-content\/uploads\/2023\/01\/Josef-Scher13.jpg 1000w\" sizes=\"(max-width: 683px) 100vw, 683px\" \/><\/a><figcaption class=\"wp-element-caption\">En uniforme de l&#8217;arm\u00e9e polonaise<\/figcaption><\/figure>\n\n\n\n<figure class=\"wp-block-image size-large\"><a href=\"https:\/\/aifonline.net\/wp-content\/uploads\/2023\/01\/Josef_Scher15.jpg\"><img decoding=\"async\" loading=\"lazy\" width=\"683\" height=\"1024\" data-id=\"3725\" src=\"https:\/\/aifonline.net\/wp-content\/uploads\/2023\/01\/Josef_Scher15-683x1024.jpg\" alt=\"\" class=\"wp-image-3725\" srcset=\"https:\/\/aifonline.net\/wp-content\/uploads\/2023\/01\/Josef_Scher15-683x1024.jpg 683w, https:\/\/aifonline.net\/wp-content\/uploads\/2023\/01\/Josef_Scher15-200x300.jpg 200w, https:\/\/aifonline.net\/wp-content\/uploads\/2023\/01\/Josef_Scher15-768x1152.jpg 768w, https:\/\/aifonline.net\/wp-content\/uploads\/2023\/01\/Josef_Scher15.jpg 1000w\" sizes=\"(max-width: 683px) 100vw, 683px\" \/><\/a><figcaption class=\"wp-element-caption\">Mariage de Josef et Fella Scher le 30 avril 1949<\/figcaption><\/figure>\n\n\n\n<figure class=\"wp-block-image size-large\"><a href=\"https:\/\/aifonline.net\/wp-content\/uploads\/2023\/01\/Josef-Scher14.jpg\"><img decoding=\"async\" loading=\"lazy\" width=\"1024\" height=\"683\" data-id=\"3691\" src=\"https:\/\/aifonline.net\/wp-content\/uploads\/2023\/01\/Josef-Scher14-1024x683.jpg\" alt=\"\" class=\"wp-image-3691\" srcset=\"https:\/\/aifonline.net\/wp-content\/uploads\/2023\/01\/Josef-Scher14-1024x683.jpg 1024w, https:\/\/aifonline.net\/wp-content\/uploads\/2023\/01\/Josef-Scher14-300x200.jpg 300w, https:\/\/aifonline.net\/wp-content\/uploads\/2023\/01\/Josef-Scher14-768x512.jpg 768w, https:\/\/aifonline.net\/wp-content\/uploads\/2023\/01\/Josef-Scher14.jpg 1500w\" sizes=\"(max-width: 1024px) 100vw, 1024px\" \/><\/a><figcaption class=\"wp-element-caption\">Josef et Fella en haut de la Tour Eiffel, d\u00e9but des ann\u00e9es 1950.<\/figcaption><\/figure>\n\n\n\n<figure class=\"wp-block-image size-large\"><a href=\"https:\/\/aifonline.net\/wp-content\/uploads\/2023\/01\/Josef-Scher2.jpg\"><img decoding=\"async\" loading=\"lazy\" width=\"1024\" height=\"713\" data-id=\"3650\" src=\"https:\/\/aifonline.net\/wp-content\/uploads\/2023\/01\/Josef-Scher2-1024x713.jpg\" alt=\"\" class=\"wp-image-3650\" srcset=\"https:\/\/aifonline.net\/wp-content\/uploads\/2023\/01\/Josef-Scher2-1024x713.jpg 1024w, https:\/\/aifonline.net\/wp-content\/uploads\/2023\/01\/Josef-Scher2-300x209.jpg 300w, https:\/\/aifonline.net\/wp-content\/uploads\/2023\/01\/Josef-Scher2-768x535.jpg 768w, https:\/\/aifonline.net\/wp-content\/uploads\/2023\/01\/Josef-Scher2.jpg 1500w\" sizes=\"(max-width: 1024px) 100vw, 1024px\" \/><\/a><figcaption class=\"wp-element-caption\">Josef, Fella et Emile Scher en 1950<\/figcaption><\/figure>\n\n\n\n<figure class=\"wp-block-image size-large\"><a href=\"https:\/\/aifonline.net\/wp-content\/uploads\/2023\/01\/Josef-Scher10.jpg\"><img decoding=\"async\" loading=\"lazy\" width=\"1024\" height=\"683\" data-id=\"3657\" src=\"https:\/\/aifonline.net\/wp-content\/uploads\/2023\/01\/Josef-Scher10-1024x683.jpg\" alt=\"\" class=\"wp-image-3657\" srcset=\"https:\/\/aifonline.net\/wp-content\/uploads\/2023\/01\/Josef-Scher10-1024x683.jpg 1024w, https:\/\/aifonline.net\/wp-content\/uploads\/2023\/01\/Josef-Scher10-300x200.jpg 300w, https:\/\/aifonline.net\/wp-content\/uploads\/2023\/01\/Josef-Scher10-768x512.jpg 768w, https:\/\/aifonline.net\/wp-content\/uploads\/2023\/01\/Josef-Scher10.jpg 1500w\" sizes=\"(max-width: 1024px) 100vw, 1024px\" \/><\/a><figcaption class=\"wp-element-caption\">Josef Scher avec ses deux enfants \u00c9mile et Evelyne en 1957<\/figcaption><\/figure>\n\n\n\n<figure class=\"wp-block-image size-large\"><a href=\"https:\/\/aifonline.net\/wp-content\/uploads\/2023\/01\/Josef_Scher_17.jpg\"><img decoding=\"async\" loading=\"lazy\" width=\"1024\" height=\"683\" data-id=\"3729\" src=\"https:\/\/aifonline.net\/wp-content\/uploads\/2023\/01\/Josef_Scher_17-1024x683.jpg\" alt=\"\" class=\"wp-image-3729\" srcset=\"https:\/\/aifonline.net\/wp-content\/uploads\/2023\/01\/Josef_Scher_17-1024x683.jpg 1024w, https:\/\/aifonline.net\/wp-content\/uploads\/2023\/01\/Josef_Scher_17-300x200.jpg 300w, https:\/\/aifonline.net\/wp-content\/uploads\/2023\/01\/Josef_Scher_17-768x512.jpg 768w, https:\/\/aifonline.net\/wp-content\/uploads\/2023\/01\/Josef_Scher_17.jpg 1500w\" sizes=\"(max-width: 1024px) 100vw, 1024px\" \/><\/a><figcaption class=\"wp-element-caption\">Fella, Emile, Evelyne et Josef Scher<\/figcaption><\/figure>\n\n\n\n<figure class=\"wp-block-image size-large\"><a href=\"https:\/\/aifonline.net\/wp-content\/uploads\/2023\/01\/Josef-Scher8.jpg\"><img decoding=\"async\" loading=\"lazy\" width=\"1024\" height=\"683\" data-id=\"3648\" src=\"https:\/\/aifonline.net\/wp-content\/uploads\/2023\/01\/Josef-Scher8-1024x683.jpg\" alt=\"\" class=\"wp-image-3648\" srcset=\"https:\/\/aifonline.net\/wp-content\/uploads\/2023\/01\/Josef-Scher8-1024x683.jpg 1024w, https:\/\/aifonline.net\/wp-content\/uploads\/2023\/01\/Josef-Scher8-300x200.jpg 300w, https:\/\/aifonline.net\/wp-content\/uploads\/2023\/01\/Josef-Scher8-768x512.jpg 768w, https:\/\/aifonline.net\/wp-content\/uploads\/2023\/01\/Josef-Scher8.jpg 1500w\" sizes=\"(max-width: 1024px) 100vw, 1024px\" \/><\/a><figcaption class=\"wp-element-caption\">Mariage \u00e0 Chantilly de la premi\u00e8re petite-fille Joy le 30 avril 2013. Le m\u00eame date que ses grands-parents : 30 avril !<\/figcaption><\/figure>\n\n\n\n<figure class=\"wp-block-image size-large\"><a href=\"https:\/\/aifonline.net\/wp-content\/uploads\/2023\/01\/Josef-Scher7.jpg\"><img decoding=\"async\" loading=\"lazy\" width=\"1024\" height=\"715\" data-id=\"3655\" src=\"https:\/\/aifonline.net\/wp-content\/uploads\/2023\/01\/Josef-Scher7-1024x715.jpg\" alt=\"\" class=\"wp-image-3655\" srcset=\"https:\/\/aifonline.net\/wp-content\/uploads\/2023\/01\/Josef-Scher7-1024x715.jpg 1024w, https:\/\/aifonline.net\/wp-content\/uploads\/2023\/01\/Josef-Scher7-300x210.jpg 300w, https:\/\/aifonline.net\/wp-content\/uploads\/2023\/01\/Josef-Scher7-768x536.jpg 768w, https:\/\/aifonline.net\/wp-content\/uploads\/2023\/01\/Josef-Scher7-1536x1073.jpg 1536w, https:\/\/aifonline.net\/wp-content\/uploads\/2023\/01\/Josef-Scher7.jpg 2000w\" sizes=\"(max-width: 1024px) 100vw, 1024px\" \/><\/a><figcaption class=\"wp-element-caption\">Au mariage de Nathalie, sa petite-fille, \u00e0 C\u00e9sar\u00e9e en 2015<\/figcaption><\/figure>\n\n\n\n<figure class=\"wp-block-image size-large\"><a href=\"https:\/\/aifonline.net\/wp-content\/uploads\/2023\/01\/Josef_Scher16.jpg\"><img decoding=\"async\" loading=\"lazy\" width=\"683\" height=\"1024\" data-id=\"3726\" src=\"https:\/\/aifonline.net\/wp-content\/uploads\/2023\/01\/Josef_Scher16-683x1024.jpg\" alt=\"\" class=\"wp-image-3726\" srcset=\"https:\/\/aifonline.net\/wp-content\/uploads\/2023\/01\/Josef_Scher16-683x1024.jpg 683w, https:\/\/aifonline.net\/wp-content\/uploads\/2023\/01\/Josef_Scher16-200x300.jpg 200w, https:\/\/aifonline.net\/wp-content\/uploads\/2023\/01\/Josef_Scher16-768x1152.jpg 768w, https:\/\/aifonline.net\/wp-content\/uploads\/2023\/01\/Josef_Scher16.jpg 980w\" sizes=\"(max-width: 683px) 100vw, 683px\" \/><\/a><figcaption class=\"wp-element-caption\">Fella et Josef Scher lors de la Brit de l&#8217;arri\u00e8re petit-fils Micka\u00ebl en Isra\u00ebl, octobre 2018<\/figcaption><\/figure>\n\n\n\n<figure class=\"wp-block-image size-large is-style-default\"><a href=\"https:\/\/aifonline.net\/wp-content\/uploads\/2023\/01\/Josef-Scher3.jpg\"><img decoding=\"async\" loading=\"lazy\" width=\"683\" height=\"1024\" data-id=\"3651\" src=\"https:\/\/aifonline.net\/wp-content\/uploads\/2023\/01\/Josef-Scher3-683x1024.jpg\" alt=\"\" class=\"wp-image-3651\" srcset=\"https:\/\/aifonline.net\/wp-content\/uploads\/2023\/01\/Josef-Scher3-683x1024.jpg 683w, https:\/\/aifonline.net\/wp-content\/uploads\/2023\/01\/Josef-Scher3-200x300.jpg 200w, https:\/\/aifonline.net\/wp-content\/uploads\/2023\/01\/Josef-Scher3-768x1152.jpg 768w, https:\/\/aifonline.net\/wp-content\/uploads\/2023\/01\/Josef-Scher3.jpg 1000w\" sizes=\"(max-width: 683px) 100vw, 683px\" \/><\/a><figcaption class=\"wp-element-caption\">Josef Scher en 2020<\/figcaption><\/figure>\n\n\n\n<figure class=\"wp-block-image size-large\"><a href=\"https:\/\/aifonline.net\/wp-content\/uploads\/2023\/01\/Josef-Scher11.jpg\"><img decoding=\"async\" loading=\"lazy\" width=\"768\" height=\"1024\" data-id=\"3658\" src=\"https:\/\/aifonline.net\/wp-content\/uploads\/2023\/01\/Josef-Scher11.jpg\" alt=\"\" class=\"wp-image-3658\" srcset=\"https:\/\/aifonline.net\/wp-content\/uploads\/2023\/01\/Josef-Scher11.jpg 768w, https:\/\/aifonline.net\/wp-content\/uploads\/2023\/01\/Josef-Scher11-225x300.jpg 225w\" sizes=\"(max-width: 768px) 100vw, 768px\" \/><\/a><figcaption class=\"wp-element-caption\">Josef Scher avec son petit-fils Yoav et arri\u00e8re petite-fille Leia en 2020<\/figcaption><\/figure>\n\n\n\n<figure class=\"wp-block-image size-large\"><a href=\"https:\/\/aifonline.net\/wp-content\/uploads\/2023\/01\/Josef-Scher12.jpg\"><img decoding=\"async\" loading=\"lazy\" width=\"1024\" height=\"683\" data-id=\"3689\" src=\"https:\/\/aifonline.net\/wp-content\/uploads\/2023\/01\/Josef-Scher12-1024x683.jpg\" alt=\"\" class=\"wp-image-3689\" srcset=\"https:\/\/aifonline.net\/wp-content\/uploads\/2023\/01\/Josef-Scher12-1024x683.jpg 1024w, https:\/\/aifonline.net\/wp-content\/uploads\/2023\/01\/Josef-Scher12-300x200.jpg 300w, https:\/\/aifonline.net\/wp-content\/uploads\/2023\/01\/Josef-Scher12-768x512.jpg 768w, https:\/\/aifonline.net\/wp-content\/uploads\/2023\/01\/Josef-Scher12.jpg 1500w\" sizes=\"(max-width: 1024px) 100vw, 1024px\" \/><\/a><figcaption class=\"wp-element-caption\">Derni\u00e8re photo le 8 octobre 2022 \u00e0 son domicile avec Philippe le mari de Joy, sa petite-fille<\/figcaption><\/figure>\n<\/figure>\n\n\n\n<p><\/p>\n","protected":false},"excerpt":{"rendered":"<p>Par ses enfants Evelyne et Emile Scher Josef Scher&nbsp;naquit&nbsp;en 1923 \u00e0 Cracovie dans une famille bourgeoise juive plut\u00f4t&nbsp;traditionaliste, ils&nbsp;mangeaient casher,<\/p>\n","protected":false},"author":1,"featured_media":0,"comment_status":"open","ping_status":"open","sticky":false,"template":"","format":"standard","meta":{"_mi_skip_tracking":false,"_exactmetrics_sitenote_active":false,"_exactmetrics_sitenote_note":"","_exactmetrics_sitenote_category":0,"footnotes":""},"categories":[84],"tags":[],"table_tags":[],"_links":{"self":[{"href":"https:\/\/aifonline.net\/index.php?rest_route=\/wp\/v2\/posts\/3659"}],"collection":[{"href":"https:\/\/aifonline.net\/index.php?rest_route=\/wp\/v2\/posts"}],"about":[{"href":"https:\/\/aifonline.net\/index.php?rest_route=\/wp\/v2\/types\/post"}],"author":[{"embeddable":true,"href":"https:\/\/aifonline.net\/index.php?rest_route=\/wp\/v2\/users\/1"}],"replies":[{"embeddable":true,"href":"https:\/\/aifonline.net\/index.php?rest_route=%2Fwp%2Fv2%2Fcomments&post=3659"}],"version-history":[{"count":55,"href":"https:\/\/aifonline.net\/index.php?rest_route=\/wp\/v2\/posts\/3659\/revisions"}],"predecessor-version":[{"id":3775,"href":"https:\/\/aifonline.net\/index.php?rest_route=\/wp\/v2\/posts\/3659\/revisions\/3775"}],"wp:attachment":[{"href":"https:\/\/aifonline.net\/index.php?rest_route=%2Fwp%2Fv2%2Fmedia&parent=3659"}],"wp:term":[{"taxonomy":"category","embeddable":true,"href":"https:\/\/aifonline.net\/index.php?rest_route=%2Fwp%2Fv2%2Fcategories&post=3659"},{"taxonomy":"post_tag","embeddable":true,"href":"https:\/\/aifonline.net\/index.php?rest_route=%2Fwp%2Fv2%2Ftags&post=3659"},{"taxonomy":"table_tags","embeddable":true,"href":"https:\/\/aifonline.net\/index.php?rest_route=%2Fwp%2Fv2%2Ftable_tags&post=3659"}],"curies":[{"name":"wp","href":"https:\/\/api.w.org\/{rel}","templated":true}]}}