{"id":369,"date":"2018-11-13T20:11:10","date_gmt":"2018-11-13T19:11:10","guid":{"rendered":"http:\/\/yamieux.fr\/?p=369"},"modified":"2019-04-04T08:18:50","modified_gmt":"2019-04-04T06:18:50","slug":"deces-de-levy-raymonde","status":"publish","type":"post","link":"https:\/\/aifonline.net\/?p=369","title":{"rendered":"D\u00e9c\u00e8s de L\u00e9vy Raymonde"},"content":{"rendered":"<p>Nous apprenons avec tristesse le d\u00e9c\u00e8s de notre soci\u00e9taire Madame L\u00e9vy Raymonde n\u00e9e Zajdband<br \/>\nsurvenu \u00e0 Paris le 4 novembre 2018 \u00e0 l&#8217;\u00e2ge de 85 ans. Nous adressons nos sinc\u00e8res condol\u00e9ances \u00e0 sa famille.<\/p>\n","protected":false},"excerpt":{"rendered":"<p>Nous apprenons avec tristesse le d\u00e9c\u00e8s de notre soci\u00e9taire Madame L\u00e9vy Raymonde n\u00e9e Zajdband survenu \u00e0 Paris le 4 novembre<\/p>\n","protected":false},"author":2,"featured_media":0,"comment_status":"open","ping_status":"open","sticky":false,"template":"","format":"standard","meta":{"_mi_skip_tracking":false,"_exactmetrics_sitenote_active":false,"_exactmetrics_sitenote_note":"","_exactmetrics_sitenote_category":0,"footnotes":""},"categories":[5,31],"tags":[18],"table_tags":[],"_links":{"self":[{"href":"https:\/\/aifonline.net\/index.php?rest_route=\/wp\/v2\/posts\/369"}],"collection":[{"href":"https:\/\/aifonline.net\/index.php?rest_route=\/wp\/v2\/posts"}],"about":[{"href":"https:\/\/aifonline.net\/index.php?rest_route=\/wp\/v2\/types\/post"}],"author":[{"embeddable":true,"href":"https:\/\/aifonline.net\/index.php?rest_route=\/wp\/v2\/users\/2"}],"replies":[{"embeddable":true,"href":"https:\/\/aifonline.net\/index.php?rest_route=%2Fwp%2Fv2%2Fcomments&post=369"}],"version-history":[{"count":1,"href":"https:\/\/aifonline.net\/index.php?rest_route=\/wp\/v2\/posts\/369\/revisions"}],"predecessor-version":[{"id":668,"href":"https:\/\/aifonline.net\/index.php?rest_route=\/wp\/v2\/posts\/369\/revisions\/668"}],"wp:attachment":[{"href":"https:\/\/aifonline.net\/index.php?rest_route=%2Fwp%2Fv2%2Fmedia&parent=369"}],"wp:term":[{"taxonomy":"category","embeddable":true,"href":"https:\/\/aifonline.net\/index.php?rest_route=%2Fwp%2Fv2%2Fcategories&post=369"},{"taxonomy":"post_tag","embeddable":true,"href":"https:\/\/aifonline.net\/index.php?rest_route=%2Fwp%2Fv2%2Ftags&post=369"},{"taxonomy":"table_tags","embeddable":true,"href":"https:\/\/aifonline.net\/index.php?rest_route=%2Fwp%2Fv2%2Ftable_tags&post=369"}],"curies":[{"name":"wp","href":"https:\/\/api.w.org\/{rel}","templated":true}]}}