{"id":3805,"date":"2023-03-19T08:13:00","date_gmt":"2023-03-19T07:13:00","guid":{"rendered":"http:\/\/aifonline.net\/?p=3805"},"modified":"2023-03-25T10:42:58","modified_gmt":"2023-03-25T09:42:58","slug":"portrait-salomon-selcer-1910-1992","status":"publish","type":"post","link":"https:\/\/aifonline.net\/?p=3805","title":{"rendered":"Portrait : Salomon Selcer (1910-1992)"},"content":{"rendered":"\n<p><strong><em>Par son fils Dominique Selcer<\/em><\/strong><\/p>\n\n\n\n<div class=\"wp-block-media-text alignwide has-media-on-the-right is-stacked-on-mobile is-image-fill has-white-color has-text-color has-background\" style=\"background-color:#7495bc\"><div class=\"wp-block-media-text__content\">\n<p>Salomon Selcer naquit le 16 mai 1910 \u00e0 Ozarow, bourgade de l\u2019Est de la Pologne sous domination russe.<br>Ses parents \u00e9taient tr\u00e8s observants ainsi que l\u2019ensemble de la famille de sa m\u00e8re n\u00e9e Sura Rochwerg, laquelle avait cinq fr\u00e8res. Son p\u00e8re, cadet de sa&nbsp;m\u00e8re de quatre ans s\u2019appelait Abraham Icek Zelcer, devenu Selcer. Il \u00e9tait tailleur de pierre.<br>Salomon (Scho\u00efm\u00e9) fut \u00e9lev\u00e9 dans la tradition juive la plus stricte. Il eut une s\u0153ur, Ida, de trois ans sa cadette.<br>Shlo\u00efm\u00e9 ne parlait et n\u2019\u00e9crivait qu\u2019en yiddish et n\u2019eut quasiment aucun contact avec le monde chr\u00e9tien polonais local, la ville d\u2019Ozarow \u00e9tait \u00e0 cette&nbsp;\u00e9poque juive en quasi-totalit\u00e9.<\/p>\n<\/div><figure class=\"wp-block-media-text__media\" style=\"background-image:url(https:\/\/aifonline.net\/wp-content\/uploads\/2023\/03\/slecer1.jpg);background-position:50% 50%\"><img decoding=\"async\" loading=\"lazy\" width=\"768\" height=\"892\" src=\"https:\/\/aifonline.net\/wp-content\/uploads\/2023\/03\/slecer1.jpg\" alt=\"\" class=\"wp-image-3818 size-full\" srcset=\"https:\/\/aifonline.net\/wp-content\/uploads\/2023\/03\/slecer1.jpg 768w, https:\/\/aifonline.net\/wp-content\/uploads\/2023\/03\/slecer1-258x300.jpg 258w\" sizes=\"(max-width: 768px) 100vw, 768px\" \/><\/figure><\/div>\n\n\n\n<div class=\"wp-block-media-text alignwide is-stacked-on-mobile is-image-fill has-gray-color has-light-gray-background-color has-text-color has-background\"><figure class=\"wp-block-media-text__media\" style=\"background-image:url(https:\/\/aifonline.net\/wp-content\/uploads\/2023\/03\/oza002.jpeg);background-position:52% 69%\"><img decoding=\"async\" loading=\"lazy\" width=\"600\" height=\"570\" src=\"https:\/\/aifonline.net\/wp-content\/uploads\/2023\/03\/oza002.jpeg\" alt=\"\" class=\"wp-image-3842 size-full\" srcset=\"https:\/\/aifonline.net\/wp-content\/uploads\/2023\/03\/oza002.jpeg 600w, https:\/\/aifonline.net\/wp-content\/uploads\/2023\/03\/oza002-300x285.jpeg 300w\" sizes=\"(max-width: 600px) 100vw, 600px\" \/><\/figure><div class=\"wp-block-media-text__content\">\n<figure class=\"wp-block-pullquote\"><blockquote><p><strong><em>Il avait d\u00fb se cacher plusieurs&nbsp;jours dans un puits pour leur \u00e9chapper.&nbsp;<\/em><\/strong><\/p><\/blockquote><\/figure>\n\n\n\n<p>La mis\u00e8re et la pauvret\u00e9 \u00e9taient pr\u00e9sentes en permanence dans toute la bourgade et rares \u00e9taient ceux qui mangeaient vraiment \u00e0 leur faim. Shlo\u00efm\u00e9&nbsp;racontera plus tard que pour se nourrir, il approchait les ch\u00e8vres des paysans d\u2019alentour, buvait le lait \u00e0 leurs pis en s\u2019assurant de l\u2019\u00e9lasticit\u00e9 de leurs&nbsp;trayons si bien qu\u2019une grande affection pour nos amis caprins ne le quitta jamais.<br>La situation s\u2019aggrava avec le d\u00e9but de la premi\u00e8re guerre mondiale et il ne se privait pas de raconter avec une tristesse non dissimul\u00e9e ce jour o\u00f9 les&nbsp;cosaques firent irruption dans le village pour massacrer femmes et enfants. Il \u00e9voquait avec moult d\u00e9tails ce moment o\u00f9 il avait d\u00fb se cacher plusieurs&nbsp;jours dans un puits pour leur \u00e9chapper.&nbsp;<br>En revanche, lorsque les Allemands reprirent au fil de leurs conqu\u00eates&nbsp;Ozarow en 1917&nbsp;ils furent curieusement accueillis cette fois comme des&nbsp;sauveurs, les prot\u00e9geant&nbsp;des hordes de&nbsp;cosaques ukrainiens.<\/p>\n<\/div><\/div>\n\n\n\n<div class=\"wp-block-media-text alignwide has-media-on-the-right is-stacked-on-mobile is-image-fill has-white-color has-text-color has-background\" style=\"background-color:#7495bc\"><div class=\"wp-block-media-text__content\">\n<p>Le temps passa et la fin de cette guerre vit partir son oncle et son p\u00e8re vers des endroits meilleurs, suppos\u00e9s \u00eatre plus riches, plus accueillants, plus&nbsp;modernes que la lointaine Pologne, cette terre de sang.<br>Ce fut la France avec tous ses plaisirs.<br>Son p\u00e8re n\u2019y r\u00e9sistera pas tr\u00e8s bien, et il fut pris dans le tourbillon de la vie l\u00e9g\u00e8re et de la maladie. Il mourra vingt-deux ans plus tard de la tuberculose&nbsp;qu\u2019il contracta probablement dans ces premi\u00e8res ann\u00e9es de disette. Le sort des \u00e9migr\u00e9s n\u2019\u00e9tait pas tr\u00e8s enviable jadis.<br>1920 : Schlo\u00efm\u00e9 a dix ans, sa s\u0153ur en a sept et sa m\u00e8re trente-six. Cela fait deux ans qu\u2019Abraham Icek le p\u00e8re est parti pour cette nouvelle terre&nbsp;promise. Les nouvelles sont mauvaises, il faut le rejoindre.<\/p>\n\n\n\n<p class=\"has-text-align-right\">(<em>St\u00e8le en m\u00e9moire des juifs d\u2019Ozarow au mont des oliviers \u00e0 Jerusalem<\/em>)<\/p>\n<\/div><figure class=\"wp-block-media-text__media\" style=\"background-image:url(https:\/\/aifonline.net\/wp-content\/uploads\/2022\/03\/ozarow-683x1024.jpg);background-position:50% 50%\"><img decoding=\"async\" loading=\"lazy\" width=\"683\" height=\"1024\" src=\"https:\/\/aifonline.net\/wp-content\/uploads\/2022\/03\/ozarow-683x1024.jpg\" alt=\"\" class=\"wp-image-3886 size-full\" srcset=\"https:\/\/aifonline.net\/wp-content\/uploads\/2022\/03\/ozarow-683x1024.jpg 683w, https:\/\/aifonline.net\/wp-content\/uploads\/2022\/03\/ozarow-200x300.jpg 200w, https:\/\/aifonline.net\/wp-content\/uploads\/2022\/03\/ozarow-768x1152.jpg 768w, https:\/\/aifonline.net\/wp-content\/uploads\/2022\/03\/ozarow.jpg 800w\" sizes=\"(max-width: 683px) 100vw, 683px\" \/><\/figure><\/div>\n\n\n\n<div class=\"wp-block-media-text alignwide is-stacked-on-mobile is-image-fill has-gray-color has-light-gray-background-color has-text-color has-background\"><figure class=\"wp-block-media-text__media\" style=\"background-image:url(https:\/\/aifonline.net\/wp-content\/uploads\/2023\/03\/rue_Basfroi.jpeg);background-position:50% 50%\"><img decoding=\"async\" loading=\"lazy\" width=\"736\" height=\"449\" src=\"https:\/\/aifonline.net\/wp-content\/uploads\/2023\/03\/rue_Basfroi.jpeg\" alt=\"\" class=\"wp-image-3840 size-full\" srcset=\"https:\/\/aifonline.net\/wp-content\/uploads\/2023\/03\/rue_Basfroi.jpeg 736w, https:\/\/aifonline.net\/wp-content\/uploads\/2023\/03\/rue_Basfroi-300x183.jpeg 300w\" sizes=\"(max-width: 736px) 100vw, 736px\" \/><\/figure><div class=\"wp-block-media-text__content\">\n<figure class=\"wp-block-pullquote\"><blockquote><p><strong><em>La rue \u00ab&nbsp;Kalt\u00e9 Zach\u2019n&nbsp;\u00bb<\/em><\/strong><\/p><\/blockquote><\/figure>\n\n\n\n<p>L\u2019arriv\u00e9e \u00e0 Paris est effroyable. Le quartier insalubre, mis\u00e9rable et l\u2019on imagine un mari tr\u00e8s absent. C\u2019\u00e9tait dans le XI\u00e8me arrondissement. Shlo\u00efm\u00e9&nbsp;l\u2019appellera la rue \u00ab&nbsp;Kalt\u00e9 Zach\u2019n&nbsp;\u00bb, pour lui la rue Basfroi. Shlo\u00efm\u00e9 ne se remettra jamais de cette douleur, de cette trahison que fut l\u2019absence de son p\u00e8re.<br>Il se jura de ne plus jamais lui parler, de ne plus jamais l\u2019\u00e9voquer et ne r\u00e9pondra jamais \u00e0 la moindre question concernant son p\u00e8re.<br>Shlo\u00efm\u00e9 s\u2019inscrit \u00e0 l\u2019\u00e9cole communale, il est tr\u00e8s brillant et saute deux puis une troisi\u00e8me classe, il \u00e9tait dot\u00e9 d\u2019une m\u00e9moire ph\u00e9nom\u00e9nale et devint&nbsp;vite un premier de la classe, les instituteurs \u00e9taient en admiration face \u00e0 ce gosse qui n\u2019aspirait qu\u2019\u00e0 une int\u00e9gration rapide et \u00e0 devenir plus fran\u00e7ais&nbsp;que les Fran\u00e7ais. L\u2019image de la France lui fut vite chevill\u00e9e au corps et il faisait des mots Libert\u00e9 Egalit\u00e9 Fraternit\u00e9 lui semblaient sa devise personnelle. Il fait&nbsp;taire en lui les images du pass\u00e9, l\u2019obscurantisme polonais ou russe, la mis\u00e8re d\u2019autrefois, la boue, le silence, les privations. Il sera fran\u00e7ais parce qu\u2019il&nbsp;se&nbsp;sent d\u00e9j\u00e0 si fran\u00e7ais.<\/p>\n<\/div><\/div>\n\n\n\n<div class=\"wp-block-media-text alignwide has-media-on-the-right is-stacked-on-mobile is-image-fill has-white-color has-text-color has-background\" style=\"background-color:#7495bc\"><div class=\"wp-block-media-text__content\">\n<p>Il n\u2019oubliera pourtant jamais cet \u00e9pisode, six mois apr\u00e8s son arriv\u00e9e, lorsqu\u2019un de ses oncles, pour plaisanter, lui dit que pour aller chez le coiffeur il\u00a0fallait se pr\u00e9senter en annon\u00e7ant vouloir se faire couper la t\u00eate et c\u2019est ce qu\u2019il fit. Il fut moqu\u00e9, raill\u00e9, en ressortit profond\u00e9ment bless\u00e9. Il d\u00e9cida alors\u00a0que sa vie allait passer par bien ma\u00eetriser la langue de Moli\u00e8re, sans accent aucun. Il ne reparlera le fran\u00e7ais qu\u2019en en ma\u00eetrisant parfaitement le\u00a0vocabulaire, deux ans plus tard.<br>A 13 ans, il doit quitter l\u2019\u00e9cole pour gagner le pain de la famille, il vendra des journaux dans la rue.<br>Le directeur de l\u2019\u00e9cole supplia sa m\u00e8re de le scolariser, de le laisser poursuivre son chemin \u00e0 l\u2019\u00e9cole, il \u00e9tait tellement brillant. Mais sa m\u00e8re ne\u00a0l\u2019entendit pas ainsi, il fallait manger, avec un p\u00e8re absent.<br>1927\u00a0: il est naturalis\u00e9, il est fran\u00e7ais, il effectue son service militaire puis apprend un m\u00e9tier, la tapisserie et la d\u00e9coration. Il milite au front populaire,\u00a0pense socialiste, mais voit poindre un nivellement par le bas qu\u2019il n\u2019accepte pas.<br>Dans le mitan des ann\u00e9es trente, il se marie avec une amie d\u2019enfance, Tsiva Kagan, mais le couple bat de l\u2019aile tr\u00e8s rapidement, deux filles\u00a0naquirent de cette union, Yvette et Claudine. Ils se s\u00e9pareront pendant la deuxi\u00e8me guerre mondiale.<\/p>\n\n\n\n<p><em>(en photo, Salomon entour\u00e9 de sa m\u00e8re Sura Selcer et de sa fille Claudine)<\/em><\/p>\n<\/div><figure class=\"wp-block-media-text__media\" style=\"background-image:url(https:\/\/aifonline.net\/wp-content\/uploads\/2023\/03\/selcer13-878x1024.jpg);background-position:17% 55%\"><img decoding=\"async\" loading=\"lazy\" width=\"878\" height=\"1024\" src=\"https:\/\/aifonline.net\/wp-content\/uploads\/2023\/03\/selcer13-878x1024.jpg\" alt=\"\" class=\"wp-image-3862 size-full\" srcset=\"https:\/\/aifonline.net\/wp-content\/uploads\/2023\/03\/selcer13-878x1024.jpg 878w, https:\/\/aifonline.net\/wp-content\/uploads\/2023\/03\/selcer13-257x300.jpg 257w, https:\/\/aifonline.net\/wp-content\/uploads\/2023\/03\/selcer13-768x895.jpg 768w, https:\/\/aifonline.net\/wp-content\/uploads\/2023\/03\/selcer13-1318x1536.jpg 1318w, https:\/\/aifonline.net\/wp-content\/uploads\/2023\/03\/selcer13.jpg 1484w\" sizes=\"(max-width: 878px) 100vw, 878px\" \/><\/figure><\/div>\n\n\n\n<div class=\"wp-block-media-text alignwide is-stacked-on-mobile is-image-fill has-light-gray-background-color has-background\"><figure class=\"wp-block-media-text__media\" style=\"background-image:url(https:\/\/aifonline.net\/wp-content\/uploads\/2023\/03\/slecer7.jpg);background-position:29% 52%\"><img decoding=\"async\" loading=\"lazy\" width=\"768\" height=\"611\" src=\"https:\/\/aifonline.net\/wp-content\/uploads\/2023\/03\/slecer7.jpg\" alt=\"\" class=\"wp-image-3824 size-full\" srcset=\"https:\/\/aifonline.net\/wp-content\/uploads\/2023\/03\/slecer7.jpg 768w, https:\/\/aifonline.net\/wp-content\/uploads\/2023\/03\/slecer7-300x239.jpg 300w\" sizes=\"(max-width: 768px) 100vw, 768px\" \/><\/figure><div class=\"wp-block-media-text__content\">\n<p class=\"has-gray-color has-text-color\">Au cours de la guerre il est mobilis\u00e9 dans les transmissions puis d\u00e9mobilis\u00e9 avec la d\u00e9b\u00e2cle. Il refuse de se faire recenser comme juif, de porter l\u2019\u00e9toile jaune. Esprit libre, libertaire, il maquillera sa propre carte d\u2019identit\u00e9, Salomon devint Marcel qu\u2019il adopta \u00e0 son arriv\u00e9e en France et Selcer devint Selier. Shlo\u00efm\u00e9 \u00e9tait devenu Marcel Selier&nbsp;! Pendant la guerre il est voyageur de commerce, non sans fr\u00e9mir \u00e0 chaque passage de la ligne de d\u00e9marcation. Parfois il se retrouvait sur le marchepied du train, parfois en circulant le dos tourn\u00e9 au contr\u00f4leur, il s\u2019en est toujours tir\u00e9.<br>1945&nbsp;: la fin de l\u2019enfer. Il d\u00e9couvre l\u2019indicible, voit&nbsp; ces familles endeuill\u00e9es, d\u00e9couvre&nbsp; ce que fut tant de haine. Il reprend son travail, il a 37 ans et a v\u00e9cu deux guerres mondiales.<\/p>\n\n\n\n<p class=\"has-gray-color has-text-color\"><em>(Salomon Sceler le fusil \u00e0 la main, lors de son service militaire, \u00e0 droite du mitrailleur)<\/em><\/p>\n<\/div><\/div>\n\n\n\n<div class=\"wp-block-media-text alignwide has-media-on-the-right is-stacked-on-mobile is-image-fill has-white-color has-text-color has-background\" style=\"background-color:#7495bc\"><div class=\"wp-block-media-text__content\">\n<p>Puis il a rendez-vous avec une femme discr\u00e8tement plus \u00e2g\u00e9e que lui par l\u2019entremise d\u2019une relation de travail dans un club de rencontres pour&nbsp;c\u00e9libataires et veufs, rue du Fg Saint-Antoine, le quartier des tapissiers. Il y voit une femme triste, son mari Naftul\u00e9&nbsp;n\u2019\u00e9tait&nbsp;pas revenu de\u2026 \u00ab&nbsp;Pitchipo\u00ef&nbsp;\u00bb.<br>Mais cette femme est venue accompagn\u00e9e de sa fille Sarah, \u00e2g\u00e9e de 17 ans, des cheveux blonds comme le bl\u00e9,&nbsp;longs et si longs et si soyeux, un sourire&nbsp;si&nbsp;doux qui subjugue, si doux aux commissures des yeux o\u00f9 se plissent les nuances de la tristesse d\u2019un monde qu\u2019elle a d\u00e9j\u00e0 irr\u00e9m\u00e9diablement perdu.&nbsp;Schlo\u00efm\u00e9 est perdu, \u00e9perdu, il tombe amoureux de Sarah Jaczmien qui deviendra Sabine.&nbsp;<br>Et lui, Shlo\u00efm\u00e9, qu\u2019il est beau et confiant, avec son regard tendre de promesses, par\u00e9 des habits de gala comme pour un jour de f\u00eate, son parfum, son&nbsp;large sourire et ses mains si bien soign\u00e9es. Et cette stature d\u2019homme, sur lequel le temps et les m\u00e9moires sont d\u00e9j\u00e0 pass\u00e9es et qui en impose.<\/p>\n\n\n\n<p class=\"has-text-align-right has-white-color has-text-color\"><em>(Salomon et Sabine dans les ann\u00e9es 1960)<\/em><\/p>\n<\/div><figure class=\"wp-block-media-text__media\" style=\"background-image:url(https:\/\/aifonline.net\/wp-content\/uploads\/2023\/03\/slecer6.jpg);background-position:22% 26%\"><img decoding=\"async\" loading=\"lazy\" width=\"768\" height=\"627\" src=\"https:\/\/aifonline.net\/wp-content\/uploads\/2023\/03\/slecer6.jpg\" alt=\"\" class=\"wp-image-3823 size-full\" srcset=\"https:\/\/aifonline.net\/wp-content\/uploads\/2023\/03\/slecer6.jpg 768w, https:\/\/aifonline.net\/wp-content\/uploads\/2023\/03\/slecer6-300x245.jpg 300w\" sizes=\"(max-width: 768px) 100vw, 768px\" \/><\/figure><\/div>\n\n\n\n<div class=\"wp-block-media-text alignwide is-stacked-on-mobile has-white-color has-light-gray-background-color has-text-color has-background\"><figure class=\"wp-block-media-text__media\"><img decoding=\"async\" loading=\"lazy\" width=\"597\" height=\"981\" src=\"https:\/\/aifonline.net\/wp-content\/uploads\/2023\/03\/slecer3.jpg\" alt=\"\" class=\"wp-image-3820 size-full\" srcset=\"https:\/\/aifonline.net\/wp-content\/uploads\/2023\/03\/slecer3.jpg 597w, https:\/\/aifonline.net\/wp-content\/uploads\/2023\/03\/slecer3-183x300.jpg 183w\" sizes=\"(max-width: 597px) 100vw, 597px\" \/><\/figure><div class=\"wp-block-media-text__content\">\n<p class=\"has-gray-color has-text-color\">Shlo\u00efm\u00e9 l\u2019autodidacte entendra parler de l\u2019enl\u00e8vement des Sabines, il enl\u00e8vera la sienne. Il se marieront, eurent deux enfants , Dominique et Nathalie,&nbsp;et des petits-enfants. Shlo\u00efm\u00e9 est bel homme, soign\u00e9, il en impose, sa chevelure, son parfum, Sabine le v\u00e9n\u00e9rera toute sa vie.<br>Tapisser d\u00e9corateur, il continuera \u00e0 tapisser, \u00e0 d\u00e9corer, ses clients lui voueront un respect que ses proches n\u2019oublieront jamais. Il fut un bon mari, un&nbsp;bon p\u00e8re, il&nbsp;&nbsp;aimait ce qu\u2019il faisait, il aimait les gens, il n\u2019avait pas d\u2019ennemis. Il se plaisait \u00e0 dire qu\u2019il partait tous les matins le c\u0153ur l\u00e9ger, empli de la&nbsp;journ\u00e9e qu\u2019il avait \u00e0 faire.&nbsp;Il faisait partie de ces gens qui pouvaient se regarder devant un miroir sans craindre d\u2019\u00eatre soi-m\u00eame son pire ennemi.<\/p>\n\n\n\n<p class=\"has-gray-color has-text-color\"><em>(Salomon et Dominique en 1959)<\/em><\/p>\n<\/div><\/div>\n\n\n\n<div class=\"wp-block-media-text alignwide has-media-on-the-right is-stacked-on-mobile is-image-fill has-gray-color has-text-color has-background\" style=\"background-color:#7495bc\"><div class=\"wp-block-media-text__content\">\n<p class=\"has-white-color has-text-color\">M\u00e9thodique et m\u00e9ticuleux dans son travail, malicieux et proph\u00e9tique, il d\u00e9cora sa vie d\u2019images et de sentences qui \u00ab&nbsp;illuminent&nbsp;\u00bb la vie de ceux qui l\u2019ont&nbsp;connu. C\u2019\u00e9tait tout simplement un&nbsp;&nbsp;homme heureux.<br>Avec ses amis, il aimait jouer aux cartes parce qu\u2019il aimait les cartes et parce qu\u2019il aimait ses amis. Et sa m\u00e9moire lui permettait de conna\u00eetre le jeu de ses adversaires, il en jouait bien s\u00fbr, il avait ce don parmi d\u2019autres de ma\u00eetriser l\u2019arithm\u00e9tique.&nbsp;<br>Dans ses conversations, il ne pr\u00e9tendait jamais d\u00e9tenir la v\u00e9rit\u00e9 mais cherchait toujours une v\u00e9rit\u00e9, et l\u2019humilit\u00e9 comme la modestie \u00e9tait une r\u00e8gle d\u2019or.<br>Apr\u00e8s 47 ans de mariage, le destin le rattrapa, la maladie fit son apparition.<\/p>\n\n\n\n<p class=\"has-text-align-right has-white-color has-text-color\">(<em>Salomon, Sabine, Dominique et Nathalie en 1963<\/em>)<\/p>\n<\/div><figure class=\"wp-block-media-text__media\" style=\"background-image:url(https:\/\/aifonline.net\/wp-content\/uploads\/2023\/03\/slecer8.jpg);background-position:50% 50%\"><img decoding=\"async\" loading=\"lazy\" width=\"768\" height=\"1002\" src=\"https:\/\/aifonline.net\/wp-content\/uploads\/2023\/03\/slecer8.jpg\" alt=\"\" class=\"wp-image-3825 size-full\" srcset=\"https:\/\/aifonline.net\/wp-content\/uploads\/2023\/03\/slecer8.jpg 768w, https:\/\/aifonline.net\/wp-content\/uploads\/2023\/03\/slecer8-230x300.jpg 230w\" sizes=\"(max-width: 768px) 100vw, 768px\" \/><\/figure><\/div>\n\n\n\n<div class=\"wp-block-media-text alignwide is-stacked-on-mobile is-image-fill has-gray-color has-light-gray-background-color has-text-color has-background\"><figure class=\"wp-block-media-text__media\" style=\"background-image:url(https:\/\/aifonline.net\/wp-content\/uploads\/2023\/03\/slecer2.jpg);background-position:73% 27%\"><img decoding=\"async\" loading=\"lazy\" width=\"611\" height=\"917\" src=\"https:\/\/aifonline.net\/wp-content\/uploads\/2023\/03\/slecer2.jpg\" alt=\"\" class=\"wp-image-3819 size-full\" srcset=\"https:\/\/aifonline.net\/wp-content\/uploads\/2023\/03\/slecer2.jpg 611w, https:\/\/aifonline.net\/wp-content\/uploads\/2023\/03\/slecer2-200x300.jpg 200w\" sizes=\"(max-width: 611px) 100vw, 611px\" \/><\/figure><div class=\"wp-block-media-text__content\">\n<figure class=\"wp-block-pullquote has-gray-color has-text-color\"><blockquote><p><strong><em>Shlo\u00efm\u00e9 retourna lire Joseph et ses fr\u00e8res de Thomas Mann pour ses derniers jours<\/em><\/strong><\/p><\/blockquote><\/figure>\n\n\n\n<p>On devait l\u2019op\u00e9rer, lui parler de dialyse. Le professeur Steg le pr\u00e9parait \u00e0 une douloureuse intervention&nbsp;et le pr\u00e9vint :&nbsp;<em>\u00ab&nbsp;Je dois vous op\u00e9rer mais vous&nbsp;devrez aussit\u00f4t \u00eatre mis sous dialyse apr\u00e8s&nbsp;l\u2018intervention&nbsp;\u00bb<\/em>.&nbsp;Shlo\u00efm\u00e9 lui r\u00e9pondit&nbsp;<em>\u00ab&nbsp;&nbsp;je ne veux pas \u00eatre op\u00e9r\u00e9, je ne laisserai pas une machine pisser \u00e0&nbsp;ma place&nbsp;\u00bb<\/em>.<br>D\u2019aucuns ont tent\u00e9 de le convaincre&nbsp;et son fils, m\u00e9decin, tenta bien de convaincre son p\u00e8re de se&nbsp;faire op\u00e9rer. Alors, ce grand professeur qu\u2019\u00e9tait Ady&nbsp;Steg dit au fils&nbsp;:&nbsp;<em>\u00ab&nbsp;Mon cher et jeune coll\u00e8gue, n&#8217;avez-vous donc pas entendu ce que votre p\u00e8re a dit&nbsp;?&nbsp;\u00bb<\/em><br>Shlo\u00efm\u00e9 retourna lire <em>Joseph et ses fr\u00e8res<\/em> de Thomas Mann pour ses derniers jours.<br>Et telle fut sa vie. Il tira sa r\u00e9v\u00e9rence le 6 mars 1992.<\/p>\n<\/div><\/div>\n\n\n\n<p><strong><em>Album de famille<\/em><\/strong> <br>(cliquez pour agrandir les photos)<\/p>\n\n\n\n<figure class=\"wp-block-gallery has-nested-images columns-4 is-cropped wp-block-gallery-1 is-layout-flex wp-block-gallery-is-layout-flex\">\n<figure class=\"wp-block-image size-large\"><a href=\"https:\/\/aifonline.net\/wp-content\/uploads\/2023\/03\/slecer4.jpg\"><img decoding=\"async\" loading=\"lazy\" width=\"758\" height=\"1024\" data-id=\"3821\" src=\"https:\/\/aifonline.net\/wp-content\/uploads\/2023\/03\/slecer4.jpg\" alt=\"\" class=\"wp-image-3821\" srcset=\"https:\/\/aifonline.net\/wp-content\/uploads\/2023\/03\/slecer4.jpg 758w, https:\/\/aifonline.net\/wp-content\/uploads\/2023\/03\/slecer4-222x300.jpg 222w\" sizes=\"(max-width: 758px) 100vw, 758px\" \/><\/a><figcaption class=\"wp-element-caption\">Salomon Selcer en bas \u00e0 gauche lors de son service militaire en 1930<\/figcaption><\/figure>\n\n\n\n<figure class=\"wp-block-image size-large\"><a href=\"https:\/\/aifonline.net\/wp-content\/uploads\/2023\/03\/selcer15.jpg\"><img decoding=\"async\" loading=\"lazy\" width=\"1000\" height=\"1024\" data-id=\"3864\" src=\"https:\/\/aifonline.net\/wp-content\/uploads\/2023\/03\/selcer15-1000x1024.jpg\" alt=\"\" class=\"wp-image-3864\" srcset=\"https:\/\/aifonline.net\/wp-content\/uploads\/2023\/03\/selcer15-1000x1024.jpg 1000w, https:\/\/aifonline.net\/wp-content\/uploads\/2023\/03\/selcer15-293x300.jpg 293w, https:\/\/aifonline.net\/wp-content\/uploads\/2023\/03\/selcer15-768x787.jpg 768w, https:\/\/aifonline.net\/wp-content\/uploads\/2023\/03\/selcer15-1500x1536.jpg 1500w, https:\/\/aifonline.net\/wp-content\/uploads\/2023\/03\/selcer15.jpg 1702w\" sizes=\"(max-width: 1000px) 100vw, 1000px\" \/><\/a><figcaption class=\"wp-element-caption\">Salomon avec Nathalie et Dominique \u00e0 Saint-Rapha\u00ebl en 1955<\/figcaption><\/figure>\n\n\n\n<figure class=\"wp-block-image size-large\"><a href=\"https:\/\/aifonline.net\/wp-content\/uploads\/2023\/03\/slecer6.jpg\"><img decoding=\"async\" loading=\"lazy\" width=\"768\" height=\"627\" data-id=\"3823\" src=\"https:\/\/aifonline.net\/wp-content\/uploads\/2023\/03\/slecer6.jpg\" alt=\"\" class=\"wp-image-3823\" srcset=\"https:\/\/aifonline.net\/wp-content\/uploads\/2023\/03\/slecer6.jpg 768w, https:\/\/aifonline.net\/wp-content\/uploads\/2023\/03\/slecer6-300x245.jpg 300w\" sizes=\"(max-width: 768px) 100vw, 768px\" \/><\/a><figcaption class=\"wp-element-caption\">Sabine et Marcel, les ann\u00e9es 60<\/figcaption><\/figure>\n\n\n\n<figure class=\"wp-block-image size-large\"><a href=\"https:\/\/aifonline.net\/wp-content\/uploads\/2023\/03\/slecer5.jpg\"><img decoding=\"async\" loading=\"lazy\" width=\"505\" height=\"859\" data-id=\"3822\" src=\"https:\/\/aifonline.net\/wp-content\/uploads\/2023\/03\/slecer5.jpg\" alt=\"\" class=\"wp-image-3822\" srcset=\"https:\/\/aifonline.net\/wp-content\/uploads\/2023\/03\/slecer5.jpg 505w, https:\/\/aifonline.net\/wp-content\/uploads\/2023\/03\/slecer5-176x300.jpg 176w\" sizes=\"(max-width: 505px) 100vw, 505px\" \/><\/a><figcaption class=\"wp-element-caption\">Salomon Selcer avec Sabine, son \u00e9pouse, \u00e0 Grenoble en 1960<\/figcaption><\/figure>\n\n\n\n<figure class=\"wp-block-image size-large\"><a href=\"https:\/\/aifonline.net\/wp-content\/uploads\/2023\/03\/slecer9.jpg\"><img decoding=\"async\" loading=\"lazy\" width=\"768\" height=\"614\" data-id=\"3826\" src=\"https:\/\/aifonline.net\/wp-content\/uploads\/2023\/03\/slecer9.jpg\" alt=\"\" class=\"wp-image-3826\" srcset=\"https:\/\/aifonline.net\/wp-content\/uploads\/2023\/03\/slecer9.jpg 768w, https:\/\/aifonline.net\/wp-content\/uploads\/2023\/03\/slecer9-300x240.jpg 300w\" sizes=\"(max-width: 768px) 100vw, 768px\" \/><\/a><figcaption class=\"wp-element-caption\">Salomon Selcer en haut \u00e0 droite aux c\u00f4t\u00e9s de Sarah Jaczmien qui a les mains pos\u00e9es sur les \u00e9paules de sa m\u00e8re, en 1952.<\/figcaption><\/figure>\n\n\n\n<figure class=\"wp-block-image size-large\"><a href=\"https:\/\/aifonline.net\/wp-content\/uploads\/2023\/03\/slecer11.jpg\"><img decoding=\"async\" loading=\"lazy\" width=\"768\" height=\"810\" data-id=\"3828\" src=\"https:\/\/aifonline.net\/wp-content\/uploads\/2023\/03\/slecer11.jpg\" alt=\"\" class=\"wp-image-3828\" srcset=\"https:\/\/aifonline.net\/wp-content\/uploads\/2023\/03\/slecer11.jpg 768w, https:\/\/aifonline.net\/wp-content\/uploads\/2023\/03\/slecer11-284x300.jpg 284w\" sizes=\"(max-width: 768px) 100vw, 768px\" \/><\/a><figcaption class=\"wp-element-caption\">A table en famille, Marcel, Dominique, Nathalie et Sabine.<\/figcaption><\/figure>\n\n\n\n<figure class=\"wp-block-image size-large\"><a href=\"https:\/\/aifonline.net\/wp-content\/uploads\/2023\/03\/selcer14.jpg\"><img decoding=\"async\" loading=\"lazy\" width=\"1024\" height=\"914\" data-id=\"3863\" src=\"https:\/\/aifonline.net\/wp-content\/uploads\/2023\/03\/selcer14-1024x914.jpg\" alt=\"\" class=\"wp-image-3863\" srcset=\"https:\/\/aifonline.net\/wp-content\/uploads\/2023\/03\/selcer14-1024x914.jpg 1024w, https:\/\/aifonline.net\/wp-content\/uploads\/2023\/03\/selcer14-300x268.jpg 300w, https:\/\/aifonline.net\/wp-content\/uploads\/2023\/03\/selcer14-768x686.jpg 768w, https:\/\/aifonline.net\/wp-content\/uploads\/2023\/03\/selcer14-1536x1371.jpg 1536w, https:\/\/aifonline.net\/wp-content\/uploads\/2023\/03\/selcer14-2048x1829.jpg 2048w\" sizes=\"(max-width: 1024px) 100vw, 1024px\" \/><\/a><figcaption class=\"wp-element-caption\">Isra\u00ebl Rubinstein, Salomon Selcer, R\u00e9gine et L\u00e9on Kaminski, Paris 1973<\/figcaption><\/figure>\n\n\n\n<figure class=\"wp-block-image size-large\"><a href=\"https:\/\/aifonline.net\/wp-content\/uploads\/2023\/03\/slecer10.jpg\"><img decoding=\"async\" loading=\"lazy\" width=\"768\" height=\"990\" data-id=\"3827\" src=\"https:\/\/aifonline.net\/wp-content\/uploads\/2023\/03\/slecer10.jpg\" alt=\"\" class=\"wp-image-3827\" srcset=\"https:\/\/aifonline.net\/wp-content\/uploads\/2023\/03\/slecer10.jpg 768w, https:\/\/aifonline.net\/wp-content\/uploads\/2023\/03\/slecer10-233x300.jpg 233w\" sizes=\"(max-width: 768px) 100vw, 768px\" \/><\/a><figcaption class=\"wp-element-caption\">Salomon Marcel Selcer en 1985<\/figcaption><\/figure>\n<\/figure>\n\n\n\n<p><\/p>\n\n\n\n<p><\/p>\n","protected":false},"excerpt":{"rendered":"<p>Par son fils Dominique Selcer Salomon Selcer naquit le 16 mai 1910 \u00e0 Ozarow, bourgade de l\u2019Est de la Pologne<\/p>\n","protected":false},"author":1,"featured_media":0,"comment_status":"open","ping_status":"open","sticky":false,"template":"","format":"standard","meta":{"_mi_skip_tracking":false,"_exactmetrics_sitenote_active":false,"_exactmetrics_sitenote_note":"","_exactmetrics_sitenote_category":0,"footnotes":""},"categories":[84],"tags":[],"table_tags":[],"_links":{"self":[{"href":"https:\/\/aifonline.net\/index.php?rest_route=\/wp\/v2\/posts\/3805"}],"collection":[{"href":"https:\/\/aifonline.net\/index.php?rest_route=\/wp\/v2\/posts"}],"about":[{"href":"https:\/\/aifonline.net\/index.php?rest_route=\/wp\/v2\/types\/post"}],"author":[{"embeddable":true,"href":"https:\/\/aifonline.net\/index.php?rest_route=\/wp\/v2\/users\/1"}],"replies":[{"embeddable":true,"href":"https:\/\/aifonline.net\/index.php?rest_route=%2Fwp%2Fv2%2Fcomments&post=3805"}],"version-history":[{"count":57,"href":"https:\/\/aifonline.net\/index.php?rest_route=\/wp\/v2\/posts\/3805\/revisions"}],"predecessor-version":[{"id":3927,"href":"https:\/\/aifonline.net\/index.php?rest_route=\/wp\/v2\/posts\/3805\/revisions\/3927"}],"wp:attachment":[{"href":"https:\/\/aifonline.net\/index.php?rest_route=%2Fwp%2Fv2%2Fmedia&parent=3805"}],"wp:term":[{"taxonomy":"category","embeddable":true,"href":"https:\/\/aifonline.net\/index.php?rest_route=%2Fwp%2Fv2%2Fcategories&post=3805"},{"taxonomy":"post_tag","embeddable":true,"href":"https:\/\/aifonline.net\/index.php?rest_route=%2Fwp%2Fv2%2Ftags&post=3805"},{"taxonomy":"table_tags","embeddable":true,"href":"https:\/\/aifonline.net\/index.php?rest_route=%2Fwp%2Fv2%2Ftable_tags&post=3805"}],"curies":[{"name":"wp","href":"https:\/\/api.w.org\/{rel}","templated":true}]}}