{"id":386,"date":"2017-11-14T20:28:26","date_gmt":"2017-11-14T19:28:26","guid":{"rendered":"http:\/\/yamieux.fr\/?p=386"},"modified":"2017-11-14T20:28:26","modified_gmt":"2017-11-14T19:28:26","slug":"commemoration-des-75-ans-du-premier-convoi-pour-treblinka","status":"publish","type":"post","link":"https:\/\/aifonline.net\/?p=386","title":{"rendered":"Comm\u00e9moration des 75 ans du premier convoi pour Treblinka"},"content":{"rendered":"<p>&nbsp;<\/p>\n<figure id=\"attachment_387\" aria-describedby=\"caption-attachment-387\" style=\"width: 600px\" class=\"wp-caption alignnone\"><img decoding=\"async\" loading=\"lazy\" class=\"size-full wp-image-387\" src=\"https:\/\/aifonline.net\/wp-content\/uploads\/2019\/02\/treblinka.jpg\" alt=\"\" width=\"600\" height=\"800\" srcset=\"https:\/\/aifonline.net\/wp-content\/uploads\/2019\/02\/treblinka.jpg 600w, https:\/\/aifonline.net\/wp-content\/uploads\/2019\/02\/treblinka-225x300.jpg 225w\" sizes=\"(max-width: 600px) 100vw, 600px\" \/><figcaption id=\"caption-attachment-387\" class=\"wp-caption-text\">Alain Kaminski, Pr\u00e9sident des Amis Isra\u00e9lites de France, accompagn\u00e9 d&#8217;une d\u00e9l\u00e9gation de 30 personnes, d\u00e9pose une gerbe de fleurs sur le site du camp d&#8217;extermination de Treblinka, \u00e0 l&#8217;occasion du 75 \u00e8me anniversaire du d\u00e9part du premier convoi.<\/figcaption><\/figure>\n","protected":false},"excerpt":{"rendered":"<p>&nbsp;<\/p>\n","protected":false},"author":2,"featured_media":0,"comment_status":"open","ping_status":"open","sticky":false,"template":"","format":"standard","meta":{"_mi_skip_tracking":false,"_exactmetrics_sitenote_active":false,"_exactmetrics_sitenote_note":"","_exactmetrics_sitenote_category":0,"footnotes":""},"categories":[2],"tags":[],"table_tags":[],"_links":{"self":[{"href":"https:\/\/aifonline.net\/index.php?rest_route=\/wp\/v2\/posts\/386"}],"collection":[{"href":"https:\/\/aifonline.net\/index.php?rest_route=\/wp\/v2\/posts"}],"about":[{"href":"https:\/\/aifonline.net\/index.php?rest_route=\/wp\/v2\/types\/post"}],"author":[{"embeddable":true,"href":"https:\/\/aifonline.net\/index.php?rest_route=\/wp\/v2\/users\/2"}],"replies":[{"embeddable":true,"href":"https:\/\/aifonline.net\/index.php?rest_route=%2Fwp%2Fv2%2Fcomments&post=386"}],"version-history":[{"count":0,"href":"https:\/\/aifonline.net\/index.php?rest_route=\/wp\/v2\/posts\/386\/revisions"}],"wp:attachment":[{"href":"https:\/\/aifonline.net\/index.php?rest_route=%2Fwp%2Fv2%2Fmedia&parent=386"}],"wp:term":[{"taxonomy":"category","embeddable":true,"href":"https:\/\/aifonline.net\/index.php?rest_route=%2Fwp%2Fv2%2Fcategories&post=386"},{"taxonomy":"post_tag","embeddable":true,"href":"https:\/\/aifonline.net\/index.php?rest_route=%2Fwp%2Fv2%2Ftags&post=386"},{"taxonomy":"table_tags","embeddable":true,"href":"https:\/\/aifonline.net\/index.php?rest_route=%2Fwp%2Fv2%2Ftable_tags&post=386"}],"curies":[{"name":"wp","href":"https:\/\/api.w.org\/{rel}","templated":true}]}}