{"id":389,"date":"2014-05-04T20:32:15","date_gmt":"2014-05-04T18:32:15","guid":{"rendered":"http:\/\/yamieux.fr\/?p=389"},"modified":"2014-05-04T20:32:15","modified_gmt":"2014-05-04T18:32:15","slug":"guy-rayer-entre-au-conseil-municipal-de-courbevoie","status":"publish","type":"post","link":"https:\/\/aifonline.net\/?p=389","title":{"rendered":"Guy Rayer entre au conseil Municipal de Courbevoie"},"content":{"rendered":"<figure id=\"attachment_390\" aria-describedby=\"caption-attachment-390\" style=\"width: 250px\" class=\"wp-caption alignright\"><img decoding=\"async\" loading=\"lazy\" class=\"size-full wp-image-390\" src=\"https:\/\/aifonline.net\/wp-content\/uploads\/2019\/02\/guy_rayer.jpg\" alt=\"\" width=\"250\" height=\"282\" \/><figcaption id=\"caption-attachment-390\" class=\"wp-caption-text\">Guy Rayer<\/figcaption><\/figure>\n<p>Guy Rayer est n\u00e9 le 1er Juillet 1946 \u00e0 Paris 17\u00e8me.<br \/>\nClerc de notaire de formation, il a v\u00e9cu \u00e0 Paris dans le XIX\u00e8me arrondissement quelques d\u00e9cennies et s\u2019est li\u00e9 d\u2019amiti\u00e9 avec les membres de la Mutuelle dite \u00ab\u00a0 Amis Isra\u00e9lites de France\u00a0\u00bb il y a vingt cinq ans.<br \/>\nDepuis ce temps, ce parcours d\u2019amiti\u00e9 fut jalonn\u00e9 de moments forts, d\u2019\u00e9motion intense, et de proximit\u00e9 sans faille.<br \/>\nDe la c\u00e9l\u00e9bration des 70 ans des Amis Isra\u00e9lites de France dans les Salons du Pavillon Dauphine \u00e0 ce jour, sa pr\u00e9sence remarqu\u00e9e nous a toujours \u00e9t\u00e9 droit au c\u0153ur.<\/p>\n<p>Nos \u00e9v\u00e8nements familiaux, heureux ou tristes, ont marqu\u00e9 Guy Rayer, tant il a assist\u00e9 \u00e0 diff\u00e9rents rites du juda\u00efsme, auquel il n\u2019appartient pas.<br \/>\nAu c\u00f4t\u00e9 de notre Vice-Pr\u00e9sident Jacques Rozen lors de la naissance de ses petits-enfants, au c\u00f4t\u00e9 de notre Pr\u00e9sident Alain Kaminski pour accompagner \u00e0 sa derni\u00e8re demeure son p\u00e8re L\u00e9on pour lequel il avait beaucoup d\u2019affection, sa pr\u00e9sence est pass\u00e9e aussi par sa qualit\u00e9 de t\u00e9moin de moralit\u00e9 dans nos familles quand besoin s\u2019en faisait sentir, les \u00e9tudes notariales, il conna\u00eet bien. D\u2019ailleurs L\u00e9on Kaminski ne disait-il pas \u00e0 maintes reprises avec son regrett\u00e9 accent yiddish\u00a0: \u00ab Messi\u00e9 Guy, c\u2019est ine personne qu\u00e9\u00a0 j\u00e9 l\u2019appr\u00e9cie beaucoup, un homme bien\u00a0!\u00a0\u00bb.<\/p>\n<p>Mais ne passons pas sous silence d\u2019autres moments forts puisque Guy Rayer s\u2019est rendu \u00e0 trois reprises en Isra\u00ebl o\u00f9 il a sillonn\u00e9 tout le pays accompagnant une d\u00e9l\u00e9gation de l\u2019Appel Juif Unifi\u00e9 de France. Au cours de ces voyages, il a pu se rendre \u00e0 la lisi\u00e8re de la Bande de Gaza pour rencontrer les habitants de Sderot victimes des tirs de roquettes.<br \/>\nA l\u2019issue de cette visite au cours d\u2019une tr\u00e8s belle c\u00e9r\u00e9monie, Guy Rayer a \u00e9t\u00e9 fait citoyen d\u2019honneur de la ville de Sderot.<br \/>\nMais Guy Rayer s\u2019est aussi rendu \u00e0 Budapest avec l\u2019AUJF pour rendre visite \u00e0 la Communaut\u00e9 juive de Hongrie. La petite histoire nous apprendra qu\u2019un soir de shabbat au restaurant juif attenant de la Grande Synagogue de Budapest, un disjoncteur d\u00e9faillant a plong\u00e9 dans le noir tous les convives et Guy Rayer, non juif \u00a0et seul habilit\u00e9 \u00e0 appuyer sur le bouton a pu redonner la lumi\u00e8re pour le plus grand bonheur des convives.<br \/>\nIl y a cinq ans, Guy Rayer se recueillait sur le site d\u2019Auschwitz rendant hommage \u00e0 nos chers disparus.<\/p>\n<p>Depuis une dizaine d\u2019ann\u00e9es, Guy Rayer habite Courbevoie et il vient de faire son entr\u00e9e au Conseil municipal avec la d\u00e9l\u00e9gation au Commerce et \u00e0 l\u2019Artisanat.<br \/>\nNos nombreux soci\u00e9taires habitant Courbevoie auront certainement \u00e0 c\u0153ur de rencontrer ce nouvel \u00e9lu qui conna\u00eet si bien les Amis Isra\u00e9lites de France.<\/p>\n","protected":false},"excerpt":{"rendered":"<p>Guy Rayer est n\u00e9 le 1er Juillet 1946 \u00e0 Paris 17\u00e8me. Clerc de notaire de formation, il a v\u00e9cu \u00e0<\/p>\n","protected":false},"author":2,"featured_media":0,"comment_status":"open","ping_status":"open","sticky":false,"template":"","format":"standard","meta":{"_mi_skip_tracking":false,"_exactmetrics_sitenote_active":false,"_exactmetrics_sitenote_note":"","_exactmetrics_sitenote_category":0,"footnotes":""},"categories":[2],"tags":[],"table_tags":[],"_links":{"self":[{"href":"https:\/\/aifonline.net\/index.php?rest_route=\/wp\/v2\/posts\/389"}],"collection":[{"href":"https:\/\/aifonline.net\/index.php?rest_route=\/wp\/v2\/posts"}],"about":[{"href":"https:\/\/aifonline.net\/index.php?rest_route=\/wp\/v2\/types\/post"}],"author":[{"embeddable":true,"href":"https:\/\/aifonline.net\/index.php?rest_route=\/wp\/v2\/users\/2"}],"replies":[{"embeddable":true,"href":"https:\/\/aifonline.net\/index.php?rest_route=%2Fwp%2Fv2%2Fcomments&post=389"}],"version-history":[{"count":0,"href":"https:\/\/aifonline.net\/index.php?rest_route=\/wp\/v2\/posts\/389\/revisions"}],"wp:attachment":[{"href":"https:\/\/aifonline.net\/index.php?rest_route=%2Fwp%2Fv2%2Fmedia&parent=389"}],"wp:term":[{"taxonomy":"category","embeddable":true,"href":"https:\/\/aifonline.net\/index.php?rest_route=%2Fwp%2Fv2%2Fcategories&post=389"},{"taxonomy":"post_tag","embeddable":true,"href":"https:\/\/aifonline.net\/index.php?rest_route=%2Fwp%2Fv2%2Ftags&post=389"},{"taxonomy":"table_tags","embeddable":true,"href":"https:\/\/aifonline.net\/index.php?rest_route=%2Fwp%2Fv2%2Ftable_tags&post=389"}],"curies":[{"name":"wp","href":"https:\/\/api.w.org\/{rel}","templated":true}]}}