{"id":392,"date":"2013-12-18T20:33:20","date_gmt":"2013-12-18T19:33:20","guid":{"rendered":"http:\/\/yamieux.fr\/?p=392"},"modified":"2013-12-18T20:33:20","modified_gmt":"2013-12-18T19:33:20","slug":"le-crif-recu-a-lelysee","status":"publish","type":"post","link":"https:\/\/aifonline.net\/?p=392","title":{"rendered":"Le CRIF re\u00e7u \u00e0 l&#8217;Elys\u00e9e"},"content":{"rendered":"<p>Le 16 d\u00e9cembre 2013, le CRIF a \u00e9t\u00e9 re\u00e7u \u00e0 l&#8217;Elys\u00e9e \u00e0 l&#8217;occasion de son 70\u00e8me anniversaire au cours duquel le Pr\u00e9sident de la R\u00e9publique a rappel\u00e9 sa d\u00e9termination dans la lutte contre l&#8217;antis\u00e9mitisme en Fance.<br \/>\nLa F\u00e9d\u00e9ration des Soci\u00e9t\u00e9s Juives de France \u00e9tait pr\u00e9sente et repr\u00e9sent\u00e9e par notre Pr\u00e9sident Alain Kaminski, secr\u00e9taire g\u00e9n\u00e9ral de la FSJF.<\/p>\n","protected":false},"excerpt":{"rendered":"<p>Le 16 d\u00e9cembre 2013, le CRIF a \u00e9t\u00e9 re\u00e7u \u00e0 l&#8217;Elys\u00e9e \u00e0 l&#8217;occasion de son 70\u00e8me anniversaire au cours duquel<\/p>\n","protected":false},"author":2,"featured_media":0,"comment_status":"open","ping_status":"open","sticky":false,"template":"","format":"standard","meta":{"_mi_skip_tracking":false,"_exactmetrics_sitenote_active":false,"_exactmetrics_sitenote_note":"","_exactmetrics_sitenote_category":0,"footnotes":""},"categories":[2],"tags":[],"table_tags":[],"_links":{"self":[{"href":"https:\/\/aifonline.net\/index.php?rest_route=\/wp\/v2\/posts\/392"}],"collection":[{"href":"https:\/\/aifonline.net\/index.php?rest_route=\/wp\/v2\/posts"}],"about":[{"href":"https:\/\/aifonline.net\/index.php?rest_route=\/wp\/v2\/types\/post"}],"author":[{"embeddable":true,"href":"https:\/\/aifonline.net\/index.php?rest_route=\/wp\/v2\/users\/2"}],"replies":[{"embeddable":true,"href":"https:\/\/aifonline.net\/index.php?rest_route=%2Fwp%2Fv2%2Fcomments&post=392"}],"version-history":[{"count":0,"href":"https:\/\/aifonline.net\/index.php?rest_route=\/wp\/v2\/posts\/392\/revisions"}],"wp:attachment":[{"href":"https:\/\/aifonline.net\/index.php?rest_route=%2Fwp%2Fv2%2Fmedia&parent=392"}],"wp:term":[{"taxonomy":"category","embeddable":true,"href":"https:\/\/aifonline.net\/index.php?rest_route=%2Fwp%2Fv2%2Fcategories&post=392"},{"taxonomy":"post_tag","embeddable":true,"href":"https:\/\/aifonline.net\/index.php?rest_route=%2Fwp%2Fv2%2Ftags&post=392"},{"taxonomy":"table_tags","embeddable":true,"href":"https:\/\/aifonline.net\/index.php?rest_route=%2Fwp%2Fv2%2Ftable_tags&post=392"}],"curies":[{"name":"wp","href":"https:\/\/api.w.org\/{rel}","templated":true}]}}