{"id":3928,"date":"2023-04-02T09:08:00","date_gmt":"2023-04-02T07:08:00","guid":{"rendered":"http:\/\/aifonline.net\/?p=3928"},"modified":"2023-04-02T09:37:05","modified_gmt":"2023-04-02T07:37:05","slug":"portrait-pierre-flamenbaum-1922-2006","status":"publish","type":"post","link":"https:\/\/aifonline.net\/?p=3928","title":{"rendered":"Portrait : Pierre Flamenbaum (1922-2006)"},"content":{"rendered":"\n<p><strong><em>Par son \u00e9pouse (Sophie) et leurs enfants (Serge, G\u00e9rard et Michel)<\/em><\/strong><\/p>\n\n\n\n<div class=\"wp-block-media-text alignwide has-media-on-the-right is-stacked-on-mobile is-image-fill has-white-color has-text-color has-background\" style=\"background-color:#7495bc\"><div class=\"wp-block-media-text__content\">\n<p>Pierre Jacques Flamenbaum est n\u00e9 \u00e0 Paris le 22 F\u00e9vrier 1922 (22\/2\/22) date palindromique,&nbsp;de parents \u00e9migr\u00e9s d\u2019Europe centrale (Aizik-Beer de Radom et&nbsp;Odes Goldberg de Kobryn).&nbsp;<\/p>\n\n\n\n<p>Ils ont commenc\u00e9 \u00e0 b\u00e2tir leur vie dans la bonneterie et maroquinerie. Son jeune fr\u00e8re Bernard est n\u00e9 quelques ann\u00e9es plus tard. Pierre a fait des \u00e9tudes de&nbsp;comptabilit\u00e9 et a travaill\u00e9 d\u00e9j\u00e0 tr\u00e8s jeune pour une grande soci\u00e9t\u00e9 d\u2018import-export avec l\u2019Afrique.<\/p>\n\n\n\n<p><\/p>\n<\/div><figure class=\"wp-block-media-text__media\" style=\"background-image:url(https:\/\/aifonline.net\/wp-content\/uploads\/2023\/03\/pierre_flamenbaum5.jpg);background-position:38% 0%\"><img decoding=\"async\" loading=\"lazy\" width=\"370\" height=\"563\" src=\"https:\/\/aifonline.net\/wp-content\/uploads\/2023\/03\/pierre_flamenbaum5.jpg\" alt=\"\" class=\"wp-image-3932 size-full\" srcset=\"https:\/\/aifonline.net\/wp-content\/uploads\/2023\/03\/pierre_flamenbaum5.jpg 370w, https:\/\/aifonline.net\/wp-content\/uploads\/2023\/03\/pierre_flamenbaum5-197x300.jpg 197w\" sizes=\"(max-width: 370px) 100vw, 370px\" \/><\/figure><\/div>\n\n\n\n<div class=\"wp-block-media-text alignwide is-stacked-on-mobile is-image-fill has-gray-color has-light-gray-background-color has-text-color has-background\"><figure class=\"wp-block-media-text__media\" style=\"background-image:url(https:\/\/aifonline.net\/wp-content\/uploads\/2023\/03\/pierre_flamenbaum4.jpg);background-position:58% 7%\"><img decoding=\"async\" loading=\"lazy\" width=\"338\" height=\"703\" src=\"https:\/\/aifonline.net\/wp-content\/uploads\/2023\/03\/pierre_flamenbaum4.jpg\" alt=\"\" class=\"wp-image-3931 size-full\" srcset=\"https:\/\/aifonline.net\/wp-content\/uploads\/2023\/03\/pierre_flamenbaum4.jpg 338w, https:\/\/aifonline.net\/wp-content\/uploads\/2023\/03\/pierre_flamenbaum4-144x300.jpg 144w\" sizes=\"(max-width: 338px) 100vw, 338px\" \/><\/figure><div class=\"wp-block-media-text__content\">\n<figure class=\"wp-block-pullquote\"><blockquote><p><strong><em>Il a r\u00e9ussi \u00e0 rejoindre le maquis au sein de la r\u00e9sistance<\/em><\/strong><\/p><\/blockquote><\/figure>\n\n\n\n<p>Puis la guerre est arriv\u00e9e : malgr\u00e9&nbsp;de nombreuses p\u00e9rip\u00e9ties et risques encourus, ils ont, non sans mal, r\u00e9ussi \u00e0 passer la ligne de d\u00e9marcation et se sont&nbsp;install\u00e9s \u00e0 Lyon. Pierre a \u00e9t\u00e9 fait prisonnier de Ao\u00fbt \u00e0 Septembre 1943, enr\u00f4l\u00e9 pour le&nbsp;STO. Il a r\u00e9ussi \u00e0 rejoindre le maquis au sein de la r\u00e9sistance et a \u00e9t\u00e9&nbsp;reconnu par la suite comme ancien combattant.<br>Apr\u00e8s la guerre, il a d\u00fb faire son service militaire dans la cavalerie, il aimait monter sur son cheval nomm\u00e9 \u00ab&nbsp;Kiosk&nbsp;\u00bb.<\/p>\n\n\n\n<p><\/p>\n<\/div><\/div>\n\n\n\n<div class=\"wp-block-media-text alignwide has-media-on-the-right is-stacked-on-mobile is-image-fill has-white-color has-text-color has-background\" style=\"background-color:#7495bc\"><div class=\"wp-block-media-text__content\">\n<p>Puis parti de rien, il abandonne la comptabilit\u00e9 pour travailler dans la confection.<br>Il se marie \u00e0 Paris avec Sophie Kokusch (\u00ab&nbsp;Sossell\u00e9&nbsp;\u00bb) en 1954.<br><br>Ils s\u2019installent \u00e0 Brest pour d\u00e9marrer une nouvelle vie et tenter de prosp\u00e9rer. La famille s\u2019agrandit avec trois fils : Serge, G\u00e9rard et Michel devenus ensuite&nbsp;ing\u00e9nieur et docteurs en m\u00e9decine. Avec son \u00e9pouse qui a pris elle-m\u00eame une grande part des devoirs et charges dont celles professionnelles, ils ont construit&nbsp;leur avenir pas \u00e0 pas.&nbsp;<\/p>\n\n\n\n<p><\/p>\n<\/div><figure class=\"wp-block-media-text__media\" style=\"background-image:url(https:\/\/aifonline.net\/wp-content\/uploads\/2023\/03\/pierre_flamnebaum3.jpg);background-position:59% 4%\"><img decoding=\"async\" loading=\"lazy\" width=\"393\" height=\"464\" src=\"https:\/\/aifonline.net\/wp-content\/uploads\/2023\/03\/pierre_flamnebaum3.jpg\" alt=\"\" class=\"wp-image-3939 size-full\" srcset=\"https:\/\/aifonline.net\/wp-content\/uploads\/2023\/03\/pierre_flamnebaum3.jpg 393w, https:\/\/aifonline.net\/wp-content\/uploads\/2023\/03\/pierre_flamnebaum3-254x300.jpg 254w\" sizes=\"(max-width: 393px) 100vw, 393px\" \/><\/figure><\/div>\n\n\n\n<div class=\"wp-block-media-text alignwide is-stacked-on-mobile is-image-fill has-gray-color has-light-gray-background-color has-text-color has-background\"><figure class=\"wp-block-media-text__media\" style=\"background-image:url(https:\/\/aifonline.net\/wp-content\/uploads\/2023\/03\/pierre_flamenbaum7-1.jpg);background-position:90% 24%\"><img decoding=\"async\" loading=\"lazy\" width=\"427\" height=\"505\" src=\"https:\/\/aifonline.net\/wp-content\/uploads\/2023\/03\/pierre_flamenbaum7-1.jpg\" alt=\"\" class=\"wp-image-3941 size-full\" srcset=\"https:\/\/aifonline.net\/wp-content\/uploads\/2023\/03\/pierre_flamenbaum7-1.jpg 427w, https:\/\/aifonline.net\/wp-content\/uploads\/2023\/03\/pierre_flamenbaum7-1-254x300.jpg 254w\" sizes=\"(max-width: 427px) 100vw, 427px\" \/><\/figure><div class=\"wp-block-media-text__content\">\n<figure class=\"wp-block-pullquote\"><blockquote><p><strong><em>Transmettre le devoir de m\u00e9moire de la Shoah<\/em><\/strong><\/p><\/blockquote><\/figure>\n\n\n\n<p>Il a men\u00e9 sa vie professionnelle et priv\u00e9e en bravant les difficult\u00e9s dans le seul but de perp\u00e9tuer la s\u00e9curit\u00e9 pour Sophie, ses enfants et ses petits-enfants \u00ab&nbsp;qui&nbsp;repr\u00e9sentent toute sa vie&nbsp;\u00bb comme il le disait. Il ne s\u2019est jamais d\u00e9tourn\u00e9 de ses objectifs dont l\u2019un \u00e9tait de transmettre le devoir de m\u00e9moire de la Shoah. F\u00e9ru&nbsp;d\u2019histoire, il passait toujours le temps n\u00e9cessaire pour la raconter. Il \u00e9tait toujours \u00e9cout\u00e9.&nbsp;<\/p>\n\n\n\n<p><\/p>\n<\/div><\/div>\n\n\n\n<div class=\"wp-block-media-text alignwide has-media-on-the-right is-stacked-on-mobile is-image-fill has-white-color has-text-color has-background\" style=\"background-color:#7495bc\"><div class=\"wp-block-media-text__content\">\n<figure class=\"wp-block-pullquote has-white-color has-text-color\"><blockquote><p><strong><em>Passionn\u00e9 de musique, violoniste, tout comme son p\u00e8re<\/em><\/strong><\/p><\/blockquote><\/figure>\n\n\n\n<p class=\"has-white-color has-text-color\">Il adorait la cuisine que Sophie lui concoctait, dans la tradition Ashk\u00e9naze et tout particuli\u00e8rement les p\u00e2tisseries.&nbsp;Outre son c\u00f4t\u00e9 gourmand, il \u00e9tait aussi&nbsp;passionn\u00e9 de musique, violoniste, tout comme son p\u00e8re, et \u00e0 ses temps perdus en jouait, surtout des morceaux d\u2019Europe centrale, Tzigane et Yiddish. Tous les&nbsp;deux ont transmis la passion de la musique \u00e0 leurs fils.<\/p>\n\n\n\n<p>Avec son \u00e9pouse, ils n\u2019ont eu de cesse, parall\u00e8lement \u00e0 la bonne marche de leur commerce, d\u2019assurer l\u2019\u00e9ducation de leurs fils jusqu\u2019aux dipl\u00f4mes. Toujours&nbsp;attach\u00e9 aux valeurs du Juda\u00efsme, Pierre devient plus tard le Pr\u00e9sident de la Communaut\u00e9 Isra\u00e9lite de Brest \u00e9paul\u00e9 activement par Sophie. Il a toujours r\u00e9pondu&nbsp;pr\u00e9sent \u00e0 toutes les c\u00e9r\u00e9monies officielles, dont celles annuelles de la rafle du Vel D\u2019hiv, des c\u00e9r\u00e9monies comm\u00e9moratives des pers\u00e9cutions racistes et&nbsp;antis\u00e9mites, et aux dates anniversaires des lib\u00e9rations des camps d\u2019extermination.<\/p>\n\n\n\n<p><\/p>\n<\/div><figure class=\"wp-block-media-text__media\" style=\"background-image:url(https:\/\/aifonline.net\/wp-content\/uploads\/2023\/03\/pierre_flamenbaum6.jpg);background-position:23% 21%\"><img decoding=\"async\" loading=\"lazy\" width=\"437\" height=\"440\" src=\"https:\/\/aifonline.net\/wp-content\/uploads\/2023\/03\/pierre_flamenbaum6.jpg\" alt=\"\" class=\"wp-image-3933 size-full\" srcset=\"https:\/\/aifonline.net\/wp-content\/uploads\/2023\/03\/pierre_flamenbaum6.jpg 437w, https:\/\/aifonline.net\/wp-content\/uploads\/2023\/03\/pierre_flamenbaum6-298x300.jpg 298w, https:\/\/aifonline.net\/wp-content\/uploads\/2023\/03\/pierre_flamenbaum6-150x150.jpg 150w\" sizes=\"(max-width: 437px) 100vw, 437px\" \/><\/figure><\/div>\n\n\n\n<div class=\"wp-block-media-text alignwide is-stacked-on-mobile is-image-fill has-gray-color has-light-gray-background-color has-text-color has-background\"><figure class=\"wp-block-media-text__media\" style=\"background-image:url(https:\/\/aifonline.net\/wp-content\/uploads\/2023\/03\/pierre_flamenbaum10-1.jpg);background-position:50% 50%\"><img decoding=\"async\" loading=\"lazy\" width=\"453\" height=\"341\" src=\"https:\/\/aifonline.net\/wp-content\/uploads\/2023\/03\/pierre_flamenbaum10-1.jpg\" alt=\"\" class=\"wp-image-3946 size-full\" srcset=\"https:\/\/aifonline.net\/wp-content\/uploads\/2023\/03\/pierre_flamenbaum10-1.jpg 453w, https:\/\/aifonline.net\/wp-content\/uploads\/2023\/03\/pierre_flamenbaum10-1-300x226.jpg 300w\" sizes=\"(max-width: 453px) 100vw, 453px\" \/><\/figure><div class=\"wp-block-media-text__content\">\n<figure class=\"wp-block-pullquote\"><blockquote><p><strong><em>Racisme et antis\u00e9mitisme : l&#8217;hommage aux Justes<\/em><\/strong><\/p><cite>Article du T\u00e9l\u00e9gramme publi\u00e9 le 19 juillet 2004<\/cite><\/blockquote><\/figure>\n\n\n\n<p>Beaucoup de solennit\u00e9, hier matin, place Saint-Mathieu lors de la comm\u00e9moration \u00e0 la m\u00e9moire des victimes des crimes racistes et antis\u00e9mites de&nbsp;l&#8217;Etat fran\u00e7ais et l&#8217;hommage aux \u00ab&nbsp;Justes&nbsp;\u00bb de France.<br><em>\u00ab&nbsp;Il faut savoir que chacun de nous ici pr\u00e9sent est un rescap\u00e9 de la Shoah&nbsp;\u00bb<\/em>, a rappel\u00e9 dans son discours M. Pierre Flamenbaum, pr\u00e9sident de la communaut\u00e9&nbsp;isra\u00e9lite de Brest, en pr\u00e9sence de Bernard Poignant, d\u00e9put\u00e9 europ\u00e9en, Marcelle Ramonet, d\u00e9put\u00e9e et Alain G\u00e9rard, s\u00e9nateur maire.&nbsp;<\/p>\n\n\n\n<p><\/p>\n<\/div><\/div>\n\n\n\n<div class=\"wp-block-media-text alignwide has-media-on-the-right is-stacked-on-mobile is-image-fill has-white-color has-text-color has-background\" style=\"background-color:#7495bc\"><div class=\"wp-block-media-text__content\">\n<p>A eux deux ils ont fait preuve d\u2019altruisme pour continuer \u00e0 d\u00e9velopper la communaut\u00e9 isra\u00e9lite de Brest \u00e0 laquelle ils sont rest\u00e9s toujours tr\u00e8s attach\u00e9s, dans un&nbsp;esprit toujours familial, de ferveur et d\u2019empathie.&nbsp;<\/p>\n\n\n\n<p>Il laisse \u00e0 tous, depuis Ao\u00fbt 2006 (20 Av 5766), une image permanente de p\u00e8re de famille et d\u2019\u00e9poux incarnant le sacrifice pour sa famille, ses enfants et&nbsp;petits-enfants, la transmission du devoir, la loyaut\u00e9, la droiture, l\u2019int\u00e9grit\u00e9, l\u2019honn\u00eatet\u00e9, la gentillesse et la bont\u00e9. Son parcours de vie fut \u00e9maill\u00e9 de difficult\u00e9s&nbsp;r\u00e9p\u00e9t\u00e9es, mais c\u2019\u00e9tait un battant ; malgr\u00e9 cela il consacrait du temps \u00e0 aider et conseiller ceux qui le sollicitaient. Un \u00e9tat d\u2019esprit tout simplement\u2026.<\/p>\n\n\n\n<p>Un mari, un p\u00e8re et grand-p\u00e8re que nous continuons \u00e0 honorer pour tout ce qu\u2019il a \u0153uvr\u00e9.<\/p>\n\n\n\n<p><\/p>\n<\/div><figure class=\"wp-block-media-text__media\" style=\"background-image:url(https:\/\/aifonline.net\/wp-content\/uploads\/2023\/03\/pierre_flamenbaum1.jpg);background-position:48% 45%\"><img decoding=\"async\" loading=\"lazy\" width=\"453\" height=\"552\" src=\"https:\/\/aifonline.net\/wp-content\/uploads\/2023\/03\/pierre_flamenbaum1.jpg\" alt=\"\" class=\"wp-image-3930 size-full\" srcset=\"https:\/\/aifonline.net\/wp-content\/uploads\/2023\/03\/pierre_flamenbaum1.jpg 453w, https:\/\/aifonline.net\/wp-content\/uploads\/2023\/03\/pierre_flamenbaum1-246x300.jpg 246w\" sizes=\"(max-width: 453px) 100vw, 453px\" \/><\/figure><\/div>\n\n\n\n<p><strong><em>Album de famille<br><\/em><\/strong>(cliquez pour agrandir les photos)<\/p>\n\n\n\n<figure class=\"wp-block-gallery has-nested-images columns-default is-cropped wp-block-gallery-1 is-layout-flex wp-block-gallery-is-layout-flex\">\n<figure class=\"wp-block-image size-large\"><a href=\"https:\/\/aifonline.net\/wp-content\/uploads\/2023\/03\/pierre_flamenbaum9.jpg\"><img decoding=\"async\" loading=\"lazy\" width=\"453\" height=\"296\" data-id=\"3936\" src=\"https:\/\/aifonline.net\/wp-content\/uploads\/2023\/03\/pierre_flamenbaum9.jpg\" alt=\"\" class=\"wp-image-3936\" srcset=\"https:\/\/aifonline.net\/wp-content\/uploads\/2023\/03\/pierre_flamenbaum9.jpg 453w, https:\/\/aifonline.net\/wp-content\/uploads\/2023\/03\/pierre_flamenbaum9-300x196.jpg 300w\" sizes=\"(max-width: 453px) 100vw, 453px\" \/><\/a><figcaption class=\"wp-element-caption\">March\u00e9 \u00e0 Ch\u00e2teaulin en 1954<\/figcaption><\/figure>\n\n\n\n<figure class=\"wp-block-image size-large\"><a href=\"https:\/\/aifonline.net\/wp-content\/uploads\/2023\/03\/pierre_flamenbaum11.jpg\"><img decoding=\"async\" loading=\"lazy\" width=\"453\" height=\"263\" data-id=\"3992\" src=\"https:\/\/aifonline.net\/wp-content\/uploads\/2023\/03\/pierre_flamenbaum11.jpg\" alt=\"\" class=\"wp-image-3992\" srcset=\"https:\/\/aifonline.net\/wp-content\/uploads\/2023\/03\/pierre_flamenbaum11.jpg 453w, https:\/\/aifonline.net\/wp-content\/uploads\/2023\/03\/pierre_flamenbaum11-300x174.jpg 300w\" sizes=\"(max-width: 453px) 100vw, 453px\" \/><\/a><figcaption class=\"wp-element-caption\">Ouverture du nouveau magasin en 1968<\/figcaption><\/figure>\n\n\n\n<figure class=\"wp-block-image size-large\"><a href=\"https:\/\/aifonline.net\/wp-content\/uploads\/2023\/03\/pierre_flamnebaum2.jpg\"><img decoding=\"async\" loading=\"lazy\" width=\"354\" height=\"503\" data-id=\"3938\" src=\"https:\/\/aifonline.net\/wp-content\/uploads\/2023\/03\/pierre_flamnebaum2.jpg\" alt=\"\" class=\"wp-image-3938\" srcset=\"https:\/\/aifonline.net\/wp-content\/uploads\/2023\/03\/pierre_flamnebaum2.jpg 354w, https:\/\/aifonline.net\/wp-content\/uploads\/2023\/03\/pierre_flamnebaum2-211x300.jpg 211w\" sizes=\"(max-width: 354px) 100vw, 354px\" \/><\/a><figcaption class=\"wp-element-caption\">Pierre Flamenbaum \u00e0 la synagogue, ao\u00fbt 2003<\/figcaption><\/figure>\n<\/figure>\n\n\n\n<p><\/p>\n","protected":false},"excerpt":{"rendered":"<p>Par son \u00e9pouse (Sophie) et leurs enfants (Serge, G\u00e9rard et Michel) Pierre Jacques Flamenbaum est n\u00e9 \u00e0 Paris le 22<\/p>\n","protected":false},"author":1,"featured_media":0,"comment_status":"open","ping_status":"open","sticky":false,"template":"","format":"standard","meta":{"_mi_skip_tracking":false,"_exactmetrics_sitenote_active":false,"_exactmetrics_sitenote_note":"","_exactmetrics_sitenote_category":0,"footnotes":""},"categories":[84],"tags":[],"table_tags":[],"_links":{"self":[{"href":"https:\/\/aifonline.net\/index.php?rest_route=\/wp\/v2\/posts\/3928"}],"collection":[{"href":"https:\/\/aifonline.net\/index.php?rest_route=\/wp\/v2\/posts"}],"about":[{"href":"https:\/\/aifonline.net\/index.php?rest_route=\/wp\/v2\/types\/post"}],"author":[{"embeddable":true,"href":"https:\/\/aifonline.net\/index.php?rest_route=\/wp\/v2\/users\/1"}],"replies":[{"embeddable":true,"href":"https:\/\/aifonline.net\/index.php?rest_route=%2Fwp%2Fv2%2Fcomments&post=3928"}],"version-history":[{"count":42,"href":"https:\/\/aifonline.net\/index.php?rest_route=\/wp\/v2\/posts\/3928\/revisions"}],"predecessor-version":[{"id":4040,"href":"https:\/\/aifonline.net\/index.php?rest_route=\/wp\/v2\/posts\/3928\/revisions\/4040"}],"wp:attachment":[{"href":"https:\/\/aifonline.net\/index.php?rest_route=%2Fwp%2Fv2%2Fmedia&parent=3928"}],"wp:term":[{"taxonomy":"category","embeddable":true,"href":"https:\/\/aifonline.net\/index.php?rest_route=%2Fwp%2Fv2%2Fcategories&post=3928"},{"taxonomy":"post_tag","embeddable":true,"href":"https:\/\/aifonline.net\/index.php?rest_route=%2Fwp%2Fv2%2Ftags&post=3928"},{"taxonomy":"table_tags","embeddable":true,"href":"https:\/\/aifonline.net\/index.php?rest_route=%2Fwp%2Fv2%2Ftable_tags&post=3928"}],"curies":[{"name":"wp","href":"https:\/\/api.w.org\/{rel}","templated":true}]}}