{"id":396,"date":"2011-11-29T20:35:31","date_gmt":"2011-11-29T19:35:31","guid":{"rendered":"http:\/\/yamieux.fr\/?p=396"},"modified":"2011-11-29T20:35:31","modified_gmt":"2011-11-29T19:35:31","slug":"remise-de-la-medaille-des-justes","status":"publish","type":"post","link":"https:\/\/aifonline.net\/?p=396","title":{"rendered":"Remise de la m\u00e9daille des justes"},"content":{"rendered":"<p>Alain FRIED, Maire de LEVROUX et Fran\u00e7ois GUGUENHEIM, D\u00e9l\u00e9gu\u00e9 R\u00e9gional du Comit\u00e9 Fran\u00e7ais pour Yad Vashem vous invitent \u00e0 la c\u00e9r\u00e9monie au cours de laquelle Monsieur Elad RATSON, Directeur des relations publiques pr\u00e8s l\u2019Ambassade d\u2019Isra\u00ebl, remettra la M\u00e9daille des Justes parmi les Nations \u00e0 titre posthume \u00e0 Monsieur Louis et Madame Raymonde Charlotte GAUVIN et Monsieur Albert et Madame Jeanne PR\u00c9VAULT pour avoir sauv\u00e9 Mr Cili\u00e9 EPSTEINAS, son \u00e9pouse Zundelis et leur fils L\u00e9on, Monsieur Jacob ROZEN, son \u00e9pouse Chaya Golda LIWSZYC, Mr Charles ROZEN Ainsi que Mr David TAUB, le dimanche 11 d\u00e9cembre 2011 \u00e0 11h00, salle du Conseil Municipal, \u00e0 LEVROUX. Un vin d\u2019honneur sera offert \u00e0 l\u2019issue de la c\u00e9r\u00e9monie.<br \/>\nLa M\u00e9daille des Justes est d\u00e9cern\u00e9e par l\u2019institut Yad Vashem de J\u00e9rusalem aux personnes non juives qui ont sauv\u00e9s des Juifs sous l\u2019occupation, au p\u00e9ril de leur vie.<\/p>\n","protected":false},"excerpt":{"rendered":"<p>Alain FRIED, Maire de LEVROUX et Fran\u00e7ois GUGUENHEIM, D\u00e9l\u00e9gu\u00e9 R\u00e9gional du Comit\u00e9 Fran\u00e7ais pour Yad Vashem vous invitent \u00e0 la<\/p>\n","protected":false},"author":2,"featured_media":0,"comment_status":"open","ping_status":"open","sticky":false,"template":"","format":"standard","meta":{"_mi_skip_tracking":false,"_exactmetrics_sitenote_active":false,"_exactmetrics_sitenote_note":"","_exactmetrics_sitenote_category":0,"footnotes":""},"categories":[2],"tags":[],"table_tags":[],"_links":{"self":[{"href":"https:\/\/aifonline.net\/index.php?rest_route=\/wp\/v2\/posts\/396"}],"collection":[{"href":"https:\/\/aifonline.net\/index.php?rest_route=\/wp\/v2\/posts"}],"about":[{"href":"https:\/\/aifonline.net\/index.php?rest_route=\/wp\/v2\/types\/post"}],"author":[{"embeddable":true,"href":"https:\/\/aifonline.net\/index.php?rest_route=\/wp\/v2\/users\/2"}],"replies":[{"embeddable":true,"href":"https:\/\/aifonline.net\/index.php?rest_route=%2Fwp%2Fv2%2Fcomments&post=396"}],"version-history":[{"count":0,"href":"https:\/\/aifonline.net\/index.php?rest_route=\/wp\/v2\/posts\/396\/revisions"}],"wp:attachment":[{"href":"https:\/\/aifonline.net\/index.php?rest_route=%2Fwp%2Fv2%2Fmedia&parent=396"}],"wp:term":[{"taxonomy":"category","embeddable":true,"href":"https:\/\/aifonline.net\/index.php?rest_route=%2Fwp%2Fv2%2Fcategories&post=396"},{"taxonomy":"post_tag","embeddable":true,"href":"https:\/\/aifonline.net\/index.php?rest_route=%2Fwp%2Fv2%2Ftags&post=396"},{"taxonomy":"table_tags","embeddable":true,"href":"https:\/\/aifonline.net\/index.php?rest_route=%2Fwp%2Fv2%2Ftable_tags&post=396"}],"curies":[{"name":"wp","href":"https:\/\/api.w.org\/{rel}","templated":true}]}}