{"id":398,"date":"2019-02-10T20:37:27","date_gmt":"2019-02-10T19:37:27","guid":{"rendered":"http:\/\/yamieux.fr\/?p=398"},"modified":"2019-03-26T21:33:47","modified_gmt":"2019-03-26T20:33:47","slug":"naissance-de-samuel-benichou","status":"publish","type":"post","link":"https:\/\/aifonline.net\/?p=398","title":{"rendered":"Naissance de Samuel Benichou"},"content":{"rendered":"<p>Nous avons la joie de vous annoncer la naissance de Samuel Benichou le 1er f\u00e9vrier 2019 \u00e0 Paris, f\u00e9licitations \u00e0 l&#8217;arri\u00e8re-grand-m\u00e8re Regina Kaminski, aux grands-parents R\u00e9gine et G\u00e9rard Benichou et Michel Kaminski,\u00a0aux parents Laura et Laurent Benichou et aux fr\u00e8re et s\u0153urs Ava, Simon et Elsa.<\/p>\n<figure id=\"attachment_433\" aria-describedby=\"caption-attachment-433\" style=\"width: 702px\" class=\"wp-caption alignnone\"><img decoding=\"async\" loading=\"lazy\" class=\"size-full wp-image-433\" src=\"https:\/\/aifonline.net\/wp-content\/uploads\/2019\/02\/samuel_benichou.jpg\" alt=\"\" width=\"702\" height=\"702\" srcset=\"https:\/\/aifonline.net\/wp-content\/uploads\/2019\/02\/samuel_benichou.jpg 702w, https:\/\/aifonline.net\/wp-content\/uploads\/2019\/02\/samuel_benichou-150x150.jpg 150w, https:\/\/aifonline.net\/wp-content\/uploads\/2019\/02\/samuel_benichou-300x300.jpg 300w\" sizes=\"(max-width: 702px) 100vw, 702px\" \/><figcaption id=\"caption-attachment-433\" class=\"wp-caption-text\">Samuel Benichou<\/figcaption><\/figure>\n","protected":false},"excerpt":{"rendered":"<p>Nous avons la joie de vous annoncer la naissance de Samuel Benichou le 1er f\u00e9vrier 2019 \u00e0 Paris, f\u00e9licitations \u00e0<\/p>\n","protected":false},"author":2,"featured_media":0,"comment_status":"open","ping_status":"open","sticky":false,"template":"","format":"standard","meta":{"_mi_skip_tracking":false,"_exactmetrics_sitenote_active":false,"_exactmetrics_sitenote_note":"","_exactmetrics_sitenote_category":0,"footnotes":""},"categories":[32],"tags":[20],"table_tags":[],"_links":{"self":[{"href":"https:\/\/aifonline.net\/index.php?rest_route=\/wp\/v2\/posts\/398"}],"collection":[{"href":"https:\/\/aifonline.net\/index.php?rest_route=\/wp\/v2\/posts"}],"about":[{"href":"https:\/\/aifonline.net\/index.php?rest_route=\/wp\/v2\/types\/post"}],"author":[{"embeddable":true,"href":"https:\/\/aifonline.net\/index.php?rest_route=\/wp\/v2\/users\/2"}],"replies":[{"embeddable":true,"href":"https:\/\/aifonline.net\/index.php?rest_route=%2Fwp%2Fv2%2Fcomments&post=398"}],"version-history":[{"count":1,"href":"https:\/\/aifonline.net\/index.php?rest_route=\/wp\/v2\/posts\/398\/revisions"}],"predecessor-version":[{"id":687,"href":"https:\/\/aifonline.net\/index.php?rest_route=\/wp\/v2\/posts\/398\/revisions\/687"}],"wp:attachment":[{"href":"https:\/\/aifonline.net\/index.php?rest_route=%2Fwp%2Fv2%2Fmedia&parent=398"}],"wp:term":[{"taxonomy":"category","embeddable":true,"href":"https:\/\/aifonline.net\/index.php?rest_route=%2Fwp%2Fv2%2Fcategories&post=398"},{"taxonomy":"post_tag","embeddable":true,"href":"https:\/\/aifonline.net\/index.php?rest_route=%2Fwp%2Fv2%2Ftags&post=398"},{"taxonomy":"table_tags","embeddable":true,"href":"https:\/\/aifonline.net\/index.php?rest_route=%2Fwp%2Fv2%2Ftable_tags&post=398"}],"curies":[{"name":"wp","href":"https:\/\/api.w.org\/{rel}","templated":true}]}}