{"id":4012,"date":"2023-04-01T16:51:04","date_gmt":"2023-04-01T14:51:04","guid":{"rendered":"http:\/\/aifonline.net\/?p=4012"},"modified":"2023-04-01T17:01:43","modified_gmt":"2023-04-01T15:01:43","slug":"musique-yair-benaim-en-recital-avec-hugues-leclere","status":"publish","type":"post","link":"https:\/\/aifonline.net\/?p=4012","title":{"rendered":"Musique : Les compositeurs juifs oubli\u00e9s"},"content":{"rendered":"\n<p><strong><em>Par Ya\u00efr Bena\u00efm<\/em><\/strong><\/p>\n\n\n\n<p>Le mardi 18 Avril \u00e0 19h30 le violoniste Ya\u00efr Bena\u00efm et le pianiste\u00a0Hugues Lecl\u00e8re vous proposent de d\u00e9couvrir deux Compositeurs Juifs Oubli\u00e9s\u00a0:\u00a0Vladimir Dyck\u00a0et\u00a0Alexander Kre\u00efn.<br>Ce r\u00e9cital, dans le cadre intime de l\u2019auditorium de l\u2019Ecole Alsacienne, fera \u00e9galement\u00a0l\u2019objet d\u2019un travail des \u00e9l\u00e8ves de terminale sur les Compositeurs Juifs Oubli\u00e9s, un travail\u00a0de sensibilisation et de transmission.<\/p>\n\n\n\n<h4 class=\"wp-block-heading\">Programme du r\u00e9cital :<\/h4>\n\n\n\n<p><strong>Vladimir Dyck<\/strong> (1882-1943)<br><em>Kadisch<\/em>, pour violon et piano (1932)<br><br><strong>Alexander Kre\u00efn<\/strong> (1883-1951)<strong><br><\/strong><em>Caprice h\u00e9bra\u00efque<\/em>, pour violon et piano (1917)<br><br><strong>Paul Ben-Ha\u00efm<br><\/strong><em>Berceuse sefaradite<\/em> (1945)<br><br><strong>Marc Lavry<\/strong> (1903-1967)<strong><br><\/strong><em>Hora<\/em> (1950)<br><br>Suivi en deuxi\u00e8me partie de concert de la magnifique sonate de Franck\u00a0pour violon et piano.<br><br>R\u00e9servation sur internet uniquement, pas de billetterie sur place.<br>Prix des places : 40\u20ac, 10\u20ac pour les moins de 16 ans et 15\u20ac pour les parents d\u2019\u00e9l\u00e8ves de\u00a0l\u2019\u00e9cole alsacienne\u00a0<\/p>\n\n\n\n<ul><\/ul>\n\n\n\n<div class=\"wp-block-buttons is-layout-flex wp-block-buttons-is-layout-flex\">\n<div class=\"wp-block-button is-style-fill\"><a class=\"wp-block-button__link wp-element-button\" href=\"https:\/\/www.openchamberorchestra.com\/events\/recital-yair-benaim-hugues-leclere\" style=\"border-radius:20px\" target=\"_blank\" rel=\"noreferrer noopener\"><strong>R\u00c9SERVER<\/strong><\/a><\/div>\n<\/div>\n","protected":false},"excerpt":{"rendered":"<p>Par Ya\u00efr Bena\u00efm Le mardi 18 Avril \u00e0 19h30 le violoniste Ya\u00efr Bena\u00efm et le pianiste\u00a0Hugues Lecl\u00e8re vous proposent de<\/p>\n","protected":false},"author":1,"featured_media":0,"comment_status":"open","ping_status":"open","sticky":false,"template":"","format":"standard","meta":{"_mi_skip_tracking":false,"_exactmetrics_sitenote_active":false,"_exactmetrics_sitenote_note":"","_exactmetrics_sitenote_category":0,"footnotes":""},"categories":[71],"tags":[87],"table_tags":[],"_links":{"self":[{"href":"https:\/\/aifonline.net\/index.php?rest_route=\/wp\/v2\/posts\/4012"}],"collection":[{"href":"https:\/\/aifonline.net\/index.php?rest_route=\/wp\/v2\/posts"}],"about":[{"href":"https:\/\/aifonline.net\/index.php?rest_route=\/wp\/v2\/types\/post"}],"author":[{"embeddable":true,"href":"https:\/\/aifonline.net\/index.php?rest_route=\/wp\/v2\/users\/1"}],"replies":[{"embeddable":true,"href":"https:\/\/aifonline.net\/index.php?rest_route=%2Fwp%2Fv2%2Fcomments&post=4012"}],"version-history":[{"count":10,"href":"https:\/\/aifonline.net\/index.php?rest_route=\/wp\/v2\/posts\/4012\/revisions"}],"predecessor-version":[{"id":4022,"href":"https:\/\/aifonline.net\/index.php?rest_route=\/wp\/v2\/posts\/4012\/revisions\/4022"}],"wp:attachment":[{"href":"https:\/\/aifonline.net\/index.php?rest_route=%2Fwp%2Fv2%2Fmedia&parent=4012"}],"wp:term":[{"taxonomy":"category","embeddable":true,"href":"https:\/\/aifonline.net\/index.php?rest_route=%2Fwp%2Fv2%2Fcategories&post=4012"},{"taxonomy":"post_tag","embeddable":true,"href":"https:\/\/aifonline.net\/index.php?rest_route=%2Fwp%2Fv2%2Ftags&post=4012"},{"taxonomy":"table_tags","embeddable":true,"href":"https:\/\/aifonline.net\/index.php?rest_route=%2Fwp%2Fv2%2Ftable_tags&post=4012"}],"curies":[{"name":"wp","href":"https:\/\/api.w.org\/{rel}","templated":true}]}}