{"id":4087,"date":"2023-04-29T16:07:43","date_gmt":"2023-04-29T14:07:43","guid":{"rendered":"http:\/\/aifonline.net\/?p=4087"},"modified":"2023-05-01T16:43:48","modified_gmt":"2023-05-01T14:43:48","slug":"cinema-la-conference","status":"publish","type":"post","link":"https:\/\/aifonline.net\/?p=4087","title":{"rendered":"Cin\u00e9ma : La Conf\u00e9rence, \u00e0 voir absolument"},"content":{"rendered":"\n<p><strong><em>Par Jacques Rozen<\/em><\/strong><\/p>\n\n\n\n<p>Titre : La Conf\u00e9rence<br>R\u00e9alisateur : Matti Geschonneck<\/p>\n\n\n\n<p>Le 20 janvier 1942, le nazi Reinhard Heydrich, G\u00e9n\u00e9ral des SS, chef de l\u2019Office central de la s\u00fbret\u00e9 du Reich, chef de la SiPo (Police et\u00a0S\u00fbret\u00e9) et du SD (service de la s\u00e9curit\u00e9 et du renseignement) convoque quatorze dirigeants nazis \u00e0 Wannsee pour lancer \u00ab\u00a0la solution finale de la\u00a0question juive en Europe\u00a0\u00bb. A eux quinze ils vont mettre en place l\u2019organisation scientifique, industrielle de la planification de l\u2019assassinat en\u00a0masse de millions de juifs.\u00a0<\/p>\n\n\n\n<p>C\u2019est \u00e0 cette conf\u00e9rence qui s\u2019est d\u00e9roul\u00e9e il y a plus de 80 ans que nous assistons. Il s\u2019agit d\u2019une r\u00e9union qui regroupe les principaux\u00a0responsables des diff\u00e9rents minist\u00e8res (Affaires \u00e9trang\u00e8res, Int\u00e9rieur), des \u00e9missaires des provinces conquises ( Pologne, Lettonie\u2026), du\u00a0parti nazi\u2026\u00a0Aucun des responsables pr\u00e9sents \u00e0 la r\u00e9union ne souleva d&#8217;objection \u00e0 la politique de solution finale annonc\u00e9e par Heydrich.\u00a0Ils ne pourront pas dire qu\u2019ils ne savaient pas, et nous ne pouvons que constater qu\u2019en deux heures tous se sont accord\u00e9s sur un plan\u00a0d\u2019\u00e9limination du peuple juif.\u00a0<\/p>\n\n\n\n<p>C\u2019est sans doute ainsi que s\u2019est d\u00e9roul\u00e9e cette conf\u00e9rence, avec le s\u00e9rieux, les donn\u00e9es chiffr\u00e9es, la haine sous-jacente, le manque total\u00a0d\u2019empathie, bref une organisation scientifique pouss\u00e9e \u00e0 l\u2019extr\u00eame qui a \u00e9t\u00e9 mise en \u0153uvre avec rigueur et a conduit \u00e0 l\u2019assassinat, le\u00a0meurtre de plus de six millions de juifs.<\/p>\n\n\n\n<p>Nous assistons aux d\u00e9bats froids, aux \u00e9changes sans \u00e9tats d\u2019\u00e2me mais aussi aux man\u0153uvres de couloir, au jeu de pouvoir des factions\u00a0nazis. Mais en arri\u00e8re-plan, c\u2019est la disparition des juifs d\u2019Europe.<\/p>\n\n\n\n<figure class=\"wp-block-embed is-type-video is-provider-youtube wp-block-embed-youtube wp-embed-aspect-16-9 wp-has-aspect-ratio\"><div class=\"wp-block-embed__wrapper\">\n<iframe loading=\"lazy\" title=\"LA CONF\u00c9RENCE Bande Annonce (2023) Drame\" width=\"910\" height=\"512\" src=\"https:\/\/www.youtube.com\/embed\/o8xW9ARZrOo?feature=oembed\" frameborder=\"0\" allow=\"accelerometer; autoplay; clipboard-write; encrypted-media; gyroscope; picture-in-picture; web-share\" allowfullscreen><\/iframe>\n<\/div><figcaption class=\"wp-element-caption\">La Conf\u00e9rence, 2022<\/figcaption><\/figure>\n\n\n\n<p>Matti Geschonneck a fini ce film pour l\u2019anniversaire des 80 ans de la Conf\u00e9rence de Wannsee.<br>C\u2019est \u00e0 voir, \u00e0 faire voir, \u00e0 commenter et \u00e0 diffuser.<br>Ne soyez pas \u00e9tonn\u00e9s la musique est absente du film, c\u2019est voulu comme l\u2019explique Matti, car la musique est s\u00e9ductrice, elle peut \u00eatre soit&nbsp;dangereuse soit vertueuse, et nous n\u2019en avons pas besoin, les faits, seulement les faits.<\/p>\n","protected":false},"excerpt":{"rendered":"<p>Par Jacques Rozen Titre : La Conf\u00e9renceR\u00e9alisateur : Matti Geschonneck Le 20 janvier 1942, le nazi Reinhard Heydrich, G\u00e9n\u00e9ral des<\/p>\n","protected":false},"author":1,"featured_media":0,"comment_status":"open","ping_status":"open","sticky":false,"template":"","format":"standard","meta":{"_mi_skip_tracking":false,"_exactmetrics_sitenote_active":false,"_exactmetrics_sitenote_note":"","_exactmetrics_sitenote_category":0,"footnotes":""},"categories":[6,90,29],"tags":[78,39],"table_tags":[],"_links":{"self":[{"href":"https:\/\/aifonline.net\/index.php?rest_route=\/wp\/v2\/posts\/4087"}],"collection":[{"href":"https:\/\/aifonline.net\/index.php?rest_route=\/wp\/v2\/posts"}],"about":[{"href":"https:\/\/aifonline.net\/index.php?rest_route=\/wp\/v2\/types\/post"}],"author":[{"embeddable":true,"href":"https:\/\/aifonline.net\/index.php?rest_route=\/wp\/v2\/users\/1"}],"replies":[{"embeddable":true,"href":"https:\/\/aifonline.net\/index.php?rest_route=%2Fwp%2Fv2%2Fcomments&post=4087"}],"version-history":[{"count":10,"href":"https:\/\/aifonline.net\/index.php?rest_route=\/wp\/v2\/posts\/4087\/revisions"}],"predecessor-version":[{"id":4154,"href":"https:\/\/aifonline.net\/index.php?rest_route=\/wp\/v2\/posts\/4087\/revisions\/4154"}],"wp:attachment":[{"href":"https:\/\/aifonline.net\/index.php?rest_route=%2Fwp%2Fv2%2Fmedia&parent=4087"}],"wp:term":[{"taxonomy":"category","embeddable":true,"href":"https:\/\/aifonline.net\/index.php?rest_route=%2Fwp%2Fv2%2Fcategories&post=4087"},{"taxonomy":"post_tag","embeddable":true,"href":"https:\/\/aifonline.net\/index.php?rest_route=%2Fwp%2Fv2%2Ftags&post=4087"},{"taxonomy":"table_tags","embeddable":true,"href":"https:\/\/aifonline.net\/index.php?rest_route=%2Fwp%2Fv2%2Ftable_tags&post=4087"}],"curies":[{"name":"wp","href":"https:\/\/api.w.org\/{rel}","templated":true}]}}