{"id":4094,"date":"2023-05-01T13:52:00","date_gmt":"2023-05-01T11:52:00","guid":{"rendered":"http:\/\/aifonline.net\/?p=4094"},"modified":"2023-05-26T14:10:46","modified_gmt":"2023-05-26T12:10:46","slug":"portrait-rene-david-saban-1914-2006","status":"publish","type":"post","link":"https:\/\/aifonline.net\/?p=4094","title":{"rendered":"Portrait : Ren\u00e9 David Saban (1914-2006)"},"content":{"rendered":"\n<p><strong><em>Par sa fille Chantal Rozen<\/em><\/strong><\/p>\n\n\n\n<div class=\"wp-block-media-text alignwide has-media-on-the-right is-stacked-on-mobile is-image-fill has-background\" style=\"background-color:#7495bc\"><div class=\"wp-block-media-text__content\">\n<p class=\"has-white-color has-text-color\">Ren\u00e9 David Saban na\u00eet \u00e0 Sfax en Tunisie le 26 avril 1914. Il est le septi\u00e8me&nbsp;et dernier enfant de Gina Ankri et Joseph Saban. Il a vingt ans d\u2019\u00e9cart&nbsp;avec sa s\u0153ur a\u00een\u00e9e.&nbsp;Ren\u00e9 a une jeunesse tr\u00e8s agr\u00e9able \u00e0 Sfax, il a deux passions, ses copains des groupes de jeunesse, les \u00e9claireurs&nbsp;isra\u00e9lites, mais aussi la boxe. Son premier m\u00e9tier, bijoutier l\u2019am\u00e8ne \u00e0 s\u2019installer dans la m\u00e9dina mais tr\u00e8s vite il d\u00e9cide d\u2019aller \u00e0 Paris o\u00f9 vit d\u00e9j\u00e0&nbsp;un de ses fr\u00e8res, L\u00e9on.<br>Il s\u2019installe dans le 15\u00e8me&nbsp;arrondissement&nbsp;et r\u00e9ussit \u00e0 traverser les ann\u00e9es de guerre en restant \u00e0 Paris. Pour \u00e9chapper aux nazis il a des faux&nbsp;papiers qu\u2019il gardera toute sa vie. Il retire son pr\u00e9nom David et change sa date de naissance. Quand il est arr\u00eat\u00e9, il parle en arabe pour que les&nbsp;nazis ne s\u2019aper\u00e7oivent pas qu\u2019il est juif. Mais il lui faut quitter Paris pour la zone libre, il arrive dans le d\u00e9partement des Deux-S\u00e8vres o\u00f9 il trouve&nbsp;refuge aupr\u00e8s d\u2019un homme de c\u0153ur qui \u00e9tait cordonnier et marchand de chaussures, Monsieur Amiot.<br>Toute la famille gardera des relations amicales avec lui et sa famille.<\/p>\n\n\n\n<p><\/p>\n<\/div><figure class=\"wp-block-media-text__media\" style=\"background-image:url(https:\/\/aifonline.net\/wp-content\/uploads\/2023\/04\/Rene-David-Saban1-702x1024.jpg);background-position:56% 27%\"><img decoding=\"async\" loading=\"lazy\" width=\"702\" height=\"1024\" src=\"https:\/\/aifonline.net\/wp-content\/uploads\/2023\/04\/Rene-David-Saban1-702x1024.jpg\" alt=\"\" class=\"wp-image-4095 size-full\" srcset=\"https:\/\/aifonline.net\/wp-content\/uploads\/2023\/04\/Rene-David-Saban1-702x1024.jpg 702w, https:\/\/aifonline.net\/wp-content\/uploads\/2023\/04\/Rene-David-Saban1-206x300.jpg 206w, https:\/\/aifonline.net\/wp-content\/uploads\/2023\/04\/Rene-David-Saban1-768x1120.jpg 768w, https:\/\/aifonline.net\/wp-content\/uploads\/2023\/04\/Rene-David-Saban1-1054x1536.jpg 1054w, https:\/\/aifonline.net\/wp-content\/uploads\/2023\/04\/Rene-David-Saban1.jpg 1372w\" sizes=\"(max-width: 702px) 100vw, 702px\" \/><\/figure><\/div>\n\n\n\n<div class=\"wp-block-media-text alignwide is-stacked-on-mobile is-image-fill has-gray-color has-light-gray-background-color has-text-color has-background\"><figure class=\"wp-block-media-text__media\" style=\"background-image:url(https:\/\/aifonline.net\/wp-content\/uploads\/2023\/04\/Rene-David-Saban2-754x1024.jpg);background-position:35% 76%\"><img decoding=\"async\" loading=\"lazy\" width=\"754\" height=\"1024\" src=\"https:\/\/aifonline.net\/wp-content\/uploads\/2023\/04\/Rene-David-Saban2-754x1024.jpg\" alt=\"\" class=\"wp-image-4096 size-full\" srcset=\"https:\/\/aifonline.net\/wp-content\/uploads\/2023\/04\/Rene-David-Saban2-754x1024.jpg 754w, https:\/\/aifonline.net\/wp-content\/uploads\/2023\/04\/Rene-David-Saban2-221x300.jpg 221w, https:\/\/aifonline.net\/wp-content\/uploads\/2023\/04\/Rene-David-Saban2-768x1043.jpg 768w, https:\/\/aifonline.net\/wp-content\/uploads\/2023\/04\/Rene-David-Saban2-1131x1536.jpg 1131w, https:\/\/aifonline.net\/wp-content\/uploads\/2023\/04\/Rene-David-Saban2.jpg 1473w\" sizes=\"(max-width: 754px) 100vw, 754px\" \/><\/figure><div class=\"wp-block-media-text__content\">\n<p> \u00c0 la lib\u00e9ration, il prend des cours du&nbsp;soir et devient comptable.&nbsp;C\u2019est \u00e0 cette \u00e9poque qu\u2019il rencontre une belle blonde aux yeux bleus, Lucienne,&nbsp;d\u2019origine Lorraine, descendante de la famille Hanneau. Il l\u2019\u00e9pouse, ils ont trois enfants, Chantal, G\u00e9rard et&nbsp;Evelyne, tous membres des AIF.<br>Tous les soirs il leur raconte des histoires de son pays,&nbsp;soit des histoires dr\u00f4les, soit des histoires qui&nbsp;avaient un personnage inqui\u00e9tant comme h\u00e9ros, Karboun (le Charbonnier). Et ces m\u00eames histoires, il les&nbsp;racontera plus tard \u00e0 ses petits-enfants en se d\u00e9guisant, il aimait \u00eatre un peu farceur et faire rire. Ils se&nbsp;souviendront toujours des d\u00e9guisements qu\u2019il prenait, des blagues qu\u2019il faisait. Alors qu\u2019il vivait avec&nbsp;Lucienne et ses trois enfants dans un trois pi\u00e8ces, il accueille sa nombreuse famille lors de leur&nbsp;rapatriement de Tunisie et les aide \u00e0 s\u2019installer en France.<\/p>\n\n\n\n<p><\/p>\n<\/div><\/div>\n\n\n\n<div class=\"wp-block-media-text alignwide has-media-on-the-right is-stacked-on-mobile is-image-fill has-white-color has-text-color has-background\" style=\"background-color:#7495bc\"><div class=\"wp-block-media-text__content\">\n<p>Ren\u00e9 \u00e9tait tr\u00e8s attach\u00e9 aux Amis Isra\u00e9lites de France, il en \u00e9tait un soci\u00e9taire de longue date et ses trois enfants sont soci\u00e9taires \u00e9galement.&nbsp;Son gendre Jacques en est aujourd\u2019hui vice-pr\u00e9sident, son petit-fils Jeremy membre du Conseil d\u2019Administration, ainsi que le mari de sa petite-fille, Alexis. En 1999, \u00e0 la naissance de son arri\u00e8re-petit-fils Samuel, le Bureau offrit un petit paquet de cartes de visite sur lesquelles on&nbsp;pouvait lire : <em>Samuel Wargon, futur pr\u00e9sident des AIF.<\/em> Cette carte de visite est dans les archives des AIF.<\/p>\n\n\n\n<p><\/p>\n<\/div><figure class=\"wp-block-media-text__media\" style=\"background-image:url(https:\/\/aifonline.net\/wp-content\/uploads\/2023\/04\/Rene-David-Saban4-1024x758.jpg);background-position:48% 62%\"><img decoding=\"async\" loading=\"lazy\" width=\"1024\" height=\"758\" src=\"https:\/\/aifonline.net\/wp-content\/uploads\/2023\/04\/Rene-David-Saban4-1024x758.jpg\" alt=\"\" class=\"wp-image-4098 size-full\" srcset=\"https:\/\/aifonline.net\/wp-content\/uploads\/2023\/04\/Rene-David-Saban4-1024x758.jpg 1024w, https:\/\/aifonline.net\/wp-content\/uploads\/2023\/04\/Rene-David-Saban4-300x222.jpg 300w, https:\/\/aifonline.net\/wp-content\/uploads\/2023\/04\/Rene-David-Saban4-768x569.jpg 768w, https:\/\/aifonline.net\/wp-content\/uploads\/2023\/04\/Rene-David-Saban4-1536x1137.jpg 1536w, https:\/\/aifonline.net\/wp-content\/uploads\/2023\/04\/Rene-David-Saban4.jpg 2000w\" sizes=\"(max-width: 1024px) 100vw, 1024px\" \/><\/figure><\/div>\n\n\n\n<div class=\"wp-block-media-text alignwide is-stacked-on-mobile is-image-fill has-gray-color has-light-gray-background-color has-text-color has-background\"><figure class=\"wp-block-media-text__media\" style=\"background-image:url(https:\/\/aifonline.net\/wp-content\/uploads\/2023\/04\/Rene-David-Saban6-790x1024.jpg);background-position:0% 11%\"><img decoding=\"async\" loading=\"lazy\" width=\"790\" height=\"1024\" src=\"https:\/\/aifonline.net\/wp-content\/uploads\/2023\/04\/Rene-David-Saban6-790x1024.jpg\" alt=\"\" class=\"wp-image-4100 size-full\" srcset=\"https:\/\/aifonline.net\/wp-content\/uploads\/2023\/04\/Rene-David-Saban6-790x1024.jpg 790w, https:\/\/aifonline.net\/wp-content\/uploads\/2023\/04\/Rene-David-Saban6-231x300.jpg 231w, https:\/\/aifonline.net\/wp-content\/uploads\/2023\/04\/Rene-David-Saban6-768x996.jpg 768w, https:\/\/aifonline.net\/wp-content\/uploads\/2023\/04\/Rene-David-Saban6-1184x1536.jpg 1184w, https:\/\/aifonline.net\/wp-content\/uploads\/2023\/04\/Rene-David-Saban6.jpg 1542w\" sizes=\"(max-width: 790px) 100vw, 790px\" \/><\/figure><div class=\"wp-block-media-text__content\">\n<figure class=\"wp-block-pullquote\"><blockquote><p><strong><em>Ren\u00e9 a consacr\u00e9 sa&nbsp;vie, avec Lucienne, \u00e0 transmettre une \u00e9ducation juive<\/em><\/strong><\/p><\/blockquote><\/figure>\n\n\n\n<p>Avec Lucienne ils ont eu le bonheur d\u2019avoir huit petits-enfants et vingt deux arri\u00e8res petits-enfants qu\u2019ils n\u2019ont h\u00e9las pas tous connus. Ren\u00e9 a consacr\u00e9 sa&nbsp;vie, avec Lucienne, \u00e0 transmettre une \u00e9ducation juive. Parall\u00e8lement, avec ses fr\u00e8res en Loge, il reconstruisait le temple de Salomon, mais en&nbsp;attendant de reconstruire le Temple, il passait tous ses loisirs \u00e0 bricoler et \u00e0 am\u00e9nager leur petite maison de campagne dans l\u2019Yonne. C\u2019\u00e9tait un&nbsp;parfait bricoleur, toujours disponible.<br>Il nous quitte \u00e0 91 ans, en janvier 2006, entour\u00e9 de tous les siens. A la demande de Lucienne, son pr\u00e9nom David sera grav\u00e9 sur sa tombe.&nbsp;Lucienne d\u00e9c\u00e9dera en septembre 2008.<\/p>\n\n\n\n<p><\/p>\n<\/div><\/div>\n","protected":false},"excerpt":{"rendered":"<p>Par sa fille Chantal Rozen Ren\u00e9 David Saban na\u00eet \u00e0 Sfax en Tunisie le 26 avril 1914. Il est le<\/p>\n","protected":false},"author":1,"featured_media":0,"comment_status":"open","ping_status":"open","sticky":false,"template":"","format":"standard","meta":{"_mi_skip_tracking":false,"_exactmetrics_sitenote_active":false,"_exactmetrics_sitenote_note":"","_exactmetrics_sitenote_category":0,"footnotes":""},"categories":[84],"tags":[],"table_tags":[],"_links":{"self":[{"href":"https:\/\/aifonline.net\/index.php?rest_route=\/wp\/v2\/posts\/4094"}],"collection":[{"href":"https:\/\/aifonline.net\/index.php?rest_route=\/wp\/v2\/posts"}],"about":[{"href":"https:\/\/aifonline.net\/index.php?rest_route=\/wp\/v2\/types\/post"}],"author":[{"embeddable":true,"href":"https:\/\/aifonline.net\/index.php?rest_route=\/wp\/v2\/users\/1"}],"replies":[{"embeddable":true,"href":"https:\/\/aifonline.net\/index.php?rest_route=%2Fwp%2Fv2%2Fcomments&post=4094"}],"version-history":[{"count":24,"href":"https:\/\/aifonline.net\/index.php?rest_route=\/wp\/v2\/posts\/4094\/revisions"}],"predecessor-version":[{"id":4219,"href":"https:\/\/aifonline.net\/index.php?rest_route=\/wp\/v2\/posts\/4094\/revisions\/4219"}],"wp:attachment":[{"href":"https:\/\/aifonline.net\/index.php?rest_route=%2Fwp%2Fv2%2Fmedia&parent=4094"}],"wp:term":[{"taxonomy":"category","embeddable":true,"href":"https:\/\/aifonline.net\/index.php?rest_route=%2Fwp%2Fv2%2Fcategories&post=4094"},{"taxonomy":"post_tag","embeddable":true,"href":"https:\/\/aifonline.net\/index.php?rest_route=%2Fwp%2Fv2%2Ftags&post=4094"},{"taxonomy":"table_tags","embeddable":true,"href":"https:\/\/aifonline.net\/index.php?rest_route=%2Fwp%2Fv2%2Ftable_tags&post=4094"}],"curies":[{"name":"wp","href":"https:\/\/api.w.org\/{rel}","templated":true}]}}