{"id":4175,"date":"2023-06-08T10:22:00","date_gmt":"2023-06-08T08:22:00","guid":{"rendered":"http:\/\/aifonline.net\/?p=4175"},"modified":"2023-06-16T12:25:35","modified_gmt":"2023-06-16T10:25:35","slug":"maurice-huberman-1921-2009","status":"publish","type":"post","link":"https:\/\/aifonline.net\/?p=4175","title":{"rendered":"Portrait : Maurice Huberman (1921-2009)"},"content":{"rendered":"\n<p><strong><em>Par <em>les familles Huberman, Kaminski, Thibault-Guechpentz, ses proches<\/em><\/em><\/strong><\/p>\n\n\n\n<div class=\"wp-block-media-text alignwide has-media-on-the-right is-stacked-on-mobile is-image-fill has-background\" style=\"background-color:#7495bc\"><div class=\"wp-block-media-text__content\">\n<p class=\"has-white-color has-text-color\">Mendel Huberman naquit \u00e0 Varsovie le 18 septembre 1921. Il avait une s\u0153ur cadette, Chaja, n\u00e9e en janvier 1923.<br>Ils quitt\u00e8rent la Pologne avec leur m\u00e8re, Hanna en avril 1923 pour rejoindre leur p\u00e8re, Ha\u00efm Huberman \u00e0 Paris. Mendel avait deux ans, sa&nbsp;petite s\u0153ur \u00e9tait un b\u00e9b\u00e9.<br>Sa jeunesse fut paisible mais il quitte l\u2019\u00e9cole \u00e0 l\u2019\u00e2ge de 14 ans pour aider son p\u00e8re, il apprit ainsi le m\u00e9tier de tailleur qu\u2019il exercera&nbsp;jusqu\u2019en 1940.<\/p>\n<\/div><figure class=\"wp-block-media-text__media\" style=\"background-image:url(https:\/\/aifonline.net\/wp-content\/uploads\/2023\/05\/Mendel-Huberman17-683x1024.jpg);background-position:46% 5%\"><img decoding=\"async\" loading=\"lazy\" width=\"683\" height=\"1024\" src=\"https:\/\/aifonline.net\/wp-content\/uploads\/2023\/05\/Mendel-Huberman17-683x1024.jpg\" alt=\"\" class=\"wp-image-4221 size-full\" srcset=\"https:\/\/aifonline.net\/wp-content\/uploads\/2023\/05\/Mendel-Huberman17-683x1024.jpg 683w, https:\/\/aifonline.net\/wp-content\/uploads\/2023\/05\/Mendel-Huberman17-200x300.jpg 200w, https:\/\/aifonline.net\/wp-content\/uploads\/2023\/05\/Mendel-Huberman17.jpg 732w\" sizes=\"(max-width: 683px) 100vw, 683px\" \/><\/figure><\/div>\n\n\n\n<div class=\"wp-block-media-text alignwide is-stacked-on-mobile is-image-fill has-gray-color has-light-gray-background-color has-text-color has-background\"><figure class=\"wp-block-media-text__media\" style=\"background-image:url(https:\/\/aifonline.net\/wp-content\/uploads\/2023\/05\/Mendel-Huberman10-1.jpg);background-position:56% 7%\"><img decoding=\"async\" loading=\"lazy\" width=\"369\" height=\"525\" src=\"https:\/\/aifonline.net\/wp-content\/uploads\/2023\/05\/Mendel-Huberman10-1.jpg\" alt=\"\" class=\"wp-image-4192 size-full\" srcset=\"https:\/\/aifonline.net\/wp-content\/uploads\/2023\/05\/Mendel-Huberman10-1.jpg 369w, https:\/\/aifonline.net\/wp-content\/uploads\/2023\/05\/Mendel-Huberman10-1-211x300.jpg 211w\" sizes=\"(max-width: 369px) 100vw, 369px\" \/><\/figure><div class=\"wp-block-media-text__content\">\n<p>En cette m\u00eame ann\u00e9e 40, il \u00e9tait invit\u00e9 \u00e0 un mariage et c\u2019est l\u00e0 qu\u2019il rencontrera celle qui sera plus tard son \u00e9pouse, Dora Uszerowicz. Mais les \u00e9v\u00e8nements, le d\u00e9but de la guerre, vont les s\u00e9parer momentan\u00e9ment.<br>A l\u2019exode de 1940, il part avec son p\u00e8re pour Toulouse rejoindre des amis, sa m\u00e8re et sa s\u0153ur restant \u00e0 Paris dans leur appartement du boulevard Beaumarchais, croyant fermement que les femmes ne seraient pas inqui\u00e9t\u00e9es.<br>En juillet 40,&nbsp; \u00e0 la demande de Hanna sa m\u00e8re, ils rentrent \u00e0 Paris. Mais l\u2019arrestation soudaine d\u2019un oncle en 1941 allait changer le cours des \u00e9v\u00e9nements. Mendel devenu Maurice, son p\u00e8re Ha\u00efm, sa jeune s\u0153ur Chaja devenue H\u00e9l\u00e8ne et son conjoint Jacques Guechpentz, partent se r\u00e9fugier \u00e0 Lyon en zone libre.<br>Dora Uszerowicz les rejoindra et le mariage religieux sera c\u00e9l\u00e9br\u00e9 le 11 novembre 1941 pour les deux couples.<\/p>\n\n\n\n<p>(<em>De gauche \u00e0 droite : <\/em><em>H\u00e9l\u00e8ne et Jacques Guechpentz, Dora et Maurice Huberman, en 1941<\/em>)<\/p>\n<\/div><\/div>\n\n\n\n<div class=\"wp-block-media-text alignwide has-media-on-the-right is-stacked-on-mobile is-image-fill has-background\" style=\"background-color:#7495bc\"><div class=\"wp-block-media-text__content\">\n<p class=\"has-white-color has-text-color\">Ils vivent tous dans des conditions pr\u00e9caires jusqu\u2019en juillet 42 o\u00f9 Maurice, muni de faux-papiers, part avec Dora pour Tarbes. Il racontera plus tard qu\u2019il \u00e9vita dans cette ville de province les gros bisous et les \u00e9treintes car il lui arrivait de dire que Dora \u00e9tait sa petite s\u0153ur. Puis il travaillera \u00e0 l\u2019usine et enfin rejoint par Ha\u00efm le p\u00e8re, ils iront vivre \u00e0 Nice jusqu\u2019\u00e0 la fin de la guerre.<br>Ils n\u2019ont eu de cesse de faire venir la m\u00e8re de Maurice mais elle ne voulait pas quitter son appartement parisien. Elle se d\u00e9cida enfin apr\u00e8s avoir envoy\u00e9 ses valises et sa machine \u00e0 coudre, \u00e0 prendre un billet pour un train de nuit le 16 juillet 1942. Mais ce fut la rafle du Vel d\u2019Hiv le m\u00eame jour, elle fut arr\u00eat\u00e9e ce m\u00eame 16 juillet au matin puis d\u00e9port\u00e9e \u00e0 Auschwitz, sans retour.<\/p>\n\n\n\n<p class=\"has-text-align-right has-white-color has-text-color\"><em>(Dora et Maurice Huberman)<\/em><\/p>\n<\/div><figure class=\"wp-block-media-text__media\" style=\"background-image:url(https:\/\/aifonline.net\/wp-content\/uploads\/2023\/05\/Mendel-Huberman13-1024x1024.jpg);background-position:69% 32%\"><img decoding=\"async\" loading=\"lazy\" width=\"1024\" height=\"1024\" src=\"https:\/\/aifonline.net\/wp-content\/uploads\/2023\/05\/Mendel-Huberman13-1024x1024.jpg\" alt=\"\" class=\"wp-image-4214 size-full\" srcset=\"https:\/\/aifonline.net\/wp-content\/uploads\/2023\/05\/Mendel-Huberman13-1024x1024.jpg 1024w, https:\/\/aifonline.net\/wp-content\/uploads\/2023\/05\/Mendel-Huberman13-300x300.jpg 300w, https:\/\/aifonline.net\/wp-content\/uploads\/2023\/05\/Mendel-Huberman13-150x150.jpg 150w, https:\/\/aifonline.net\/wp-content\/uploads\/2023\/05\/Mendel-Huberman13-768x768.jpg 768w, https:\/\/aifonline.net\/wp-content\/uploads\/2023\/05\/Mendel-Huberman13-1536x1536.jpg 1536w, https:\/\/aifonline.net\/wp-content\/uploads\/2023\/05\/Mendel-Huberman13.jpg 1751w\" sizes=\"(max-width: 1024px) 100vw, 1024px\" \/><\/figure><\/div>\n\n\n\n<div class=\"wp-block-media-text alignwide is-stacked-on-mobile is-image-fill has-gray-color has-light-gray-background-color has-text-color has-background\"><figure class=\"wp-block-media-text__media\" style=\"background-image:url(https:\/\/aifonline.net\/wp-content\/uploads\/2023\/05\/Mendel-Huberman14-1024x684.jpg);background-position:43% 42%\"><img decoding=\"async\" loading=\"lazy\" width=\"1024\" height=\"684\" src=\"https:\/\/aifonline.net\/wp-content\/uploads\/2023\/05\/Mendel-Huberman14-1024x684.jpg\" alt=\"\" class=\"wp-image-4215 size-full\" srcset=\"https:\/\/aifonline.net\/wp-content\/uploads\/2023\/05\/Mendel-Huberman14-1024x684.jpg 1024w, https:\/\/aifonline.net\/wp-content\/uploads\/2023\/05\/Mendel-Huberman14-300x201.jpg 300w, https:\/\/aifonline.net\/wp-content\/uploads\/2023\/05\/Mendel-Huberman14-768x513.jpg 768w, https:\/\/aifonline.net\/wp-content\/uploads\/2023\/05\/Mendel-Huberman14-1536x1027.jpg 1536w, https:\/\/aifonline.net\/wp-content\/uploads\/2023\/05\/Mendel-Huberman14-2048x1369.jpg 2048w\" sizes=\"(max-width: 1024px) 100vw, 1024px\" \/><\/figure><div class=\"wp-block-media-text__content\">\n<p>Apr\u00e8s la guerre, les Huberman n\u2019ont pas pu r\u00e9cup\u00e9rer leur appartement, ils v\u00e9curent provisoirement chez d\u2019autres membres de la famille puis dans un studio et enfin un deux pi\u00e8ces \u00e0 Asni\u00e8res.<br>Deux enfants na\u00eetront, Jean-Pierre en 1946 et Evelyne en 1951.<br>Maurice a continu\u00e9 de travailler avec son p\u00e8re puis devint commer\u00e7ant, successivement \u00e0 Asni\u00e8res puis \u00e0 Etampes.<\/p>\n\n\n\n<p>(<em>Maurice Huberman dans son magasin de pr\u00eat-\u00e0-porter masculin \u00e0 Etampes<\/em>)<\/p>\n<\/div><\/div>\n\n\n\n<div class=\"wp-block-media-text alignwide has-media-on-the-right is-stacked-on-mobile is-image-fill has-white-color has-text-color has-background\" style=\"background-color:#7495bc\"><div class=\"wp-block-media-text__content\">\n<p>Son engagement communautaire fut celui d\u2019un militant au sein d\u2019une soci\u00e9t\u00e9 mutualiste, lesquelles \u00e9taient rest\u00e9es nombreuses \u00e0 Paris apr\u00e8s-guerre avec une vocation sociale tr\u00e8s importante. Il fut membre du Bureau de l\u2019une d\u2019entre elles, la sienne \u00e9tait les Isra\u00e9lites de Paris et la Solidarit\u00e9. Elle \u00e9tait pr\u00e9sid\u00e9e par David Kornicki et les amis ne manquaient pas dans cette Soci\u00e9t\u00e9. C\u2019est dans les ann\u00e9es 90 qu\u2019il prit la d\u00e9cision de convaincre ses amis Armand Kargeman, Jacques Gevertz et Srul Bielinski de prendre rendez-vous avec le Pr\u00e9sident d\u2019une autre soci\u00e9t\u00e9 mutualiste, plus importante en nombre, Les Amis Isra\u00e9lites de France, laquelle \u00e9tait pr\u00e9sid\u00e9e par le fr\u00e8re de son gendre. <\/p>\n\n\n\n<p class=\"has-text-align-right\"><em>(Maurice et Dora Huberman <\/em><em>au mariage de leur fille Evelyne avec Michel Kaminski en 1974)<\/em><\/p>\n<\/div><figure class=\"wp-block-media-text__media\" style=\"background-image:url(https:\/\/aifonline.net\/wp-content\/uploads\/2023\/05\/Mendel-Huberman15-717x1024.jpg);background-position:47% 14%\"><img decoding=\"async\" loading=\"lazy\" width=\"717\" height=\"1024\" src=\"https:\/\/aifonline.net\/wp-content\/uploads\/2023\/05\/Mendel-Huberman15-717x1024.jpg\" alt=\"\" class=\"wp-image-4216 size-full\" srcset=\"https:\/\/aifonline.net\/wp-content\/uploads\/2023\/05\/Mendel-Huberman15-717x1024.jpg 717w, https:\/\/aifonline.net\/wp-content\/uploads\/2023\/05\/Mendel-Huberman15-210x300.jpg 210w, https:\/\/aifonline.net\/wp-content\/uploads\/2023\/05\/Mendel-Huberman15-768x1096.jpg 768w, https:\/\/aifonline.net\/wp-content\/uploads\/2023\/05\/Mendel-Huberman15-1076x1536.jpg 1076w, https:\/\/aifonline.net\/wp-content\/uploads\/2023\/05\/Mendel-Huberman15.jpg 1401w\" sizes=\"(max-width: 717px) 100vw, 717px\" \/><\/figure><\/div>\n\n\n\n<div class=\"wp-block-media-text alignwide is-stacked-on-mobile is-image-fill has-gray-color has-light-gray-background-color has-text-color has-background\"><figure class=\"wp-block-media-text__media\" style=\"background-image:url(https:\/\/aifonline.net\/wp-content\/uploads\/2023\/05\/Mendel-Huberman3-798x1024.jpg);background-position:54% 19%\"><img decoding=\"async\" loading=\"lazy\" width=\"798\" height=\"1024\" src=\"https:\/\/aifonline.net\/wp-content\/uploads\/2023\/05\/Mendel-Huberman3-798x1024.jpg\" alt=\"\" class=\"wp-image-4179 size-full\" srcset=\"https:\/\/aifonline.net\/wp-content\/uploads\/2023\/05\/Mendel-Huberman3-798x1024.jpg 798w, https:\/\/aifonline.net\/wp-content\/uploads\/2023\/05\/Mendel-Huberman3-234x300.jpg 234w, https:\/\/aifonline.net\/wp-content\/uploads\/2023\/05\/Mendel-Huberman3-768x986.jpg 768w, https:\/\/aifonline.net\/wp-content\/uploads\/2023\/05\/Mendel-Huberman3-1197x1536.jpg 1197w, https:\/\/aifonline.net\/wp-content\/uploads\/2023\/05\/Mendel-Huberman3.jpg 1558w\" sizes=\"(max-width: 798px) 100vw, 798px\" \/><\/figure><div class=\"wp-block-media-text__content\">\n<p>Rendez-vous \u00e9tait pris au si\u00e8ge de la&nbsp;F\u00e9d\u00e9ration des Soci\u00e9t\u00e9s Juives de France qui se trouvait alors rue de la Folie-M\u00e9ricourt. Le pr\u00e9sident Kornicki fit les pr\u00e9sentations puis donna la parole \u00e0 Maurice Huberman qui alla \u00e0 l\u2019essentiel.<br><em>\u00ab&nbsp;Nous sommes les Isra\u00e9lites de Paris et nous souhaitons \u00eatre des Isra\u00e9lites de France<\/em>.&nbsp;\u00bb<br>Le ton \u00e9tait vite donn\u00e9, David Kornicki appuya cette demande d\u2019int\u00e9gration de cette petite soci\u00e9t\u00e9 dans une plus grande en nombre garantissant en quelque sorte une p\u00e9rennit\u00e9 recherch\u00e9e et chacun prit un engagement, l\u2019adh\u00e9sion de toute sa famille aux Amis Isra\u00e9lites de France. Ainsi Maurice Huberman y inscrira&nbsp;sa fille et son fils et bien plus tard cinq g\u00e9n\u00e9rations en seront membres. Il y aura la famille de sa belle-fille, les Himmelfarb, les Guechpentz de son beau-fr\u00e8re et Chaja Uszerowicz sa belle-s\u0153ur. Les Amis Isra\u00e9lites de France comptent encore des Kornicki et des Guechpentz, ses amis Kargeman et Bielinski auront un r\u00f4le social important dans la soci\u00e9t\u00e9.<\/p>\n\n\n\n<p>(<em>Maurice Huberman entour\u00e9 de ses enfants Jean-Pierre et Evelyne<\/em>)<\/p>\n<\/div><\/div>\n\n\n\n<div class=\"wp-block-media-text alignwide has-media-on-the-right is-stacked-on-mobile is-image-fill has-white-color has-text-color has-background\" style=\"background-color:#7495bc\"><div class=\"wp-block-media-text__content\">\n<p>On peut dire aujourd\u2019hui que l\u2019engagement de Maurice Huberman est en grande partie tenu. La r\u00e9union des familles, les liens qui lui tenaient tant \u00e0 c\u0153ur resteront solidement tiss\u00e9s. La Soci\u00e9t\u00e9, c\u2019\u00e9tait jadis tendance, organisait des grands bals et Maurice Huberman \u00e9tait tr\u00e8s remarqu\u00e9 car il lui arrivait souvent d\u2019ouvrir ces bals avec ses talents de danseur que ceux qui l\u2019ont bien connu ne peuvent oublier.<br>Maurice Huberman s\u2019est \u00e9teint le 8 f\u00e9vrier 2009, \u00e0 l\u2019\u00e2ge de 88 ans, entour\u00e9 des siens.&nbsp;<\/p>\n<\/div><figure class=\"wp-block-media-text__media\" style=\"background-image:url(https:\/\/aifonline.net\/wp-content\/uploads\/2023\/05\/Mendel-Huberman5-708x1024.jpg);background-position:40% 4%\"><img decoding=\"async\" loading=\"lazy\" width=\"708\" height=\"1024\" src=\"https:\/\/aifonline.net\/wp-content\/uploads\/2023\/05\/Mendel-Huberman5-708x1024.jpg\" alt=\"\" class=\"wp-image-4181 size-full\" srcset=\"https:\/\/aifonline.net\/wp-content\/uploads\/2023\/05\/Mendel-Huberman5-708x1024.jpg 708w, https:\/\/aifonline.net\/wp-content\/uploads\/2023\/05\/Mendel-Huberman5-207x300.jpg 207w, https:\/\/aifonline.net\/wp-content\/uploads\/2023\/05\/Mendel-Huberman5-768x1111.jpg 768w, https:\/\/aifonline.net\/wp-content\/uploads\/2023\/05\/Mendel-Huberman5-1062x1536.jpg 1062w, https:\/\/aifonline.net\/wp-content\/uploads\/2023\/05\/Mendel-Huberman5.jpg 1383w\" sizes=\"(max-width: 708px) 100vw, 708px\" \/><\/figure><\/div>\n\n\n\n<p><strong><em>Album de famille<br><\/em><\/strong>(Cliquez pour agrandir les photos)<\/p>\n\n\n\n<figure class=\"wp-block-gallery has-nested-images columns-default is-cropped wp-block-gallery-1 is-layout-flex wp-block-gallery-is-layout-flex\">\n<figure class=\"wp-block-image size-large\"><img decoding=\"async\" loading=\"lazy\" width=\"1024\" height=\"681\" data-id=\"4178\" src=\"https:\/\/aifonline.net\/wp-content\/uploads\/2023\/05\/Mendel-Huberman2-1024x681.jpg\" alt=\"\" class=\"wp-image-4178\" srcset=\"https:\/\/aifonline.net\/wp-content\/uploads\/2023\/05\/Mendel-Huberman2-1024x681.jpg 1024w, https:\/\/aifonline.net\/wp-content\/uploads\/2023\/05\/Mendel-Huberman2-300x200.jpg 300w, https:\/\/aifonline.net\/wp-content\/uploads\/2023\/05\/Mendel-Huberman2-768x511.jpg 768w, https:\/\/aifonline.net\/wp-content\/uploads\/2023\/05\/Mendel-Huberman2-1536x1022.jpg 1536w, https:\/\/aifonline.net\/wp-content\/uploads\/2023\/05\/Mendel-Huberman2.jpg 2000w\" sizes=\"(max-width: 1024px) 100vw, 1024px\" \/><figcaption class=\"wp-element-caption\">Maurice et Dora Huberman<\/figcaption><\/figure>\n\n\n\n<figure class=\"wp-block-image size-large\"><img decoding=\"async\" loading=\"lazy\" width=\"871\" height=\"1024\" data-id=\"4177\" src=\"https:\/\/aifonline.net\/wp-content\/uploads\/2023\/05\/Mendel-Huberman1-871x1024.jpg\" alt=\"\" class=\"wp-image-4177\" srcset=\"https:\/\/aifonline.net\/wp-content\/uploads\/2023\/05\/Mendel-Huberman1-871x1024.jpg 871w, https:\/\/aifonline.net\/wp-content\/uploads\/2023\/05\/Mendel-Huberman1-255x300.jpg 255w, https:\/\/aifonline.net\/wp-content\/uploads\/2023\/05\/Mendel-Huberman1-768x903.jpg 768w, https:\/\/aifonline.net\/wp-content\/uploads\/2023\/05\/Mendel-Huberman1.jpg 1124w\" sizes=\"(max-width: 871px) 100vw, 871px\" \/><figcaption class=\"wp-element-caption\">Maurice Huberman<\/figcaption><\/figure>\n\n\n\n<figure class=\"wp-block-image size-large\"><img decoding=\"async\" loading=\"lazy\" width=\"749\" height=\"1024\" data-id=\"4217\" src=\"https:\/\/aifonline.net\/wp-content\/uploads\/2023\/05\/Mendel-Huberman16-749x1024.jpg\" alt=\"\" class=\"wp-image-4217\" srcset=\"https:\/\/aifonline.net\/wp-content\/uploads\/2023\/05\/Mendel-Huberman16-749x1024.jpg 749w, https:\/\/aifonline.net\/wp-content\/uploads\/2023\/05\/Mendel-Huberman16-219x300.jpg 219w, https:\/\/aifonline.net\/wp-content\/uploads\/2023\/05\/Mendel-Huberman16-768x1051.jpg 768w, https:\/\/aifonline.net\/wp-content\/uploads\/2023\/05\/Mendel-Huberman16-1123x1536.jpg 1123w, https:\/\/aifonline.net\/wp-content\/uploads\/2023\/05\/Mendel-Huberman16.jpg 1462w\" sizes=\"(max-width: 749px) 100vw, 749px\" \/><figcaption class=\"wp-element-caption\">Maurice Huberman et deux de ses petits enfants, Emmanuelle et David<\/figcaption><\/figure>\n\n\n\n<figure class=\"wp-block-image size-large\"><img decoding=\"async\" loading=\"lazy\" width=\"1024\" height=\"682\" data-id=\"4184\" src=\"https:\/\/aifonline.net\/wp-content\/uploads\/2023\/05\/Mendel-Huberman8-1024x682.jpg\" alt=\"\" class=\"wp-image-4184\" srcset=\"https:\/\/aifonline.net\/wp-content\/uploads\/2023\/05\/Mendel-Huberman8-1024x682.jpg 1024w, https:\/\/aifonline.net\/wp-content\/uploads\/2023\/05\/Mendel-Huberman8-300x200.jpg 300w, https:\/\/aifonline.net\/wp-content\/uploads\/2023\/05\/Mendel-Huberman8-768x512.jpg 768w, https:\/\/aifonline.net\/wp-content\/uploads\/2023\/05\/Mendel-Huberman8-1536x1024.jpg 1536w, https:\/\/aifonline.net\/wp-content\/uploads\/2023\/05\/Mendel-Huberman8.jpg 2000w\" sizes=\"(max-width: 1024px) 100vw, 1024px\" \/><figcaption class=\"wp-element-caption\">Maurice Huberman et deux de ses petits enfants, Laura et David <\/figcaption><\/figure>\n\n\n\n<figure class=\"wp-block-image size-large\"><img decoding=\"async\" loading=\"lazy\" width=\"1024\" height=\"682\" data-id=\"4183\" src=\"https:\/\/aifonline.net\/wp-content\/uploads\/2023\/05\/Mendel-Huberman7-1024x682.jpg\" alt=\"\" class=\"wp-image-4183\" srcset=\"https:\/\/aifonline.net\/wp-content\/uploads\/2023\/05\/Mendel-Huberman7-1024x682.jpg 1024w, https:\/\/aifonline.net\/wp-content\/uploads\/2023\/05\/Mendel-Huberman7-300x200.jpg 300w, https:\/\/aifonline.net\/wp-content\/uploads\/2023\/05\/Mendel-Huberman7-768x512.jpg 768w, https:\/\/aifonline.net\/wp-content\/uploads\/2023\/05\/Mendel-Huberman7-1536x1024.jpg 1536w, https:\/\/aifonline.net\/wp-content\/uploads\/2023\/05\/Mendel-Huberman7.jpg 2000w\" sizes=\"(max-width: 1024px) 100vw, 1024px\" \/><figcaption class=\"wp-element-caption\">Maurice Huberman portant son petit fils Benjamin Kaminski<\/figcaption><\/figure>\n\n\n\n<figure class=\"wp-block-image size-large\"><img decoding=\"async\" loading=\"lazy\" width=\"1024\" height=\"903\" data-id=\"4180\" src=\"https:\/\/aifonline.net\/wp-content\/uploads\/2023\/05\/Mendel-Huberman4-1024x903.jpg\" alt=\"\" class=\"wp-image-4180\" srcset=\"https:\/\/aifonline.net\/wp-content\/uploads\/2023\/05\/Mendel-Huberman4-1024x903.jpg 1024w, https:\/\/aifonline.net\/wp-content\/uploads\/2023\/05\/Mendel-Huberman4-300x264.jpg 300w, https:\/\/aifonline.net\/wp-content\/uploads\/2023\/05\/Mendel-Huberman4-768x677.jpg 768w, https:\/\/aifonline.net\/wp-content\/uploads\/2023\/05\/Mendel-Huberman4-1536x1354.jpg 1536w, https:\/\/aifonline.net\/wp-content\/uploads\/2023\/05\/Mendel-Huberman4.jpg 2000w\" sizes=\"(max-width: 1024px) 100vw, 1024px\" \/><figcaption class=\"wp-element-caption\">Maurice Huberman lors de la Bar Mitzvah de son petit fils Benjamin Kaminski<\/figcaption><\/figure>\n<\/figure>\n","protected":false},"excerpt":{"rendered":"<p>Par les familles Huberman, Kaminski, Thibault-Guechpentz, ses proches Mendel Huberman naquit \u00e0 Varsovie le 18 septembre 1921. Il avait une<\/p>\n","protected":false},"author":1,"featured_media":0,"comment_status":"open","ping_status":"open","sticky":false,"template":"","format":"standard","meta":{"_mi_skip_tracking":false,"_exactmetrics_sitenote_active":false,"_exactmetrics_sitenote_note":"","_exactmetrics_sitenote_category":0,"footnotes":""},"categories":[1,84],"tags":[],"table_tags":[],"_links":{"self":[{"href":"https:\/\/aifonline.net\/index.php?rest_route=\/wp\/v2\/posts\/4175"}],"collection":[{"href":"https:\/\/aifonline.net\/index.php?rest_route=\/wp\/v2\/posts"}],"about":[{"href":"https:\/\/aifonline.net\/index.php?rest_route=\/wp\/v2\/types\/post"}],"author":[{"embeddable":true,"href":"https:\/\/aifonline.net\/index.php?rest_route=\/wp\/v2\/users\/1"}],"replies":[{"embeddable":true,"href":"https:\/\/aifonline.net\/index.php?rest_route=%2Fwp%2Fv2%2Fcomments&post=4175"}],"version-history":[{"count":51,"href":"https:\/\/aifonline.net\/index.php?rest_route=\/wp\/v2\/posts\/4175\/revisions"}],"predecessor-version":[{"id":4309,"href":"https:\/\/aifonline.net\/index.php?rest_route=\/wp\/v2\/posts\/4175\/revisions\/4309"}],"wp:attachment":[{"href":"https:\/\/aifonline.net\/index.php?rest_route=%2Fwp%2Fv2%2Fmedia&parent=4175"}],"wp:term":[{"taxonomy":"category","embeddable":true,"href":"https:\/\/aifonline.net\/index.php?rest_route=%2Fwp%2Fv2%2Fcategories&post=4175"},{"taxonomy":"post_tag","embeddable":true,"href":"https:\/\/aifonline.net\/index.php?rest_route=%2Fwp%2Fv2%2Ftags&post=4175"},{"taxonomy":"table_tags","embeddable":true,"href":"https:\/\/aifonline.net\/index.php?rest_route=%2Fwp%2Fv2%2Ftable_tags&post=4175"}],"curies":[{"name":"wp","href":"https:\/\/api.w.org\/{rel}","templated":true}]}}