{"id":4310,"date":"2023-07-03T11:17:00","date_gmt":"2023-07-03T09:17:00","guid":{"rendered":"http:\/\/aifonline.net\/?p=4310"},"modified":"2023-07-04T12:11:49","modified_gmt":"2023-07-04T10:11:49","slug":"le-saviez-vous-oberfeld-de-lodz-a-felicie-aussi","status":"publish","type":"post","link":"https:\/\/aifonline.net\/?p=4310","title":{"rendered":"Le saviez-vous : Oberfeld, de Lodz \u00e0 F\u00e9licie aussi"},"content":{"rendered":"\n<p><strong><em>Par Annie Banon<\/em><\/strong><\/p>\n\n\n\n<p>Casimir Kazimierz Oberfeld naquit \u00e0 Lodz en Pologne en 1903.<br>C&#8217;est lui qui eut ce talent d&#8217;offrir au public fran\u00e7ais les plus belles op\u00e9rettes et des m\u00e9lodies qui ont fait le succ\u00e8s d&#8217;Arletty, de Mistinguett et de Maurice Chevalier avec Paris sera toujours Paris.<br>L&#8217;op\u00e9rette le Margotton du bataillon fit l&#8217;objet d&#8217;un vulgaire plagiat par les artistes inf\u00e9od\u00e9s au r\u00e9gime de Vichy pour fabriquer Mar\u00e9chal nous voil\u00e0.<br>Oberfeld fut priv\u00e9 de tout droit de la Sacem parce que juif.<br>Le compositeur de &#8220;F\u00e9licie aussi&#8221; sera d\u00e9port\u00e9 \u00e0 Auschwitz, il succombera lors de la marche de la mort.&nbsp;<br>Apr\u00e8s la guerre, Fernandel, tr\u00e8s affect\u00e9, refusera pendant quelques ann\u00e9es de chanter F\u00e9licie aussi&nbsp;<\/p>\n","protected":false},"excerpt":{"rendered":"<p>Par Annie Banon Casimir Kazimierz Oberfeld naquit \u00e0 Lodz en Pologne en 1903.C&#8217;est lui qui eut ce talent d&#8217;offrir au<\/p>\n","protected":false},"author":1,"featured_media":0,"comment_status":"open","ping_status":"open","sticky":false,"template":"","format":"standard","meta":{"_mi_skip_tracking":false,"_exactmetrics_sitenote_active":false,"_exactmetrics_sitenote_note":"","_exactmetrics_sitenote_category":0,"footnotes":""},"categories":[77,1],"tags":[],"table_tags":[],"_links":{"self":[{"href":"https:\/\/aifonline.net\/index.php?rest_route=\/wp\/v2\/posts\/4310"}],"collection":[{"href":"https:\/\/aifonline.net\/index.php?rest_route=\/wp\/v2\/posts"}],"about":[{"href":"https:\/\/aifonline.net\/index.php?rest_route=\/wp\/v2\/types\/post"}],"author":[{"embeddable":true,"href":"https:\/\/aifonline.net\/index.php?rest_route=\/wp\/v2\/users\/1"}],"replies":[{"embeddable":true,"href":"https:\/\/aifonline.net\/index.php?rest_route=%2Fwp%2Fv2%2Fcomments&post=4310"}],"version-history":[{"count":4,"href":"https:\/\/aifonline.net\/index.php?rest_route=\/wp\/v2\/posts\/4310\/revisions"}],"predecessor-version":[{"id":4471,"href":"https:\/\/aifonline.net\/index.php?rest_route=\/wp\/v2\/posts\/4310\/revisions\/4471"}],"wp:attachment":[{"href":"https:\/\/aifonline.net\/index.php?rest_route=%2Fwp%2Fv2%2Fmedia&parent=4310"}],"wp:term":[{"taxonomy":"category","embeddable":true,"href":"https:\/\/aifonline.net\/index.php?rest_route=%2Fwp%2Fv2%2Fcategories&post=4310"},{"taxonomy":"post_tag","embeddable":true,"href":"https:\/\/aifonline.net\/index.php?rest_route=%2Fwp%2Fv2%2Ftags&post=4310"},{"taxonomy":"table_tags","embeddable":true,"href":"https:\/\/aifonline.net\/index.php?rest_route=%2Fwp%2Fv2%2Ftable_tags&post=4310"}],"curies":[{"name":"wp","href":"https:\/\/api.w.org\/{rel}","templated":true}]}}