{"id":4343,"date":"2023-06-22T15:43:27","date_gmt":"2023-06-22T13:43:27","guid":{"rendered":"http:\/\/aifonline.net\/?p=4343"},"modified":"2023-06-22T19:52:14","modified_gmt":"2023-06-22T17:52:14","slug":"carnet-simon-cohen-champion-de-france-en-trampoline","status":"publish","type":"post","link":"https:\/\/aifonline.net\/?p=4343","title":{"rendered":"Carnet : Simon Cohen champion de France de trampoline"},"content":{"rendered":"\n<p>Notre jeune soci\u00e9taire Simon Cohen, 12 ans, petit-fils de notre tr\u00e9sorier Michel Kaminski, n&#8217;a pas le vertige&#8230; En mai dernier il a \u00e9t\u00e9 sacr\u00e9 Champion de France Elite de Trampoline pour l&#8217;ann\u00e9e 2023 ! F\u00e9licitations !<\/p>\n\n\n<div class=\"wp-block-image\">\n<figure class=\"aligncenter size-large is-resized\"><img decoding=\"async\" loading=\"lazy\" src=\"https:\/\/aifonline.net\/wp-content\/uploads\/2023\/06\/722f4fd3-14ba-4219-b208-bb937127e239-768x1024.jpg\" alt=\"\" class=\"wp-image-4346\" width=\"384\" height=\"512\" srcset=\"https:\/\/aifonline.net\/wp-content\/uploads\/2023\/06\/722f4fd3-14ba-4219-b208-bb937127e239-768x1024.jpg 768w, https:\/\/aifonline.net\/wp-content\/uploads\/2023\/06\/722f4fd3-14ba-4219-b208-bb937127e239-225x300.jpg 225w, https:\/\/aifonline.net\/wp-content\/uploads\/2023\/06\/722f4fd3-14ba-4219-b208-bb937127e239-1152x1536.jpg 1152w, https:\/\/aifonline.net\/wp-content\/uploads\/2023\/06\/722f4fd3-14ba-4219-b208-bb937127e239.jpg 1200w\" sizes=\"(max-width: 384px) 100vw, 384px\" \/><figcaption class=\"wp-element-caption\">Simon Cohen, champion de France Elite de trampoline 2023<\/figcaption><\/figure><\/div>\n\n\n<p>Cela ne s&#8217;arr\u00eate pas l\u00e0 puisqu&#8217;Il est s\u00e9lectionn\u00e9 aux championnats du monde junior qui auront lieu en novembre 2023 \u00e0 Birmingham. Ils seront deux \u00e0 repr\u00e9senter la France dans la cat\u00e9gorie des 11\/12 ans, en individuel et en synchro. Bonne chance Simon !<\/p>\n\n\n<div class=\"wp-block-image\">\n<figure class=\"aligncenter size-large is-resized\"><img decoding=\"async\" loading=\"lazy\" src=\"https:\/\/aifonline.net\/wp-content\/uploads\/2023\/06\/52951084358_0d64fbce4d_o-1024x683.jpg\" alt=\"\" class=\"wp-image-4348\" width=\"512\" height=\"342\" srcset=\"https:\/\/aifonline.net\/wp-content\/uploads\/2023\/06\/52951084358_0d64fbce4d_o-1024x683.jpg 1024w, https:\/\/aifonline.net\/wp-content\/uploads\/2023\/06\/52951084358_0d64fbce4d_o-300x200.jpg 300w, https:\/\/aifonline.net\/wp-content\/uploads\/2023\/06\/52951084358_0d64fbce4d_o-768x512.jpg 768w, https:\/\/aifonline.net\/wp-content\/uploads\/2023\/06\/52951084358_0d64fbce4d_o-1536x1024.jpg 1536w, https:\/\/aifonline.net\/wp-content\/uploads\/2023\/06\/52951084358_0d64fbce4d_o-2048x1365.jpg 2048w\" sizes=\"(max-width: 512px) 100vw, 512px\" \/><figcaption class=\"wp-element-caption\">Simon Cohen, champion de France Elite de trampoline 2023<\/figcaption><\/figure><\/div>\n\n<div style=\"width: 352px;\" class=\"wp-video\"><!--[if lt IE 9]><script>document.createElement('video');<\/script><![endif]-->\n<video class=\"wp-video-shortcode\" id=\"video-4343-1\" width=\"352\" height=\"640\" preload=\"metadata\" controls=\"controls\"><source type=\"video\/mp4\" src=\"https:\/\/aifonline.net\/wp-content\/uploads\/2023\/06\/8d7b7d4f-5b22-4d6d-9354-8e4965a104e1.mp4?_=1\" \/><a href=\"https:\/\/aifonline.net\/wp-content\/uploads\/2023\/06\/8d7b7d4f-5b22-4d6d-9354-8e4965a104e1.mp4\">https:\/\/aifonline.net\/wp-content\/uploads\/2023\/06\/8d7b7d4f-5b22-4d6d-9354-8e4965a104e1.mp4<\/a><\/video><\/div>","protected":false},"excerpt":{"rendered":"<p>Notre jeune soci\u00e9taire Simon Cohen, 12 ans, petit-fils de notre tr\u00e9sorier Michel Kaminski, n&#8217;a pas le vertige&#8230; En mai dernier<\/p>\n","protected":false},"author":1,"featured_media":0,"comment_status":"open","ping_status":"open","sticky":false,"template":"","format":"standard","meta":{"_mi_skip_tracking":false,"_exactmetrics_sitenote_active":false,"_exactmetrics_sitenote_note":"","_exactmetrics_sitenote_category":0,"footnotes":""},"categories":[5,70],"tags":[],"table_tags":[],"_links":{"self":[{"href":"https:\/\/aifonline.net\/index.php?rest_route=\/wp\/v2\/posts\/4343"}],"collection":[{"href":"https:\/\/aifonline.net\/index.php?rest_route=\/wp\/v2\/posts"}],"about":[{"href":"https:\/\/aifonline.net\/index.php?rest_route=\/wp\/v2\/types\/post"}],"author":[{"embeddable":true,"href":"https:\/\/aifonline.net\/index.php?rest_route=\/wp\/v2\/users\/1"}],"replies":[{"embeddable":true,"href":"https:\/\/aifonline.net\/index.php?rest_route=%2Fwp%2Fv2%2Fcomments&post=4343"}],"version-history":[{"count":20,"href":"https:\/\/aifonline.net\/index.php?rest_route=\/wp\/v2\/posts\/4343\/revisions"}],"predecessor-version":[{"id":4371,"href":"https:\/\/aifonline.net\/index.php?rest_route=\/wp\/v2\/posts\/4343\/revisions\/4371"}],"wp:attachment":[{"href":"https:\/\/aifonline.net\/index.php?rest_route=%2Fwp%2Fv2%2Fmedia&parent=4343"}],"wp:term":[{"taxonomy":"category","embeddable":true,"href":"https:\/\/aifonline.net\/index.php?rest_route=%2Fwp%2Fv2%2Fcategories&post=4343"},{"taxonomy":"post_tag","embeddable":true,"href":"https:\/\/aifonline.net\/index.php?rest_route=%2Fwp%2Fv2%2Ftags&post=4343"},{"taxonomy":"table_tags","embeddable":true,"href":"https:\/\/aifonline.net\/index.php?rest_route=%2Fwp%2Fv2%2Ftable_tags&post=4343"}],"curies":[{"name":"wp","href":"https:\/\/api.w.org\/{rel}","templated":true}]}}